{"id":10019,"date":"2010-04-21T21:42:35","date_gmt":"2010-04-21T21:42:35","guid":{"rendered":"http:\/\/opatriota.org\/?p=10019"},"modified":"2022-02-15T03:26:28","modified_gmt":"2022-02-15T03:26:28","slug":"jovem-e-expulsa-de-escola-na-espanha-por-usar-veu-islamico","status":"publish","type":"post","link":"https:\/\/antonini.psc.br\/?p=10019","title":{"rendered":"Jovem \u00e9 expulsa de escola na Espanha por usar v\u00e9u isl\u00e2mico"},"content":{"rendered":"<p style=\"text-align: justify;\">Isso j\u00e1 \u00e9 abuso e sendo a Espanha considerada um pa\u00eds de primeiro mundo \u00e9 mais escandaloso ainda. \u00c9 um direito inalien\u00e1vel dessa jovem ser mu\u00e7ulmana. Isso ningu\u00e9m pode tolher-lhe e expuls\u00e1-la por causa do uso de um v\u00e9u, \u00e9 infringir o direito mais sagrado da liberdade de cren\u00e7a. Meu rep\u00fadio \u00e0 Espanha. Leia <a href=\"http:\/\/noticias.uol.com.br\/ultimas-noticias\/afp\/2010\/04\/21\/jovem-e-expulsa-de-escola-na-espanha-por-usar-veu-islamico.jhtm\" target=\"_blank\" rel=\"noopener noreferrer\">aqui<\/a><\/p>\n<p style=\"text-align: center;\">\n","protected":false},"excerpt":{"rendered":"<p>Isso j\u00e1 \u00e9 abuso e sendo a Espanha considerada um pa\u00eds de primeiro mundo \u00e9 mais escandaloso ainda. \u00c9 um direito inalien\u00e1vel dessa jovem ser mu\u00e7ulmana. Isso ningu\u00e9m pode tolher-lhe e expuls\u00e1-la por causa do uso de um v\u00e9u, \u00e9 infringir o direito mais sagrado da liberdade de cren\u00e7a. Meu rep\u00fadio \u00e0 Espanha. Leia aqui<\/p>\n","protected":false},"author":1,"featured_media":0,"comment_status":"open","ping_status":"open","sticky":false,"template":"","format":"standard","meta":{"footnotes":""},"categories":[27],"tags":[],"class_list":["post-10019","post","type-post","status-publish","format-standard","hentry","category-noticias"],"_links":{"self":[{"href":"https:\/\/antonini.psc.br\/index.php?rest_route=\/wp\/v2\/posts\/10019","targetHints":{"allow":["GET"]}}],"collection":[{"href":"https:\/\/antonini.psc.br\/index.php?rest_route=\/wp\/v2\/posts"}],"about":[{"href":"https:\/\/antonini.psc.br\/index.php?rest_route=\/wp\/v2\/types\/post"}],"author":[{"embeddable":true,"href":"https:\/\/antonini.psc.br\/index.php?rest_route=\/wp\/v2\/users\/1"}],"replies":[{"embeddable":true,"href":"https:\/\/antonini.psc.br\/index.php?rest_route=%2Fwp%2Fv2%2Fcomments&post=10019"}],"version-history":[{"count":1,"href":"https:\/\/antonini.psc.br\/index.php?rest_route=\/wp\/v2\/posts\/10019\/revisions"}],"predecessor-version":[{"id":27793,"href":"https:\/\/antonini.psc.br\/index.php?rest_route=\/wp\/v2\/posts\/10019\/revisions\/27793"}],"wp:attachment":[{"href":"https:\/\/antonini.psc.br\/index.php?rest_route=%2Fwp%2Fv2%2Fmedia&parent=10019"}],"wp:term":[{"taxonomy":"category","embeddable":true,"href":"https:\/\/antonini.psc.br\/index.php?rest_route=%2Fwp%2Fv2%2Fcategories&post=10019"},{"taxonomy":"post_tag","embeddable":true,"href":"https:\/\/antonini.psc.br\/index.php?rest_route=%2Fwp%2Fv2%2Ftags&post=10019"}],"curies":[{"name":"wp","href":"https:\/\/api.w.org\/{rel}","templated":true}]}}