{"id":10089,"date":"2010-04-29T10:58:06","date_gmt":"2010-04-29T10:58:06","guid":{"rendered":"http:\/\/opatriota.org\/?p=10089"},"modified":"2022-02-15T03:26:27","modified_gmt":"2022-02-15T03:26:27","slug":"hp-compra-a-palm-por-12-bilhao-de-dolares","status":"publish","type":"post","link":"https:\/\/antonini.psc.br\/?p=10089","title":{"rendered":"HP compra a Palm por 1,2 bilh\u00e3o de d\u00f3lares"},"content":{"rendered":"<p style=\"text-align: justify;\">Empresa pretende expandir sua estrat\u00e9gia de mobilidade com a aquisi\u00e7\u00e3o.<!--more--><\/p>\n<p style=\"text-align: justify;\">A HP anunciou hoje (28\/4) a aquisi\u00e7\u00e3o da fabricante de smartphones  Palm pelo pre\u00e7o de 5,7 d\u00f3lares por a\u00e7\u00e3o, ou 1,2 bilh\u00e3o de d\u00f3lares. A transa\u00e7\u00e3o j\u00e1 foi aprovada pela dire\u00e7\u00e3o das duas companhias.<\/p>\n<p style=\"text-align: justify;\">O vice-presidente executivo da HP, Todd Bradley, disse em nota oficial que a plataforma da Palm \u00e9 a ideal para que a HP expanda sua estrat\u00e9gia de mobilidade e crie uma experi\u00eancia de converg\u00eancia entre dispositivos conectados.<\/p>\n<p style=\"text-align: justify;\">Na mesma nota, o CEO da Palm, Jon Rubinstein, afirmou que as  caracter\u00edsticas da HP v\u00e3o acelerar o crescimento do sistema operacional  Palm webOS, assim como os produtos da companhia.<\/p>\n<p style=\"text-align: justify;\">A finaliza\u00e7\u00e3o da  negocia\u00e7\u00e3o ainda est\u00e1 sujeita a aprova\u00e7\u00f5es regulat\u00f3rias e de  acionaistas da Palm. A expectativa \u00e9 de que a transa\u00e7\u00e3o seja completada  at\u00e9 31 de julho.<\/p>\n<p style=\"text-align: justify;\">O CEO Jon Rubinstein deve permanecer \u00e0 frente  das opera\u00e7\u00f5es relacionadas \u00e0 Palm.<\/p>\n<p style=\"text-align: center;\">[<a href=\"javascript:history.go(-1)\">Voltar<\/a>]<\/p>\n","protected":false},"excerpt":{"rendered":"<p>Empresa pretende expandir sua estrat\u00e9gia de mobilidade com a aquisi\u00e7\u00e3o.<\/p>\n","protected":false},"author":1,"featured_media":0,"comment_status":"open","ping_status":"open","sticky":false,"template":"","format":"standard","meta":{"footnotes":""},"categories":[24],"tags":[],"class_list":["post-10089","post","type-post","status-publish","format-standard","hentry","category-informatica"],"_links":{"self":[{"href":"https:\/\/antonini.psc.br\/index.php?rest_route=\/wp\/v2\/posts\/10089","targetHints":{"allow":["GET"]}}],"collection":[{"href":"https:\/\/antonini.psc.br\/index.php?rest_route=\/wp\/v2\/posts"}],"about":[{"href":"https:\/\/antonini.psc.br\/index.php?rest_route=\/wp\/v2\/types\/post"}],"author":[{"embeddable":true,"href":"https:\/\/antonini.psc.br\/index.php?rest_route=\/wp\/v2\/users\/1"}],"replies":[{"embeddable":true,"href":"https:\/\/antonini.psc.br\/index.php?rest_route=%2Fwp%2Fv2%2Fcomments&post=10089"}],"version-history":[{"count":1,"href":"https:\/\/antonini.psc.br\/index.php?rest_route=\/wp\/v2\/posts\/10089\/revisions"}],"predecessor-version":[{"id":27789,"href":"https:\/\/antonini.psc.br\/index.php?rest_route=\/wp\/v2\/posts\/10089\/revisions\/27789"}],"wp:attachment":[{"href":"https:\/\/antonini.psc.br\/index.php?rest_route=%2Fwp%2Fv2%2Fmedia&parent=10089"}],"wp:term":[{"taxonomy":"category","embeddable":true,"href":"https:\/\/antonini.psc.br\/index.php?rest_route=%2Fwp%2Fv2%2Fcategories&post=10089"},{"taxonomy":"post_tag","embeddable":true,"href":"https:\/\/antonini.psc.br\/index.php?rest_route=%2Fwp%2Fv2%2Ftags&post=10089"}],"curies":[{"name":"wp","href":"https:\/\/api.w.org\/{rel}","templated":true}]}}