{"id":10152,"date":"2010-05-07T17:43:23","date_gmt":"2010-05-07T17:43:23","guid":{"rendered":"http:\/\/opatriota.org\/?p=10152"},"modified":"2022-02-15T03:26:27","modified_gmt":"2022-02-15T03:26:27","slug":"as-licoes-da-deepwater","status":"publish","type":"post","link":"https:\/\/antonini.psc.br\/?p=10152","title":{"rendered":"As li\u00e7\u00f5es da Deepwater"},"content":{"rendered":"<p style=\"text-align: justify;\">Quem nos protege?<!--more--><\/p>\n<p style=\"text-align: justify;\">O acidente com a plataforma oce\u00e2nica Deepwater de propriedade da todo-poderosa British Petroleum America, ocorrido no dia 23 do m\u00eas passado, p\u00f5e a nu uma s\u00e9rie de quest\u00f5es a serem respondidas.<\/p>\n<p style=\"text-align: justify;\">Apenas para recapitular, o acidente que ocorreu primeiramente com a explos\u00e3o da plataforma, que causou a morte de onze operadores, seguida de afundamento, talvez tenha sido um dos maiores de que se tem not\u00edcia, s\u00f3 compar\u00e1vel ao do petroleiro \u201cExxon Valdez\u201d que foi a pique em 1.989.<\/p>\n<p style=\"text-align: justify;\">N\u00e3o temos elementos para fazer tal compara\u00e7\u00e3o, por\u00e9m nem a Casa Branca no in\u00edcio deu-se conta da gravidade, daquela que seria catalogada como uma verdadeira cat\u00e1strofe.<\/p>\n<p style=\"text-align: justify;\">O presidente Obama s\u00f3 deslocou-se para a \u00e1rea no domingo (02\/05), quando aparentemente o Departamento de Estado j\u00e1 tinha reavaliado a situa\u00e7\u00e3o real.<\/p>\n<p style=\"text-align: justify;\">O \u00f3leo vazou em propor\u00e7\u00f5es incalcul\u00e1veis atingindo as costas de quatro estados americanos, amea\u00e7ando chegar \u00e0 Am\u00e9rica Central e Caribe e at\u00e9 o norte sul americano.<\/p>\n<p style=\"text-align: justify;\">A riqu\u00edssima diversidade biol\u00f3gica de uma extensa \u00e1rea ficou definitivamente prejudicada, exigindo-se longos anos para sua recupera\u00e7\u00e3o, se tal for poss\u00edvel. Assim, n\u00e3o bastam as promessas da BPA de apenas reparar os danos causados com os trabalhos de conten\u00e7\u00e3o e elimina\u00e7\u00e3o do \u00f3leo que vazou, pois o estrago feito ao meio ambiente e \u00e0 ecologia j\u00e1 est\u00e3o consumados e s\u00e3o irrevers\u00edveis.<\/p>\n<p style=\"text-align: justify;\">As perguntas que devem estar na cabe\u00e7a de todo mundo e que nos deixam um tanto pessimistas com a possibilidade de novas trag\u00e9dias repetirem-se, dizem respeito \u00e0 capacidade dos Estados Unidos reagirem prontamente a este tipo de ocorr\u00eancia e o preparo tecnol\u00f3gico da gigante BPA para lacrar po\u00e7os que apresentem riscos.<\/p>\n<p style=\"text-align: justify;\">Ambos falharam, demonstrando que h\u00e1 muito caminho a ser andado. Os poderosos sat\u00e9lites americanos capazes de achar uma agulha num monte de feno n\u00e3o foram capazes de detectar um gigantesco vazamento de \u00f3leo que ocorria debaixo de seus narizes; e, a British Petroleum America com toda a tecnologia para encontrar e extrair petr\u00f3leo no subsolo marinho, n\u00e3o desenvolveu ainda uma simples v\u00e1lvula para lacrar um po\u00e7o que apresente problemas.<\/p>\n<p style=\"text-align: justify;\">O Congresso americano dever\u00e1 formar urgentemente uma comiss\u00e3o para apurar responsabilidades e propor puni\u00e7\u00f5es exemplares.<\/p>\n<p style=\"text-align: justify;\">Bem ao sul do Equador, um pa\u00eds chamado Brasil, prepara-se para uma aventura perigosa: sem ainda ter tecnologia suficiente, pretende explorar petr\u00f3leo na camada do pr\u00e9-sal, localizada a mais de sete mil metros de profundidade.<\/p>\n<p style=\"text-align: justify;\">Evidente, que esta id\u00e9ia ainda est\u00e1 no campo das conjecturas, mas s\u00f3 em pensar num eventual acidente nesses po\u00e7os superprofundos, antev\u00ea-se a propor\u00e7\u00e3o do desastre, com potencial de deixar as costas brasileiras negras de \u00f3leo.<\/p>\n<p style=\"text-align: justify;\">Se algo n\u00e3o for feito com urg\u00eancia, para regulamentar a explora\u00e7\u00e3o do subsolo, para responsabilizar os causadores de danos ambientais, que causam preju\u00edzo a toda humanidade, o futuro astronauta americano a caminho de marte, talvez, plagiando o cosmonauta Aldrin, dir\u00e1 \u201cque maravilha, ela (a Terra) ao inv\u00e9s de azul, \u00e9 cinza-escuro da cor do petr\u00f3leo, pena que seu futuro seja negro\u201d.<\/p>\n<p style=\"text-align: justify;\"><strong>Luiz Bosco Sardinha Machado<\/strong><\/p>\n<p style=\"text-align: center;\">[<a href=\"javascript:history.go(-1)\">Voltar<\/a>]<\/p>\n","protected":false},"excerpt":{"rendered":"<p>Quem nos protege?<\/p>\n","protected":false},"author":1,"featured_media":0,"comment_status":"open","ping_status":"open","sticky":false,"template":"","format":"standard","meta":{"footnotes":""},"categories":[27],"tags":[],"class_list":["post-10152","post","type-post","status-publish","format-standard","hentry","category-noticias"],"_links":{"self":[{"href":"https:\/\/antonini.psc.br\/index.php?rest_route=\/wp\/v2\/posts\/10152","targetHints":{"allow":["GET"]}}],"collection":[{"href":"https:\/\/antonini.psc.br\/index.php?rest_route=\/wp\/v2\/posts"}],"about":[{"href":"https:\/\/antonini.psc.br\/index.php?rest_route=\/wp\/v2\/types\/post"}],"author":[{"embeddable":true,"href":"https:\/\/antonini.psc.br\/index.php?rest_route=\/wp\/v2\/users\/1"}],"replies":[{"embeddable":true,"href":"https:\/\/antonini.psc.br\/index.php?rest_route=%2Fwp%2Fv2%2Fcomments&post=10152"}],"version-history":[{"count":1,"href":"https:\/\/antonini.psc.br\/index.php?rest_route=\/wp\/v2\/posts\/10152\/revisions"}],"predecessor-version":[{"id":27284,"href":"https:\/\/antonini.psc.br\/index.php?rest_route=\/wp\/v2\/posts\/10152\/revisions\/27284"}],"wp:attachment":[{"href":"https:\/\/antonini.psc.br\/index.php?rest_route=%2Fwp%2Fv2%2Fmedia&parent=10152"}],"wp:term":[{"taxonomy":"category","embeddable":true,"href":"https:\/\/antonini.psc.br\/index.php?rest_route=%2Fwp%2Fv2%2Fcategories&post=10152"},{"taxonomy":"post_tag","embeddable":true,"href":"https:\/\/antonini.psc.br\/index.php?rest_route=%2Fwp%2Fv2%2Ftags&post=10152"}],"curies":[{"name":"wp","href":"https:\/\/api.w.org\/{rel}","templated":true}]}}