{"id":1016,"date":"2008-12-10T23:20:29","date_gmt":"2008-12-11T02:20:29","guid":{"rendered":"http:\/\/www.antonini.med.br\/blog\/?p=1012"},"modified":"2022-02-15T03:29:56","modified_gmt":"2022-02-15T03:29:56","slug":"astronomos-vao-inserir-um-segundo-extra-no-ano-de-2008","status":"publish","type":"post","link":"https:\/\/antonini.psc.br\/?p=1016","title":{"rendered":"Astr\u00f4nomos v\u00e3o inserir um segundo extra no ano de 2008"},"content":{"rendered":"<p style=\"text-align: justify;\">Na madrugada do pr\u00f3ximo dia 1\u00ba de janeiro, quando fogos de artif\u00edcio estiverem clareando o c\u00e9u, a noite ser\u00e1 mais longa. Um segundo mais longa, para ser preciso, segundo o cons\u00f3rcio internacional que administra o TUC (Tempo Universal Coordenado).<!--more--><\/p>\n<p style=\"text-align: justify;\">da <strong>Folha de S.Paulo<\/strong><\/p>\n<p style=\"text-align: justify;\">Na madrugada do pr\u00f3ximo dia 1\u00ba de janeiro, quando fogos de artif\u00edcio estiverem clareando o c\u00e9u, a noite ser\u00e1 mais longa. Um segundo mais longa, para ser preciso, segundo o cons\u00f3rcio internacional que administra o TUC (Tempo Universal Coordenado).<\/p>\n<p style=\"text-align: justify;\">O segundo extra n\u00e3o ser\u00e1 al\u00edvio para quem precisar de tempo para se recuperar de uma ressaca, mas \u00e9 necess\u00e1rio para coordenar sistemas de informa\u00e7\u00e3o que requerem grande precis\u00e3o, como o sistema de localiza\u00e7\u00e3o GPS e o protocolo NTP (a hora unificada da internet).<\/p>\n<p style=\"text-align: justify;\">A decis\u00e3o de tornar 2008 um segundo mais longo foi confirmada agora pelo Observat\u00f3rio Naval dos EUA, uma das entidades integrantes do Iers (Servi\u00e7o Internacional de Rota\u00e7\u00e3o da Terra e Refer\u00eancia de Sistemas).<\/p>\n<p style=\"text-align: justify;\">A necessidade de adicionar tempo \u00e0 dura\u00e7\u00e3o oficial do dia 31 \u00e9 coordenar os dois sistemas de medida cronol\u00f3gica que existem hoje. Um leva em conta a rota\u00e7\u00e3o da Terra e outro toma como base rel\u00f3gios at\u00f4micos, muito precisos. O problema \u00e9 que a rota\u00e7\u00e3o da Terra est\u00e1 reduzindo de maneira extremamente sutil, e com o passar dos anos as horas at\u00f4mica e terrestre saem de sincronia.<\/p>\n<p style=\"text-align: justify;\">Desde 1972, quando foi criado o TUC, segundos extras foram adicionados ao tempo at\u00f4mico v\u00e1rias vezes para que o descompasso entre os dois rel\u00f3gios nunca fosse maior que um segundo. A \u00faltima vez foi em 2005.<\/p>\n<p style=\"text-align: justify;\">O ano de 2008, por\u00e9m, ser\u00e1 o mais longo desde 1992, a \u00faltima vez que um ano bissexto ganhou ainda um segundo extra. Sistemas que est\u00e3o em sincronia com o Escrit\u00f3rio Internacional de Pesos e Medidas, em Paris, o administrador do UTC, n\u00e3o precisam acertar o ponteiro &#8220;manualmente&#8221;, pois rel\u00f3gios at\u00f4micos cadastrados na entidade transmitir\u00e3o a informa\u00e7\u00e3o automaticamente.<\/p>\n","protected":false},"excerpt":{"rendered":"<p>Na madrugada do pr\u00f3ximo dia 1\u00ba de janeiro, quando fogos de artif\u00edcio estiverem clareando o c\u00e9u, a noite ser\u00e1 mais longa. Um segundo mais longa, para ser preciso, segundo o cons\u00f3rcio internacional que administra o TUC (Tempo Universal Coordenado).<\/p>\n","protected":false},"author":1,"featured_media":0,"comment_status":"open","ping_status":"open","sticky":false,"template":"","format":"standard","meta":{"footnotes":""},"categories":[27],"tags":[],"class_list":["post-1016","post","type-post","status-publish","format-standard","hentry","category-noticias"],"_links":{"self":[{"href":"https:\/\/antonini.psc.br\/index.php?rest_route=\/wp\/v2\/posts\/1016","targetHints":{"allow":["GET"]}}],"collection":[{"href":"https:\/\/antonini.psc.br\/index.php?rest_route=\/wp\/v2\/posts"}],"about":[{"href":"https:\/\/antonini.psc.br\/index.php?rest_route=\/wp\/v2\/types\/post"}],"author":[{"embeddable":true,"href":"https:\/\/antonini.psc.br\/index.php?rest_route=\/wp\/v2\/users\/1"}],"replies":[{"embeddable":true,"href":"https:\/\/antonini.psc.br\/index.php?rest_route=%2Fwp%2Fv2%2Fcomments&post=1016"}],"version-history":[{"count":1,"href":"https:\/\/antonini.psc.br\/index.php?rest_route=\/wp\/v2\/posts\/1016\/revisions"}],"predecessor-version":[{"id":28109,"href":"https:\/\/antonini.psc.br\/index.php?rest_route=\/wp\/v2\/posts\/1016\/revisions\/28109"}],"wp:attachment":[{"href":"https:\/\/antonini.psc.br\/index.php?rest_route=%2Fwp%2Fv2%2Fmedia&parent=1016"}],"wp:term":[{"taxonomy":"category","embeddable":true,"href":"https:\/\/antonini.psc.br\/index.php?rest_route=%2Fwp%2Fv2%2Fcategories&post=1016"},{"taxonomy":"post_tag","embeddable":true,"href":"https:\/\/antonini.psc.br\/index.php?rest_route=%2Fwp%2Fv2%2Ftags&post=1016"}],"curies":[{"name":"wp","href":"https:\/\/api.w.org\/{rel}","templated":true}]}}