{"id":1053,"date":"2008-12-14T08:09:59","date_gmt":"2008-12-14T11:09:59","guid":{"rendered":"http:\/\/www.antonini.med.br\/blog\/?p=1053"},"modified":"2022-02-15T03:29:39","modified_gmt":"2022-02-15T03:29:39","slug":"fda-restrige-o-uso-de-dois-farmacos-para-o-tratamento-de-asma","status":"publish","type":"post","link":"https:\/\/antonini.psc.br\/?p=1053","title":{"rendered":"FDA restrige o uso de dois f\u00e1rmacos para o tratamento de asma"},"content":{"rendered":"<p style=\"text-align: justify;\">Em reuni\u00e3o realizada nessa quinta-feira, especialistas da Food and Drug Administration (FDA), \u00f3rg\u00e3o que regulamenta alimentos e medicamentos nos Estados Unidos, decidiram que os benef\u00edcios de dois medicamentos inal\u00e1veis &#8211; Serevent e Foradil &#8211; n\u00e3o superam seus riscos, e n\u00e3o devem ser mais usados no tratamento de asma.<!--more--><\/p>\n<p style=\"text-align: justify;\">Por\u00e9m, eles n\u00e3o deixar\u00e3o de ser comercializados, pois s\u00e3o \u00fateis no tratamento de doen\u00e7a pulmonar obstrutiva cr\u00f4nica. Por outro lado, as outras drogas analisadas &#8211; Advair e Symbicort &#8211; teriam perfis de seguran\u00e7a aceit\u00e1veis para crian\u00e7as e adultos com asma.<\/p>\n<p style=\"text-align: justify;\">Segundo os especialistas, as drogas &#8220;contra-indicadas&#8221; s\u00e3o beta-agonistas de longa dura\u00e7\u00e3o como as outras duas, mas n\u00e3o apresentam ester\u00f3ides na f\u00f3rmula, o que aumentaria os riscos de rea\u00e7\u00f5es adversas.<\/p>\n<p style=\"text-align: justify;\">Os laborat\u00f3rios que produzem as drogas &#8220;contra-indicadas&#8221; discordam totalmente da medida. E os especialistas recomendam que os pacientes que usam esses medicamentos consultem um m\u00e9dico.<\/p>\n<p style=\"text-align: center;\">[<a href=\"javascript:history.go(-1)\">Voltar<\/a>]<\/p>\n","protected":false},"excerpt":{"rendered":"<p>Em reuni\u00e3o realizada nessa quinta-feira, especialistas da Food and Drug Administration (FDA), \u00f3rg\u00e3o que regulamenta alimentos e medicamentos nos Estados Unidos, decidiram que os benef\u00edcios de dois medicamentos inal\u00e1veis &#8211; Serevent e Foradil &#8211; n\u00e3o superam seus riscos, e n\u00e3o devem ser mais usados no tratamento de asma.<\/p>\n","protected":false},"author":1,"featured_media":0,"comment_status":"open","ping_status":"open","sticky":false,"template":"","format":"standard","meta":{"footnotes":""},"categories":[27],"tags":[],"class_list":["post-1053","post","type-post","status-publish","format-standard","hentry","category-noticias"],"_links":{"self":[{"href":"https:\/\/antonini.psc.br\/index.php?rest_route=\/wp\/v2\/posts\/1053","targetHints":{"allow":["GET"]}}],"collection":[{"href":"https:\/\/antonini.psc.br\/index.php?rest_route=\/wp\/v2\/posts"}],"about":[{"href":"https:\/\/antonini.psc.br\/index.php?rest_route=\/wp\/v2\/types\/post"}],"author":[{"embeddable":true,"href":"https:\/\/antonini.psc.br\/index.php?rest_route=\/wp\/v2\/users\/1"}],"replies":[{"embeddable":true,"href":"https:\/\/antonini.psc.br\/index.php?rest_route=%2Fwp%2Fv2%2Fcomments&post=1053"}],"version-history":[{"count":1,"href":"https:\/\/antonini.psc.br\/index.php?rest_route=\/wp\/v2\/posts\/1053\/revisions"}],"predecessor-version":[{"id":28101,"href":"https:\/\/antonini.psc.br\/index.php?rest_route=\/wp\/v2\/posts\/1053\/revisions\/28101"}],"wp:attachment":[{"href":"https:\/\/antonini.psc.br\/index.php?rest_route=%2Fwp%2Fv2%2Fmedia&parent=1053"}],"wp:term":[{"taxonomy":"category","embeddable":true,"href":"https:\/\/antonini.psc.br\/index.php?rest_route=%2Fwp%2Fv2%2Fcategories&post=1053"},{"taxonomy":"post_tag","embeddable":true,"href":"https:\/\/antonini.psc.br\/index.php?rest_route=%2Fwp%2Fv2%2Ftags&post=1053"}],"curies":[{"name":"wp","href":"https:\/\/api.w.org\/{rel}","templated":true}]}}