{"id":1068,"date":"2008-12-16T10:29:54","date_gmt":"2008-12-16T10:29:54","guid":{"rendered":"http:\/\/www.antonini.med.br\/blog\/?p=1068"},"modified":"2022-02-15T03:29:39","modified_gmt":"2022-02-15T03:29:39","slug":"garoto-de-12-anos-e-apreendido-pela-9%c2%aa-vez-furtando-um-veiculo-em-sao-paulo","status":"publish","type":"post","link":"https:\/\/antonini.psc.br\/?p=1068","title":{"rendered":"Garoto de 12 anos \u00e9 apreendido pela 9\u00aa vez furtando um ve\u00edculo em S\u00e3o Paulo"},"content":{"rendered":"<p style=\"text-align: justify;\">O que fazer neste caso? O que faltou para este &#8220;meliante-mirim&#8221;? O (d\u00eas)governo e os pol\u00edticos esqueceram do fator mais importante para o desenvolvimento de um povo: <strong>educa\u00e7\u00e3o!<\/strong> N\u00e3o adianta criar pol\u00edticas de inclus\u00e3o social, cotas raciais (uma aberra\u00e7\u00e3o inconstitucional que institucionaliza o racismo), combate a crimes cibern\u00e9ticos (pornografia infantil) se n\u00e3o houver <strong>educa\u00e7\u00e3o.<\/strong> Uma crian\u00e7a bem educada n\u00e3o se exp\u00f5e aos man\u00edacos sexuias (pedofilia), deixando-se explorar sexualmente. Uma crian\u00e7a bem educada tem senso de propriedade e n\u00e3o rouba\/furta bens alheios. Uma crian\u00e7a bem educada sabe <strong>cobrar<\/strong> a responsabilidade dos seus pais e do (d\u00eas)governo (cobran\u00e7as n\u00e3o interassam aos pol\u00edticos e governantes). Senhores pol\u00edticos, <strong>eduquem<\/strong> as crian\u00e7as e d\u00eaem condi\u00e7\u00f5es dignas de trabalho e constitui\u00e7\u00e3o das fam\u00edlias e evitem o caso descrito nesta reportagem da Ag\u00eancia Estado.<!--more--><\/p>\n<p style=\"text-align: justify;\">Pela nona vez, o adolescente F., de 12 anos, foi apreendido, novamente com um ve\u00edculo furtado pelas ruas da capital paulista. F. e outros tr\u00eas menores, com idades entre 12 e 17 anos, todos ocupando um carro, foram abordados por policiais militares na regi\u00e3o do Graja\u00fa, na zona sul.<\/p>\n<p style=\"text-align: justify;\">&#8220;N\u00f3s desconfiamos dos ocupantes do ve\u00edculo e fizemos a abordagem. Eles ainda tentaram fugir, mas conseguimos det\u00ea-los. N\u00e3o deu para ver qual deles estava ao volante, pois todos desceram por uma mesma porta. Chegaram a nos oferecer mil reais para que todos fossem liberados&#8221;, relatou o policial militar Roberto.<\/p>\n<p style=\"text-align: justify;\">Apesar de o quarteto ter sido flagrado com chaves e o ve\u00edculo ter queixa de furto, ocorrido na \u00faltima sexta-feira em Diadema, no Grande ABC paulista, os adolescentes negam que tenham aberto o ve\u00edculo e afirmam que o carro estava estacionado na rua, com a porta aberta e as chaves no contato.<\/p>\n<p style=\"text-align: justify;\">Todos foram levados para o plant\u00e3o do 85\u00ba Distrito Policial, do Jardim Mirna. O delegado de plant\u00e3o n\u00e3o decidiu se todos os menores ser\u00e3o encaminhados \u00e0 Funda\u00e7\u00e3o Casa (antiga Febem), apesar de os quatro j\u00e1 terem pelo menos 12 anos, idade m\u00ednima permitida para que um adolescente seja internado na Funda\u00e7\u00e3o.<\/p>\n<p style=\"text-align: justify;\">Dois dos apreendidos, de 13 e 17 anos, s\u00e3o irm\u00e3os e, segundo a PM, n\u00e3o tinham passagem pela pol\u00edcia. Eles ser\u00e3o entregues aos pais, mas F. e o outro adolescente, de 16 anos &#8211; que j\u00e1 tem passagem por recepta\u00e7\u00e3o -, ser\u00e3o levados \u00e0 unidade da Funda\u00e7\u00e3o Casa no Br\u00e1s, regi\u00e3o central da cidade.<\/p>\n<p style=\"text-align: justify;\">&#8220;Entramos em contato com a m\u00e3e desse menor pela nona vez e ela nos disse que s\u00f3 no decorrer do dia comparecer\u00e1 \u00e0 delegacia&#8221;, completou o policial militar respons\u00e1vel por deter o adolescente. A m\u00e3e de F. mora no Jardim Ubirajara, regi\u00e3o de Interlagos, tamb\u00e9m na zona sul.<\/p>\n<p style=\"text-align: justify;\">F. fora apreendido pela \u00faltima em 23 de outubro deste ano, quando j\u00e1 tinha 12 anos, pois completara em setembro. Na ocasi\u00e3o, ele tamb\u00e9m estava com um ve\u00edculo furtado. Outras raz\u00f5es de suas deten\u00e7\u00f5es foram furtos de autom\u00f3veis, dire\u00e7\u00e3o de ve\u00edculo sem habilita\u00e7\u00e3o, furto e arrombamento de loja, desacato \u00e0 autoridade e atentado ao pudor. A exemplo do ocorrido ontem, da \u00faltima vez em que o garoto foi apreendido, a m\u00e3e tamb\u00e9m dissera que estava cansada de ver o que o filho faz.<\/p>\n","protected":false},"excerpt":{"rendered":"<p>O que fazer neste caso? O que faltou para este &#8220;meliante-mirim&#8221;? O (d\u00eas)governo e os pol\u00edticos esqueceram do fator mais importante para o desenvolvimento de um povo: educa\u00e7\u00e3o! N\u00e3o adianta criar pol\u00edticas de inclus\u00e3o social, cotas raciais (uma aberra\u00e7\u00e3o inconstitucional que institucionaliza o racismo), combate a crimes cibern\u00e9ticos (pornografia infantil) se n\u00e3o houver educa\u00e7\u00e3o. Uma [&hellip;]<\/p>\n","protected":false},"author":1,"featured_media":0,"comment_status":"open","ping_status":"closed","sticky":false,"template":"","format":"standard","meta":{"footnotes":""},"categories":[27],"tags":[],"class_list":["post-1068","post","type-post","status-publish","format-standard","hentry","category-noticias"],"_links":{"self":[{"href":"https:\/\/antonini.psc.br\/index.php?rest_route=\/wp\/v2\/posts\/1068","targetHints":{"allow":["GET"]}}],"collection":[{"href":"https:\/\/antonini.psc.br\/index.php?rest_route=\/wp\/v2\/posts"}],"about":[{"href":"https:\/\/antonini.psc.br\/index.php?rest_route=\/wp\/v2\/types\/post"}],"author":[{"embeddable":true,"href":"https:\/\/antonini.psc.br\/index.php?rest_route=\/wp\/v2\/users\/1"}],"replies":[{"embeddable":true,"href":"https:\/\/antonini.psc.br\/index.php?rest_route=%2Fwp%2Fv2%2Fcomments&post=1068"}],"version-history":[{"count":1,"href":"https:\/\/antonini.psc.br\/index.php?rest_route=\/wp\/v2\/posts\/1068\/revisions"}],"predecessor-version":[{"id":27360,"href":"https:\/\/antonini.psc.br\/index.php?rest_route=\/wp\/v2\/posts\/1068\/revisions\/27360"}],"wp:attachment":[{"href":"https:\/\/antonini.psc.br\/index.php?rest_route=%2Fwp%2Fv2%2Fmedia&parent=1068"}],"wp:term":[{"taxonomy":"category","embeddable":true,"href":"https:\/\/antonini.psc.br\/index.php?rest_route=%2Fwp%2Fv2%2Fcategories&post=1068"},{"taxonomy":"post_tag","embeddable":true,"href":"https:\/\/antonini.psc.br\/index.php?rest_route=%2Fwp%2Fv2%2Ftags&post=1068"}],"curies":[{"name":"wp","href":"https:\/\/api.w.org\/{rel}","templated":true}]}}