{"id":11227,"date":"2010-06-26T03:31:04","date_gmt":"2010-06-26T03:31:04","guid":{"rendered":"http:\/\/opatriota.org\/?p=11227"},"modified":"2022-02-15T03:26:27","modified_gmt":"2022-02-15T03:26:27","slug":"o-que-voce-faria-pelo-seu-pais","status":"publish","type":"post","link":"https:\/\/antonini.psc.br\/?p=11227","title":{"rendered":"O que voc\u00ea faria pelo seu pa\u00eds?"},"content":{"rendered":"<p style=\"text-align: justify;\"><em>\u201cN\u00e3o pergunte o  que seu pa\u00eds pode fazer por voc\u00ea. Pergunte o que voc\u00ea pode fazer por seu  pa\u00eds.\u201d<\/em><em> <\/em><em>(John F.  Kennedy<\/em><em>)<!--more--><\/em><em><\/em><\/p>\n<p style=\"text-align: justify;\">Pois \u00e9, a pergunta \u00e9 sempre  pertinente. Mas com ela, surge outra, que certamente qualquer brasileiro, acuado  pelas circunst\u00e2ncias, faria quando igualmente acuado pela pergunta titulo desta  Carta: \u201co que posso eu fazer, se nem meu voto consciente vale diante das massas  de manobra\u201d? E, pior, n\u00e3o deixa de ter raz\u00e3o.<\/p>\n<p style=\"text-align: justify;\">At\u00e9 que se conhe\u00e7a uma alternativa  que quebre o paradigma da pol\u00edtica vigente, do jeito que a conhecemos \u2013 e a  rejeitamos \u2013 n\u00e3o tem muita sa\u00edda mesmo. \u00c9 s\u00f3 ver o que temos em termos  eleitorais para mais esta elei\u00e7\u00e3o presidencial, \u00e0 exce\u00e7\u00e3o de raros candidatos  com bons discursos, infelizmente sem perspectivas de chance diante da m\u00e1quina  trituradora do bom senso, que criou um falso debate entre \u201cn\u00f3s e eles\u201d, j\u00e1 que  na minha modesta opini\u00e3o, \u00e9 s\u00f3 um jogo de cena, fruto de um acordo costurado  entre os principais l\u00edderes pol\u00edticos da atualidade desde os tempos de com\u00edcios  sobre kombis nos p\u00e1tios das montadoras do ABC paulista. Basta observar um pouco  mais o conjunto dos fatos ao longo dos \u00faltimos 30 anos e poderemos ter algumas  conclus\u00f5es interessantes. Foi o erro de se fazer abertura pol\u00edtica  antes da econ\u00f4mica.<\/p>\n<p style=\"text-align: justify;\">Independente disso, verdade ou n\u00e3o, o  fato \u00e9 que continuamos ref\u00e9ns, depois de in\u00fameras decep\u00e7\u00f5es ao  longo de 30 anos com quase  todos os candidatos em todos os n\u00edveis eletivos, das c\u00e2maras de vereadores \u00e0  Presid\u00eancia da Rep\u00fablica. Ref\u00e9ns destas pessoas que elegemos com o \u201cdemocr\u00e1tico voto  obrigat\u00f3rio\u201d, uma forma de legitimar pessoas em cargos, cujas obriga\u00e7\u00f5es s\u00e3o  para com os financiadores de campanhas e grupos de interesse, e,  principalmente, ref\u00e9ns de um  modelo de organiza\u00e7\u00e3o do Pa\u00eds que permite que estes fatos se repitam <em>ad aeternun<\/em> e <em>ad nauseam<\/em>.<\/p>\n<p style=\"text-align: justify;\">Diante desse modelo, com todos os  setores estatais interdependentes por legisla\u00e7\u00e3o e entrela\u00e7amento dos Tr\u00eas  Poderes \u2013 Executivo, Judici\u00e1rio e Legislativo \u2013 que se retro-alimenta a cada  nova lei ou emenda constitucional (j\u00e1 estamos na 62\u00ba desde 1988!) \u2013 temos que  sobreviver sob o mastod\u00f4ntico peso do Estado Brasileiro.\u00a0 Este peso est\u00e1  representado por alt\u00edssimos tributos penalizando a cadeia produtiva, o consumo e  empobrecendo a Na\u00e7\u00e3o, baixa qualidade na Sa\u00fade, Educa\u00e7\u00e3o, Infra-estrutura e  Seguran\u00e7a e baixa qualidade na Justi\u00e7a, com todas as conseq\u00fc\u00eancias encadeadas,  denegrindo a vida, o respeito e a dignidade humana em todos os sentidos. \u00c9 um  modelo que retira as liberdades passo a passo, que elimina a criatividade  produtiva, que esgar\u00e7a o tecido social pela libertinagem moral que tomou conta  da Sociedade, com pleno apoio governamental. Apesar da propaganda de  crescimento, que por certo existe em setores espec\u00edficos e sat\u00e9lites destes \u2013 a  economia \u00e9 din\u00e2mica, gra\u00e7as \u00e0 ainda indom\u00e1vel a\u00e7\u00e3o humana \u2013 o Brasil vive  situa\u00e7\u00f5es absolutamente paradoxais que n\u00e3o poderiam suscitar a  concess\u00e3o de t\u00edtulos de fama  internacional a nenhum governante brasileiro&#8230; ao que parece, a mediocridade \u00e9  algo sem fronteiras. Mas infelizmente, o jogo \u00e9 outro, muito ruim  para o Brasil como Na\u00e7\u00e3o, e muito bom para a rapinagem de oportunistas de toda  sorte (ou azar), e n\u00e3o vale a pena abrir esta \u201cjanela tem\u00e1tica\u201d, neste artigo.<\/p>\n<p style=\"text-align: justify;\">Para selar esse quadro, o modelo  pol\u00edtico, partid\u00e1rio e eleitoral, uma vergonha total, que se fantasia de  democracia. N\u00e3o h\u00e1 partido que pratique a democracia sequer em n\u00edvel interno,  como poderia defend\u00ea-la fora de seus feudos? Com voto cumulativo que privilegia  alguns filiados mais do que outros, caciquismo dominante e falta de convic\u00e7\u00e3o  program\u00e1tica, o que se prova com as sempre nefandas coliga\u00e7\u00f5es antes das  elei\u00e7\u00f5es, n\u00e3o se pode contar com cidad\u00e3os de boa cepa que queiram participar do  processo pol\u00edtico.<\/p>\n<p style=\"text-align: justify;\">Se Tiradentes estivesse vivo e visse  tudo isso, ele mesmo se enforcaria! O cidad\u00e3o brasileiro est\u00e1 enforcado,  asfixiado pelo peso do Estado, pelas iniq\u00fcidades que dele v\u00eam sem nada poder  fazer exceto gritar pela internet ou em grupos de protesto, abaixo assinados,  etc.<br \/>\n\u201dOs problemas do mundo n\u00e3o podem ser  resolvidos por c\u00e9ticos ou c\u00ednicos cujos horizontes s\u00e3o limitados por realidades  \u00f3bvias. Precisamos de homens e mulheres que consigam sonhar com coisas que nunca  existiram.\u201d (John F. Kennedy)<\/p>\n<p style=\"text-align: justify;\">Pois pego outra frase de John  Kennedy, para demonstrar que o quadro que resumi \u00e9 um paradigma que pode ser  quebrado. Mas n\u00e3o ser\u00e1 por c\u00e9ticos, nem c\u00ednicos. Mas por mulheres e homens, e  muito especialmente por aqueles que querem mudar o mundo desde cedo, os jovens.  S\u00e3o estas pessoas que poder\u00e3o mudar as coisas, mas, precisam de meios para  tanto. Aqui entra o Federalismo.<\/p>\n<p style=\"text-align: justify;\">N\u00e3o adiantam projetos de ficha limpa  ou suja, por melhor boa vontade que exista, at\u00e9 porque isso dar\u00e1 mais poder a  quem est\u00e1 no governo, quem est\u00e1 na m\u00e1quina. Ao inv\u00e9s disso, se deveria propor  ent\u00e3o, rito sumar\u00edssimo, com muita agilidade em julgamentos em grau especial, de  pessoas eleitas e acusadas por atos duvidosos. Esse sim, seria um \u201cforo  privilegiado\u201d, especial, esgotando-se rapidamente as etapas do contradit\u00f3rio,  direito constitucional de qualquer um, para se evitar situa\u00e7\u00f5es produzidas por  desafetos e inimigos. Esta energia toda, de revolta e indigna\u00e7\u00e3o, pode ser  dirigida para a forma\u00e7\u00e3o de uma nova frente pol\u00edtico-partid\u00e1ria que proponha um  novo Projeto de Na\u00e7\u00e3o e que tenha toda a prote\u00e7\u00e3o estatut\u00e1ria para que o ve\u00edculo  partid\u00e1rio n\u00e3o se subverta, n\u00e3o seja igual aos demais. Sem atacar  a causa, que \u00e9 modelo de Estado \u2013 n\u00e3o se resolver\u00e3o os graves problemas  nacionais, regionais e locais, principalmente os individuais da maioria da  popula\u00e7\u00e3o brasileira. N\u00e3o basta cortar alguns galhos da erva daninha, \u00e9 preciso  extirp\u00e1-la do \u201cJardim Brasil\u201d!<\/p>\n<p style=\"text-align: justify;\">O Partido Federalista \u00e9 este ve\u00edculo.  Tem o Projeto, est\u00e1 formado, falta apenas ser registrado, o que pode ser  conseguido com a a\u00e7\u00e3o de cada brasileiro que resolva simplesmente agir. E \u00e9 t\u00e3o  simples: assinar o apoio ao registro e conseguir mais apoios. Se voc\u00ea ainda n\u00e3o  conhece direito as id\u00e9ias federalistas que propomos, nem o inovador Estatuto,  por favor, leia-os. E venha fazer parte deste inovador partido e fazer a nova Historia do Brasil.  Podemos ficar simplesmente observando e votando sem nem nos lembrar depois em quem votamos, e  seguir a \u201cvidinha\u201d com a \u201cajuda de Deus\u201d (\u201cque s\u00f3 ajuda a quem cedo  madruga\u201d), ou come\u00e7ar a mudar tudo, a partir de simples a\u00e7\u00f5es t\u00e3o reclamadas por  todos: ser cidad\u00e3o de verdade. Aqui voc\u00ea pode!<\/p>\n<p style=\"text-align: justify;\"><strong>Sauda\u00e7\u00f5es  Federalistas<\/strong><\/p>\n<p style=\"text-align: justify;\"><strong>Thomas  Korontai<\/strong><\/p>\n<p style=\"text-align: center;\">[<a href=\"javascript:history.go(-1)\">Voltar<\/a>]<\/p>\n","protected":false},"excerpt":{"rendered":"<p>\u201cN\u00e3o pergunte o que seu pa\u00eds pode fazer por voc\u00ea. Pergunte o que voc\u00ea pode fazer por seu pa\u00eds.\u201d (John F. Kennedy)<\/p>\n","protected":false},"author":1,"featured_media":0,"comment_status":"open","ping_status":"open","sticky":false,"template":"","format":"standard","meta":{"footnotes":""},"categories":[27],"tags":[],"class_list":["post-11227","post","type-post","status-publish","format-standard","hentry","category-noticias"],"_links":{"self":[{"href":"https:\/\/antonini.psc.br\/index.php?rest_route=\/wp\/v2\/posts\/11227","targetHints":{"allow":["GET"]}}],"collection":[{"href":"https:\/\/antonini.psc.br\/index.php?rest_route=\/wp\/v2\/posts"}],"about":[{"href":"https:\/\/antonini.psc.br\/index.php?rest_route=\/wp\/v2\/types\/post"}],"author":[{"embeddable":true,"href":"https:\/\/antonini.psc.br\/index.php?rest_route=\/wp\/v2\/users\/1"}],"replies":[{"embeddable":true,"href":"https:\/\/antonini.psc.br\/index.php?rest_route=%2Fwp%2Fv2%2Fcomments&post=11227"}],"version-history":[{"count":1,"href":"https:\/\/antonini.psc.br\/index.php?rest_route=\/wp\/v2\/posts\/11227\/revisions"}],"predecessor-version":[{"id":25610,"href":"https:\/\/antonini.psc.br\/index.php?rest_route=\/wp\/v2\/posts\/11227\/revisions\/25610"}],"wp:attachment":[{"href":"https:\/\/antonini.psc.br\/index.php?rest_route=%2Fwp%2Fv2%2Fmedia&parent=11227"}],"wp:term":[{"taxonomy":"category","embeddable":true,"href":"https:\/\/antonini.psc.br\/index.php?rest_route=%2Fwp%2Fv2%2Fcategories&post=11227"},{"taxonomy":"post_tag","embeddable":true,"href":"https:\/\/antonini.psc.br\/index.php?rest_route=%2Fwp%2Fv2%2Ftags&post=11227"}],"curies":[{"name":"wp","href":"https:\/\/api.w.org\/{rel}","templated":true}]}}