{"id":11380,"date":"2010-08-20T20:11:59","date_gmt":"2010-08-20T20:11:59","guid":{"rendered":"http:\/\/opatriota.org\/portal\/?p=11380"},"modified":"2022-02-15T03:26:26","modified_gmt":"2022-02-15T03:26:26","slug":"20-de-agosto-e-dia-do-macom","status":"publish","type":"post","link":"https:\/\/antonini.psc.br\/?p=11380","title":{"rendered":"20 de agosto \u00e9 dia do Ma\u00e7om"},"content":{"rendered":"<p><span style=\"text-decoration: underline;\"><span style=\"font-family: Arial; color: #ff0000; font-size: medium;\">Deixe a verdade ser ouvida.<!--more--><\/span><\/span><\/p>\n<p><!-- .hmmessage P { margin:0px; padding:0px } body.hmmessage { font-size: 10pt; font-family:Tahoma } --><\/p>\n<div>\n<p style=\"text-align: justify;\"><span style=\"font-family: Arial; color: #800000;\">N\u00f3s n\u00e3o somos  maus.<br \/>\nN\u00f3s n\u00e3o prejudicamos ou seduzimos pessoas.<br \/>\nN\u00f3s n\u00e3o somos  perigosos.<br \/>\nN\u00f3s somos pessoas normais como voc\u00ea.<br \/>\nN\u00f3s temos fam\u00edlias,  empregos, esperan\u00e7as e sonhos.<br \/>\nN\u00f3s n\u00e3o somos um culto.<br \/>\nN\u00f3s n\u00e3o somos o que  voc\u00ea acha que somos quando v\u00ea TV.<br \/>\nN\u00f3s somos reais.<br \/>\nN\u00f3s rimos, n\u00f3s  choramos.<br \/>\nN\u00f3s somos s\u00e9rios.<br \/>\nN\u00f3s temos senso de humor.<br \/>\nVoc\u00ea n\u00e3o precisa  ter medo de n\u00f3s.<br \/>\nN\u00f3s n\u00e3o queremos converter voc\u00ea.<br \/>\nE por favor n\u00e3o tente  nos converter.<br \/>\nApenas nos d\u00ea o mesmo direito que n\u00f3s damos a voc\u00ea :<br \/>\nViver  em paz.<br \/>\nN\u00f3s somos muito mais similares a voc\u00ea do que voc\u00ea imagina. <\/span><\/p>\n<p style=\"text-align: justify;\"><span style=\"font-family: Arial; color: #800000;\">Somos Pais,  filhos, irm\u00e3os, primos, vizinhos, amigos.<\/span><\/p>\n<p style=\"text-align: justify;\"><span style=\"font-family: Arial; color: #800000;\">Somos Cat\u00f3licos,  Evang\u00e9licos, Esp\u00edritas, Mu\u00e7ulmanos, Judeus, Comerciantes, Empres\u00e1rios,  Funcion\u00e1rios P\u00fablicos, Funcion\u00e1rios de Empresas e de Com\u00e9rcios, Gar\u00e7ons,  auxiliares de Escrit\u00f3rios, profissionais Liberais e etc.<\/span><\/p>\n<p style=\"text-align: justify;\"><span style=\"font-family: Arial; color: #800000;\">Todos unidos  independentes de credo, ra\u00e7a, cor, religi\u00e3o ou partido pol\u00edtico.<\/span><\/p>\n<p style=\"text-align: justify;\"><span style=\"font-family: Arial; color: #800000;\">Somos uma institui\u00e7\u00e3o  Associativa de homens esclarecidos e virtuosos, que se congregam entre si, como  irm\u00e3os que somos, cujo fim \u00e9 viver em perfeita igualdade, intimamente ligados  por la\u00e7os de rec\u00edproca estima, confian\u00e7a e amizade, estimulando-se uns aos  outros, na pr\u00e1tica da virtude.<\/span><\/p>\n<p style=\"text-align: justify;\"><span style=\"font-family: Arial; color: #800000;\">Estas  defini\u00e7\u00f5es n\u00e3o s\u00e3o perfeitas, apenas suficientes para nos convencer de que a  Ordem Ma\u00e7\u00f4nica foi, \u00e9, e sempre dever\u00e1 ser, a uni\u00e3o consciente de homens  \u00edntegros, virtuosos, desinteressados, generosos e acima de tudo devotados.  Irm\u00e3os livres e iguais, ligados por deveres de fraternidade, que pelo exemplo e  pr\u00e1tica da virtude, buscam esclarecer os homens e prepar\u00e1-los para a emancipa\u00e7\u00e3o  progressiva da humanidade.<\/span><\/p>\n<p style=\"text-align: justify;\"><span style=\"font-family: Arial; color: #800000;\">Uma  verdadeira escola, n\u00e3o s\u00f3 de moral como tamb\u00e9m de filosofia social e espiritual,  um sistema, revelado aos Ma\u00e7ons por alegorias e ensinado atrav\u00e9s de s\u00edmbolos,  guiando seus adeptos \u00e0 pr\u00e1tica e ao aperfei\u00e7oamento dos seus mais elevados  deveres.<\/span><\/p>\n<p style=\"text-align: justify;\"><span style=\"font-family: Arial; color: #800000;\">Afugentando  os baixos sentimentos de materialismo, de sensualidade e de mundanismo e  invocando sempre o GRANDE ARQUITETO DO UNIVERSO, tornando-nos dignos de si  mesmos, da Fam\u00edlia, da P\u00e1tria e da Humanidade.<\/span><\/p>\n<p style=\"text-align: justify;\"><span style=\"font-family: Arial; color: #800000;\"><strong><em> <\/em><\/strong><\/span><\/p>\n<p style=\"text-align: justify;\"><span style=\"font-family: Arial; color: #800000;\"><strong><em>Somos  Ma\u00e7ons<\/em><\/strong><\/span><\/p>\n<p style=\"text-align: justify;\">\n<p style=\"text-align: justify;\"><span style=\"font-family: Arial; color: #800000;\">(Jer\u00f4nimo  Lucena)<\/span><\/p>\n<\/div>\n<div style=\"text-align: justify;\"><strong>Dia 20 de Agosto Dia do  Ma\u00e7on.<\/strong><\/div>\n<div style=\"text-align: center;\">[vsw id=&#8221;XYI8dyry1h8&#8243; source=&#8221;youtube&#8221; width=&#8221;425&#8243; height=&#8221;344&#8243; autoplay=&#8221;no&#8221;]<strong><br \/>\n<\/strong><\/div>\n<div style=\"text-align: center;\">[<a href=\"javascript:history.go(-1)\">Voltar<\/a>]<\/div>\n","protected":false},"excerpt":{"rendered":"<p>Deixe a verdade ser ouvida.<\/p>\n","protected":false},"author":1,"featured_media":0,"comment_status":"open","ping_status":"open","sticky":false,"template":"","format":"standard","meta":{"footnotes":""},"categories":[27],"tags":[],"class_list":["post-11380","post","type-post","status-publish","format-standard","hentry","category-noticias"],"_links":{"self":[{"href":"https:\/\/antonini.psc.br\/index.php?rest_route=\/wp\/v2\/posts\/11380","targetHints":{"allow":["GET"]}}],"collection":[{"href":"https:\/\/antonini.psc.br\/index.php?rest_route=\/wp\/v2\/posts"}],"about":[{"href":"https:\/\/antonini.psc.br\/index.php?rest_route=\/wp\/v2\/types\/post"}],"author":[{"embeddable":true,"href":"https:\/\/antonini.psc.br\/index.php?rest_route=\/wp\/v2\/users\/1"}],"replies":[{"embeddable":true,"href":"https:\/\/antonini.psc.br\/index.php?rest_route=%2Fwp%2Fv2%2Fcomments&post=11380"}],"version-history":[{"count":1,"href":"https:\/\/antonini.psc.br\/index.php?rest_route=\/wp\/v2\/posts\/11380\/revisions"}],"predecessor-version":[{"id":25609,"href":"https:\/\/antonini.psc.br\/index.php?rest_route=\/wp\/v2\/posts\/11380\/revisions\/25609"}],"wp:attachment":[{"href":"https:\/\/antonini.psc.br\/index.php?rest_route=%2Fwp%2Fv2%2Fmedia&parent=11380"}],"wp:term":[{"taxonomy":"category","embeddable":true,"href":"https:\/\/antonini.psc.br\/index.php?rest_route=%2Fwp%2Fv2%2Fcategories&post=11380"},{"taxonomy":"post_tag","embeddable":true,"href":"https:\/\/antonini.psc.br\/index.php?rest_route=%2Fwp%2Fv2%2Ftags&post=11380"}],"curies":[{"name":"wp","href":"https:\/\/api.w.org\/{rel}","templated":true}]}}