{"id":11434,"date":"2009-08-28T12:11:37","date_gmt":"2009-08-28T12:11:37","guid":{"rendered":"http:\/\/antonini.med.br\/citologia\/?p=11434"},"modified":"2022-08-26T00:21:54","modified_gmt":"2022-08-26T00:21:54","slug":"farmaceuticos-bioquimicos-podem-fazer-diagnostico-do-cancer-de-mama-e-de-colo-uterino-2","status":"publish","type":"post","link":"https:\/\/antonini.psc.br\/?p=11434","title":{"rendered":"Farmac\u00eauticos-bioqu\u00edmicos podem fazer diagn\u00f3stico do c\u00e2ncer de mama e de colo uterino"},"content":{"rendered":"<p style=\"text-align: justify;\"><span class=\"content\">O presidente da rep\u00fablica, Luiz In\u00e1cio Lula da Silva, sancionou, no dia 29 de abril de 2008, a lei n\u00ba 11.664, que disp\u00f5e sobre a efetiva\u00e7\u00e3o de a\u00e7\u00f5es de sa\u00fade que assegurem a preven\u00e7\u00e3o, a detec\u00e7\u00e3o, o tratamento e o segmento dos c\u00e2nceres de colo uterino e de mama no \u00e2mbito do Sistema \u00danico de Sa\u00fade (SUS). De acordo com a lei, os Farmac\u00eauticos-bioqu\u00edmicos s\u00e3o profissionais aptos a fazer o diagn\u00f3stico das doen\u00e7as. <!--more--><\/span><\/p>\n<div style=\"text-align: justify;\">\n<p><span class=\"content\">A atualiza\u00e7\u00e3o da lei 11.664 traz duas importantes mudan\u00e7as no que diz respeito \u00e0 sa\u00fade da mulher brasileira. A primeira delas trata da diminui\u00e7\u00e3o da idade determinada para a realiza\u00e7\u00e3o do exame mamogr\u00e1fico. Agora, mulheres de 40 anos dever\u00e3o ser encaminhadas para mamografia, no SUS, uma vez por ano. <\/span><\/p>\n<\/div>\n<div style=\"text-align: justify;\">\n<p><span class=\"content\">A segunda modifica\u00e7\u00e3o engloba assist\u00eancia integral \u00e0 sa\u00fade da mulher, incluindo um amplo trabalho informativo e educativo sobre a preven\u00e7\u00e3o, detec\u00e7\u00e3o, tratamento e controle, ou segmento, dos c\u00e2nceres de mama e de colo de \u00fatero, reafirmando as a\u00e7\u00f5es interdisciplinares no \u00e2mbito do SUS. <\/span><\/p>\n<\/div>\n<div style=\"text-align: justify;\">\n<p><span class=\"content\">As altera\u00e7\u00f5es nas regras do SUS tem o objetivo de aumentar os diagn\u00f3sticos precoces destes dois tipos de c\u00e2ncer que, em 2008, devem atingir mais de 90 mil mulheres, em todo o Brasil, segundo dados do Inca (Instituto Nacional do C\u00e2ncer). <\/span><\/p>\n<\/div>\n<p style=\"text-align: justify;\"><span class=\"content\"> <\/span><span class=\"content\">O n\u00famero de mortes causadas pelo c\u00e2ncer de colo de \u00fatero deve dobrar, na Am\u00e9rica Latina, nos pr\u00f3ximos doze anos. Hoje, a doen\u00e7a causa cerca de 333 mil \u00f3bitos na regi\u00e3o. Em 2030, ser\u00e3o 70 mil. Os dados s\u00e3o de um estudo realizado pela Organiza\u00e7\u00e3o Mundial da Sa\u00fade (OMS). <\/span><\/p>\n<p style=\"text-align: justify;\"><span class=\"content\"> <\/span><strong>Legisla\u00e7\u00e3o<\/strong><\/p>\n<div style=\"text-align: justify;\">\n<p><span class=\"content\"> A aprova\u00e7\u00e3o da lei 11.664 coloca em xeque o artigo 7\u00ba, da resolu\u00e7\u00e3o 1823\/07, e do artigo 1\u00ba, da resolu\u00e7\u00e3o 1473\/97, do Conselho Federal de Medicina. De acordo com os artigos, os exames de diagn\u00f3stico de c\u00e2ncer no colo de \u00fatero, no sistema \u00fanico de sa\u00fade, s\u00e3o de compet\u00eancia restrita dos m\u00e9dicos. <\/span><\/p>\n<\/div>\n<p style=\"text-align: justify;\"><span class=\"content\"> <\/span><span class=\"content\">Segundo o consultor jur\u00eddico do Conselho Federal de Farm\u00e1cia, Ant\u00f4nio C\u00e9sar Cavalcante J\u00fanior, n\u00e3o \u00e9 razo\u00e1vel, nem tampouco legal, que tais exames sejam de responsabilidade exclusiva de uma categoria. Tanto os m\u00e9dicos quanto os farmac\u00eauticos-bioqu\u00edmicos podem realizar os procedimentos, conforme prev\u00eaem as normas legais sobre a compet\u00eancia das duas profiss\u00f5es. <\/span><\/p>\n<p style=\"text-align: justify;\"><span class=\"content\"> <\/span><span class=\"content\">&#8220;A legisla\u00e7\u00e3o prev\u00ea essa compet\u00eancia concorrente para realizar e elaborar os laudos de exames citol\u00f3gicos e citopatol\u00f3gicos. N\u00e3o pode a popula\u00e7\u00e3o, especialmente a feminina, ficar dependente de apenas uma classe de profissionais, quando se trata, por exemplo, de obter acesso a exame preventivo de c\u00e2ncer de colo uterino ou de c\u00e2ncer de mama&#8221;, completa Cavalcante J\u00fanior.<\/span><\/p>\n<div style=\"text-align: justify;\">\n<p><span class=\"content\">O consultor jur\u00eddico ainda lembra a Constitui\u00e7\u00e3o Federal. &#8220;\u00c9 importante frisar que o Conselho Federal de Medicina n\u00e3o tem compet\u00eancia para editar norma administrativa que restrinja a a\u00e7\u00e3o profissional dos farmac\u00eauticos, pois qualquer trabalho s\u00f3 pode ser alterado por lei de compet\u00eancia exclusiva da Uni\u00e3o (artigo 22,1, Constitui\u00e7\u00e3o Federal de 1988)&#8221;, completa Cavalcante J\u00fanior. <\/span><\/p>\n<\/div>\n<p style=\"text-align: justify;\"><span class=\"content\"> <\/span><strong>Reserva de mercado<\/strong><\/p>\n<div style=\"text-align: justify;\">\n<p><span class=\"content\"> Ele salienta que o Conselho Federal de Medicina tem buscado criar reserva de mercado para os m\u00e9dicos patologistas, ao restringir o direito de realiza\u00e7\u00e3o dos exames aos mesmos. &#8220;O Conselho Federal de Farm\u00e1cia j\u00e1 obteve uma expressiva vit\u00f3ria, na justi\u00e7a, contra a inconstitucionalidade da resolu\u00e7\u00e3o administrativa 1473\/97, do Conselho Federal de Medicina. E quantas vezes forem necess\u00e1rias, n\u00f3s buscaremos a justi\u00e7a, como faremos, para barrar a efic\u00e1cia da resolu\u00e7\u00e3o 1823\/08&#8221;, concluiu o consultor jur\u00eddico do Conselho Federal de Farm\u00e1cia.<\/span><\/p>\n<\/div>\n<div style=\"text-align: center;\">[<a href=\"javascript:history.go(-1)\">Voltar<\/a>]<\/div>\n","protected":false},"excerpt":{"rendered":"<p>O presidente da rep\u00fablica, Luiz In\u00e1cio Lula da Silva, sancionou, no dia 29 de abril de 2008, a lei n\u00ba 11.664, que disp\u00f5e sobre a efetiva\u00e7\u00e3o de a\u00e7\u00f5es de sa\u00fade que assegurem a preven\u00e7\u00e3o, a detec\u00e7\u00e3o, o tratamento e o segmento dos c\u00e2nceres de colo uterino e de mama no \u00e2mbito do Sistema \u00danico de [&hellip;]<\/p>\n","protected":false},"author":1,"featured_media":0,"comment_status":"open","ping_status":"open","sticky":false,"template":"","format":"standard","meta":{"footnotes":""},"categories":[27],"tags":[],"class_list":["post-11434","post","type-post","status-publish","format-standard","hentry","category-noticias"],"_links":{"self":[{"href":"https:\/\/antonini.psc.br\/index.php?rest_route=\/wp\/v2\/posts\/11434","targetHints":{"allow":["GET"]}}],"collection":[{"href":"https:\/\/antonini.psc.br\/index.php?rest_route=\/wp\/v2\/posts"}],"about":[{"href":"https:\/\/antonini.psc.br\/index.php?rest_route=\/wp\/v2\/types\/post"}],"author":[{"embeddable":true,"href":"https:\/\/antonini.psc.br\/index.php?rest_route=\/wp\/v2\/users\/1"}],"replies":[{"embeddable":true,"href":"https:\/\/antonini.psc.br\/index.php?rest_route=%2Fwp%2Fv2%2Fcomments&post=11434"}],"version-history":[{"count":2,"href":"https:\/\/antonini.psc.br\/index.php?rest_route=\/wp\/v2\/posts\/11434\/revisions"}],"predecessor-version":[{"id":31486,"href":"https:\/\/antonini.psc.br\/index.php?rest_route=\/wp\/v2\/posts\/11434\/revisions\/31486"}],"wp:attachment":[{"href":"https:\/\/antonini.psc.br\/index.php?rest_route=%2Fwp%2Fv2%2Fmedia&parent=11434"}],"wp:term":[{"taxonomy":"category","embeddable":true,"href":"https:\/\/antonini.psc.br\/index.php?rest_route=%2Fwp%2Fv2%2Fcategories&post=11434"},{"taxonomy":"post_tag","embeddable":true,"href":"https:\/\/antonini.psc.br\/index.php?rest_route=%2Fwp%2Fv2%2Ftags&post=11434"}],"curies":[{"name":"wp","href":"https:\/\/api.w.org\/{rel}","templated":true}]}}