{"id":11475,"date":"2008-09-01T02:40:58","date_gmt":"2008-09-01T02:40:58","guid":{"rendered":"http:\/\/www.cienciasdasaude.org\/portal\/?p=11475"},"modified":"2025-02-10T02:22:56","modified_gmt":"2025-02-10T02:22:56","slug":"puberdade-feminina-um-guia-pratico-de-auxilio-as-maes","status":"publish","type":"post","link":"https:\/\/antonini.psc.br\/?p=11475","title":{"rendered":"Desenvolvimento feminino: um guia pr\u00e1tico de aux\u00edlio \u00e0s m\u00e3es"},"content":{"rendered":"<p><strong>Introdu\u00e7\u00e3o<\/strong><\/p>\n<div style=\"text-align: justify;\">\n<p>Um dos problemas mais s\u00e9rios que as meninas enfrentam durante a puberdade \u00e9 a ansiedade das m\u00e3es.<\/p>\n<\/div>\n<p style=\"text-align: justify;\">Elas querem ver a menina se tornar mo\u00e7a rapidamente e ficam em cima da crian\u00e7a cobrando, investigando, &#8220;rezando&#8221; para que tudo d\u00ea certo e, quando a &#8220;coisa&#8221; n\u00e3o vai bem do jeito que elas &#8211; m\u00e3es, acham que deveria ir, entram em p\u00e2nico e, ao inv\u00e9s de ajudar a menina nesta ponte que ela t\u00eam que atravessar rumo \u00e0 idade adulta, acabam atrapalhando o pleno desenvolvimento ps\u00edquico dela, ao projetar toda a ansiedade que investem no desenvolvimento de sua pimpolha.<\/p>\n<p style=\"text-align: justify;\">Baseado em minha experi\u00eancia psicoterap\u00eautica com p\u00faberes e adolescentes em consult\u00f3rio, coloco esta pequena colabora\u00e7\u00e3o a disposi\u00e7\u00e3o das m\u00e3es que t\u00eam d\u00favidas e temores em rela\u00e7\u00e3o ao desenvolvimento de suas meninas.<\/p>\n<p style=\"text-align: justify;\">Caso tenham qualquer d\u00favida, cliquem no \u00edcone da caixa de correio e enviem sua mensagem que, na medida do poss\u00edvel, responderei a todas as d\u00favidas.<\/p>\n<p style=\"text-align: justify;\">Finalizando, deixo claro que as imagens contidas neste artigo foram todas retiradas de livros t\u00e9cnicos e did\u00e1ticos, listados na sess\u00e3o refer\u00eancias bibliogr\u00e1ficas e leituras recomendadas. Algumas imagens foram retiradas do Altavista, do Radar UOL, do Cad\u00ea?, do Zeek, do ProKuraAki, do Achei, do Google Images, do Lycos e de artigos encontrados na web durante todos os anos de navega\u00e7\u00e3o na rede em busca de material mais atualizado, al\u00e9m do que eu j\u00e1 possuia.<\/p>\n<p style=\"text-align: justify;\">Boa leitura, boa sorte com suas filhas e JU\u00cdZO, para n\u00e3o colocar a puberdade e o desenvolvimento pleno de sua filha em perigo!!!<\/p>\n<p><strong>\u00cdndice<\/strong><\/p>\n<ul>\n<li><a href=\"?p=43\" target=\"_self\" rel=\"noopener\">Abuso sexual<\/a><\/li>\n<li><a href=\"?p=1681\" target=\"_self\" rel=\"noopener\">Amenorr\u00e9ia<\/a><\/li>\n<li><a href=\"?p=1687\" target=\"_self\" rel=\"noopener\">Aspectos fisiol\u00f3gicos da inf\u00e2ncia e da puberdade<\/a><\/li>\n<li><a href=\"?p=11465\" target=\"_self\" rel=\"noopener\">Citologia c\u00e9rvico-vaginal<\/a><\/li>\n<li><a href=\"?p=1691\" target=\"_self\" rel=\"noopener\">Conceito de puberdade<\/a><\/li>\n<li><a href=\"?p=1697\" target=\"_self\" rel=\"noopener\">Conselhos \u00fateis<\/a><\/li>\n<li><a href=\"?p=10671\">Cren\u00e7as e mitos err\u00f4neos<\/a><\/li>\n<li><a href=\"?p=10681\">Crimes culturais contra as meninas<\/a><\/li>\n<li><a title=\"Dilemas da gravidez\" href=\"?p=7859\">Dilemas da gravidez<\/a><\/li>\n<li><a href=\"?p=1702\" target=\"_self\" rel=\"noopener\">Dismenorr\u00e9ia<\/a><\/li>\n<li><a href=\"?p=1706\" target=\"_self\" rel=\"noopener\">Estados intersexuais<\/a><\/li>\n<li><a title=\"Farmac\u00eauticos-bioqu\u00edmicos podem fazer diagn\u00f3stico do c\u00e2ncer de mama e de colo uterino\" href=\"?p=68\">Farmac\u00eauticos-bioqu\u00edmicos podem fazer diagn\u00f3stico do c\u00e2ncer de mama e de colo uterino<\/a><\/li>\n<li><a href=\"?p=1710\" target=\"_self\" rel=\"noopener\">Hemorragia uterina disfuncional<\/a><\/li>\n<li><a href=\"?p=1714\" target=\"_self\" rel=\"noopener\">Inflama\u00e7\u00f5es genitais altas<\/a><\/li>\n<li><a href=\"?p=1718\" target=\"_self\" rel=\"noopener\">Malforma\u00e7\u00f5es<\/a><\/li>\n<li><a href=\"?p=1723\" target=\"_self\" rel=\"noopener\">Matura\u00e7\u00e3o sexual precoce<\/a><\/li>\n<li><a href=\"?p=1731\" target=\"_self\" rel=\"noopener\">Matura\u00e7\u00e3o sexual tardia<\/a><\/li>\n<li><a title=\"Mulheres sofrem mais de depress\u00e3o que os homens\" href=\"?p=194\">Mulheres sofrem mais de depress\u00e3o que os homens<\/a><\/li>\n<li><a href=\"?p=1727\" target=\"_self\" rel=\"noopener\">O exame ginecol\u00f3gico na crian\u00e7a e na adolescente<\/a><\/li>\n<li><a href=\"?p=1735\" target=\"_self\" rel=\"noopener\">Patologia mam\u00e1ria<\/a><\/li>\n<li><a href=\"?p=1741\" target=\"_self\" rel=\"noopener\">Puberdade normal: a matura\u00e7\u00e3o sexual com seus problemas e conflitos<\/a><\/li>\n<li><a href=\"?p=1745\" target=\"_self\" rel=\"noopener\">Traumas<\/a><\/li>\n<li><a href=\"?p=1749\" target=\"_self\" rel=\"noopener\">Tumores<\/a><\/li>\n<li><a href=\"?p=15810\">Vulvite, vaginite e cervicite<\/a><\/li>\n<li><a href=\"?p=1757\" target=\"_self\" rel=\"noopener\">Refer\u00eancias bibliogr\u00e1ficas<\/a><\/li>\n<\/ul>\n<p style=\"text-align: center;\">[<a href=\"javascript:history.go(-1)\">Voltar<\/a>]<\/p>\n","protected":false},"excerpt":{"rendered":"<p>Introdu\u00e7\u00e3o Um dos problemas mais s\u00e9rios que as meninas enfrentam durante a puberdade \u00e9 a ansiedade das m\u00e3es. Elas querem ver a menina se tornar mo\u00e7a rapidamente e ficam em cima da crian\u00e7a cobrando, investigando, &#8220;rezando&#8221; para que tudo d\u00ea certo e, quando a &#8220;coisa&#8221; n\u00e3o vai bem do jeito que elas &#8211; m\u00e3es, acham [&hellip;]<\/p>\n","protected":false},"author":1,"featured_media":0,"comment_status":"open","ping_status":"open","sticky":false,"template":"","format":"standard","meta":{"footnotes":""},"categories":[18],"tags":[],"class_list":["post-11475","post","type-post","status-publish","format-standard","hentry","category-ginecologia"],"_links":{"self":[{"href":"https:\/\/antonini.psc.br\/index.php?rest_route=\/wp\/v2\/posts\/11475","targetHints":{"allow":["GET"]}}],"collection":[{"href":"https:\/\/antonini.psc.br\/index.php?rest_route=\/wp\/v2\/posts"}],"about":[{"href":"https:\/\/antonini.psc.br\/index.php?rest_route=\/wp\/v2\/types\/post"}],"author":[{"embeddable":true,"href":"https:\/\/antonini.psc.br\/index.php?rest_route=\/wp\/v2\/users\/1"}],"replies":[{"embeddable":true,"href":"https:\/\/antonini.psc.br\/index.php?rest_route=%2Fwp%2Fv2%2Fcomments&post=11475"}],"version-history":[{"count":2,"href":"https:\/\/antonini.psc.br\/index.php?rest_route=\/wp\/v2\/posts\/11475\/revisions"}],"predecessor-version":[{"id":73293,"href":"https:\/\/antonini.psc.br\/index.php?rest_route=\/wp\/v2\/posts\/11475\/revisions\/73293"}],"wp:attachment":[{"href":"https:\/\/antonini.psc.br\/index.php?rest_route=%2Fwp%2Fv2%2Fmedia&parent=11475"}],"wp:term":[{"taxonomy":"category","embeddable":true,"href":"https:\/\/antonini.psc.br\/index.php?rest_route=%2Fwp%2Fv2%2Fcategories&post=11475"},{"taxonomy":"post_tag","embeddable":true,"href":"https:\/\/antonini.psc.br\/index.php?rest_route=%2Fwp%2Fv2%2Ftags&post=11475"}],"curies":[{"name":"wp","href":"https:\/\/api.w.org\/{rel}","templated":true}]}}