{"id":11890,"date":"2010-09-16T02:52:57","date_gmt":"2010-09-16T02:52:57","guid":{"rendered":"http:\/\/opatriota.org\/portal\/?p=11890"},"modified":"2022-02-15T03:26:06","modified_gmt":"2022-02-15T03:26:06","slug":"folha-microsoft-critica-posicao-do-governo-brasileiro-sobre-o-software-livre","status":"publish","type":"post","link":"https:\/\/antonini.psc.br\/?p=11890","title":{"rendered":"Folha: \u201cMicrosoft critica posi\u00e7\u00e3o do governo brasileiro sobre o software livre\u201d"},"content":{"rendered":"<p style=\"text-align: justify;\">Pelo menos nisso o (des)governo brasileiro acertou: uma pol\u00edtica de valoriza\u00e7\u00e3o e prioriza\u00e7\u00e3o do software livre no servi\u00e7o p\u00fablico e isso est\u00e1 incomodando a Micro$oft, pois esta deixa de arrancar milh\u00f5es de d\u00f3lares na venda de seus M$-rWindows para o servi\u00e7o p\u00fablico brasileiro.<!--more--><\/p>\n<div id=\"articleBy\" style=\"text-align: justify;\">\n<p style=\"text-align: justify;\"><strong>BRUNO ROMANI<\/strong><br \/>\nENVIADO ESPECIAL A REDMOND<\/p>\n<\/div>\n<p style=\"text-align: justify;\">O presidente da Microsoft na Am\u00e9rica Latina, Hern\u00e1n Rinc\u00f3n, mandou um  recado ao governo brasileiro: a inova\u00e7\u00e3o de softwares n\u00e3o acontece nas  m\u00e3os de governos e sim do setor privado.<\/p>\n<p style=\"text-align: justify;\">A declara\u00e7\u00e3o foi feita ap\u00f3s ele ser questionado sobre a posi\u00e7\u00e3o do  governo brasileiro de apoio a programas com c\u00f3digo aberto, como o Linux.<\/p>\n<p style=\"text-align: justify;\">Em encontro com jornalistas da Am\u00e9rica Latina em Bellevue, Estado de  Washington, ele disse na manha desta ter\u00e7a: &#8220;Os governos t\u00eam que se  perguntar: o negocio deles \u00e9 servir os cidad\u00e3os ou desenvolver software?  A inova\u00e7\u00e3o est\u00e1 no setor privado&#8221;.<\/p>\n<p style=\"text-align: justify;\">Segundo Rinc\u00f3n, programas livres demandam mais trabalho e investimento  do governo para mant\u00ea-los funcionando e atualizados &#8211;o que n\u00e3o  aconteceria quando empresas cuidam disso para o governo.<\/p>\n<p style=\"text-align: justify;\">O executivo, por\u00e9m, disse que os dois modelos &#8211;software aberto e fechado&#8211; continuar\u00e3o a coexistir.<\/p>\n<p style=\"text-align: justify;\"><strong>Concorr\u00eancia<\/strong><\/p>\n<p style=\"text-align: justify;\">Rinc\u00f3n tamb\u00e9m alfinetou a concorr\u00eancia que apostam em modelos abertos e  sem custo, como o Google. &#8220;Quando voc\u00ea n\u00e3o pode competir, voc\u00ea se  declara aberto. Isso mascara a incompet\u00eancia&#8221;.<\/p>\n<p style=\"text-align: justify;\">O executivo completou: &#8220;Quando \u00e9 conveniente, as empresas se declaram abertas. Elas usam isso para seu pr\u00f3prio benef\u00edcio&#8221;.<\/p>\n<p style=\"text-align: justify;\"><strong>N\u00fameros <\/strong><\/p>\n<p style=\"text-align: justify;\">O executivo tamb\u00e9m apresentou com otimismo n\u00fameros sobre a regi\u00e3o.<\/p>\n<p style=\"text-align: justify;\">Segundo ele, em seis dos \u00faltimos sete anos, a regi\u00e3o teve crescimento  &#8211;a exce\u00e7\u00e3o foi 2008. E o setor tecnol\u00f3gico teve forte participa\u00e7\u00e3o  nisso.<\/p>\n<p style=\"text-align: justify;\">Nos \u00faltimos anos, o setor tecnol\u00f3gico da Am\u00e9rica Latina esteve, na  m\u00e9dia, de dois a tr\u00eas pontos percentuais acima do do crescimento da  regi\u00e3o. Em um ano, por exemplo, em que o crescimento do PIB regional foi  de 5%, a tecnologia da informa\u00e7\u00e3o cresceu de 7% a 8%.<\/p>\n<p style=\"text-align: justify;\">O Brasil, disse Rinc\u00f3n, teve papel de lideran\u00e7a nesse processo.<\/p>\n<p style=\"text-align: justify;\">A Microsoft da Am\u00e9rica Latina acompanhou o crescimento. O executivo  disse que a sua divis\u00e3o \u00e9 a que mais cresce entre todas as divis\u00f5es  regionais. A empresa seria tr\u00eas vezes maior em termos de volume de  neg\u00f3cios do que era sete anos atr\u00e1s.<\/p>\n<p style=\"text-align: justify;\">Segundo ele, 95% dos computadores na Am\u00e9rica Latina rodam Windows. A Apple teria 1,3% e Linux de 2% a 3%.<\/p>\n<p style=\"text-align: justify;\"><strong>O jornalista viajou a convite da Microsoft<\/strong><\/p>\n<div style=\"text-align: justify;\">\n<p style=\"text-align: center;\">[<a href=\"javascript:history.go(-1)\">Voltar<\/a>]<\/p>\n<\/div>\n","protected":false},"excerpt":{"rendered":"<p>Pelo menos nisso o (des)governo brasileiro acertou: uma pol\u00edtica de valoriza\u00e7\u00e3o e prioriza\u00e7\u00e3o do software livre no servi\u00e7o p\u00fablico e isso est\u00e1 incomodando a Micro$oft, pois esta deixa de arrancar milh\u00f5es de d\u00f3lares na venda de seus M$-rWindows para o servi\u00e7o p\u00fablico brasileiro.<\/p>\n","protected":false},"author":1,"featured_media":0,"comment_status":"open","ping_status":"open","sticky":false,"template":"","format":"standard","meta":{"footnotes":""},"categories":[27],"tags":[],"class_list":["post-11890","post","type-post","status-publish","format-standard","hentry","category-noticias"],"_links":{"self":[{"href":"https:\/\/antonini.psc.br\/index.php?rest_route=\/wp\/v2\/posts\/11890","targetHints":{"allow":["GET"]}}],"collection":[{"href":"https:\/\/antonini.psc.br\/index.php?rest_route=\/wp\/v2\/posts"}],"about":[{"href":"https:\/\/antonini.psc.br\/index.php?rest_route=\/wp\/v2\/types\/post"}],"author":[{"embeddable":true,"href":"https:\/\/antonini.psc.br\/index.php?rest_route=\/wp\/v2\/users\/1"}],"replies":[{"embeddable":true,"href":"https:\/\/antonini.psc.br\/index.php?rest_route=%2Fwp%2Fv2%2Fcomments&post=11890"}],"version-history":[{"count":1,"href":"https:\/\/antonini.psc.br\/index.php?rest_route=\/wp\/v2\/posts\/11890\/revisions"}],"predecessor-version":[{"id":27725,"href":"https:\/\/antonini.psc.br\/index.php?rest_route=\/wp\/v2\/posts\/11890\/revisions\/27725"}],"wp:attachment":[{"href":"https:\/\/antonini.psc.br\/index.php?rest_route=%2Fwp%2Fv2%2Fmedia&parent=11890"}],"wp:term":[{"taxonomy":"category","embeddable":true,"href":"https:\/\/antonini.psc.br\/index.php?rest_route=%2Fwp%2Fv2%2Fcategories&post=11890"},{"taxonomy":"post_tag","embeddable":true,"href":"https:\/\/antonini.psc.br\/index.php?rest_route=%2Fwp%2Fv2%2Ftags&post=11890"}],"curies":[{"name":"wp","href":"https:\/\/api.w.org\/{rel}","templated":true}]}}