{"id":12929,"date":"2010-10-10T11:28:36","date_gmt":"2010-10-10T11:28:36","guid":{"rendered":"http:\/\/antonini.med.br\/portal\/?p=12929"},"modified":"2022-02-15T03:26:06","modified_gmt":"2022-02-15T03:26:06","slug":"isso-e-realidade","status":"publish","type":"post","link":"https:\/\/antonini.psc.br\/?p=12929","title":{"rendered":"Isto \u00e9 realidade"},"content":{"rendered":"<p style=\"text-align: justify;\">Que isto n\u00e3o chegue a todos como uma surpresa ou uma brincadeira de mau gosto, pois \u00e9 a pura realidade e est\u00e1 acontecendo bem pr\u00f3ximo de todos. S\u00e3o imagens chocantes e que falam por si mesmas, n\u00e3o necessitando de legendas ou explica\u00e7\u00f5es.<!--more--><\/p>\n<p style=\"text-align: justify;\">Antes que a avareza e o ego\u00edsmo endure\u00e7am vossos cora\u00e7\u00f5es, meditem sobre estas imagens.<\/p>\n<p style=\"text-align: justify;\">Enquanto os pol\u00edticos e governantes est\u00e3o preocupados unicamente em se perpetuarem no poder e roubar o m\u00e1ximo poss\u00edvel os impostos injustos que a popula\u00e7\u00e3o paga \u00e0 for\u00e7a, bem como usurpar as riquesas da na\u00e7\u00e3o, milh\u00f5es de seres humanos encontram-se na situa\u00e7\u00e3o mostrada pelas imagens abaixo.<\/p>\n<p style=\"text-align: justify;\">Clique sobre as imagens para ampli\u00e1-las.<\/p>\n<p style=\"text-align: center;\"><img loading=\"lazy\" decoding=\"async\" class=\"aligncenter size-full wp-image-15456\" alt=\"852\" src=\"http:\/\/cienciasdasaude.med.br\/blog\/wp-content\/uploads\/2010\/10\/852.jpg\" width=\"579\" height=\"377\" \/><\/p>\n<p style=\"text-align: center;\">[singlepic id=853 w=320 h=240 float=center]<\/p>\n<p style=\"text-align: center;\">[singlepic id=854 w=320 h=240 float=center]<\/p>\n<p style=\"text-align: center;\">[singlepic id=855 w=320 h=240 float=center]<\/p>\n<p style=\"text-align: center;\">[singlepic id=856 w=320 h=240 float=center]<\/p>\n<p style=\"text-align: center;\">[singlepic id=857 w=320 h=240 float=center]<\/p>\n<p style=\"text-align: center;\">[singlepic id=858 w=320 h=240 float=center]<\/p>\n<p style=\"text-align: center;\">[singlepic id=859 w=320 h=240 float=center]<\/p>\n<p style=\"text-align: justify;\">Algumas informa\u00e7\u00f5es sobre a \u00faltima fotografia:<\/p>\n<ul>\n<li style=\"text-align: justify;\">Pulitzer 1994 &#8211; Kevin Carter<\/li>\n<li style=\"text-align: justify;\">Esta foto foi vencedora do &#8220;Pr\u00e9mio Pulitzer&#8221;, e foi tirada em 1994, durante a grande crise de fome que avassalou o Sud\u00e3o.<\/li>\n<li style=\"text-align: justify;\">A foto mostra uma crian\u00e7a faminta e agonizante, que rasteja em dire\u00e7\u00e3o a um campo de alimentos das Na\u00e7\u00f5es Unidas, situado a 1km de dist\u00e2ncia.<\/li>\n<li style=\"text-align: justify;\">O abutre espera que a crian\u00e7a morra, para devor\u00e1-la-la. Esta foto chocou o mundo inteiro. Ningu\u00e9m sabe o que aconteceu \u00e0 crian\u00e7a, nem mesmo o fotografo Kevin carter, que deixou o local logo que terminou a foto.<\/li>\n<li style=\"text-align: justify;\">Tr\u00eas meses mais tarde, Carter suicidou-se devido a uma depress\u00e3o.<\/li>\n<\/ul>\n<p style=\"text-align: center;\">[<a href=\"javascript:history.go(-1)\">Voltar<\/a>]<\/p>\n","protected":false},"excerpt":{"rendered":"<p>Que isto n\u00e3o chegue a todos como uma surpresa ou uma brincadeira de mau gosto, pois \u00e9 a pura realidade e est\u00e1 acontecendo bem pr\u00f3ximo de todos. S\u00e3o imagens chocantes e que falam por si mesmas, n\u00e3o necessitando de legendas ou explica\u00e7\u00f5es.<\/p>\n","protected":false},"author":1,"featured_media":0,"comment_status":"open","ping_status":"open","sticky":false,"template":"","format":"standard","meta":{"footnotes":""},"categories":[27],"tags":[],"class_list":["post-12929","post","type-post","status-publish","format-standard","hentry","category-noticias"],"_links":{"self":[{"href":"https:\/\/antonini.psc.br\/index.php?rest_route=\/wp\/v2\/posts\/12929","targetHints":{"allow":["GET"]}}],"collection":[{"href":"https:\/\/antonini.psc.br\/index.php?rest_route=\/wp\/v2\/posts"}],"about":[{"href":"https:\/\/antonini.psc.br\/index.php?rest_route=\/wp\/v2\/types\/post"}],"author":[{"embeddable":true,"href":"https:\/\/antonini.psc.br\/index.php?rest_route=\/wp\/v2\/users\/1"}],"replies":[{"embeddable":true,"href":"https:\/\/antonini.psc.br\/index.php?rest_route=%2Fwp%2Fv2%2Fcomments&post=12929"}],"version-history":[{"count":1,"href":"https:\/\/antonini.psc.br\/index.php?rest_route=\/wp\/v2\/posts\/12929\/revisions"}],"predecessor-version":[{"id":30946,"href":"https:\/\/antonini.psc.br\/index.php?rest_route=\/wp\/v2\/posts\/12929\/revisions\/30946"}],"wp:attachment":[{"href":"https:\/\/antonini.psc.br\/index.php?rest_route=%2Fwp%2Fv2%2Fmedia&parent=12929"}],"wp:term":[{"taxonomy":"category","embeddable":true,"href":"https:\/\/antonini.psc.br\/index.php?rest_route=%2Fwp%2Fv2%2Fcategories&post=12929"},{"taxonomy":"post_tag","embeddable":true,"href":"https:\/\/antonini.psc.br\/index.php?rest_route=%2Fwp%2Fv2%2Ftags&post=12929"}],"curies":[{"name":"wp","href":"https:\/\/api.w.org\/{rel}","templated":true}]}}