{"id":13171,"date":"2010-11-08T23:02:45","date_gmt":"2010-11-08T23:02:45","guid":{"rendered":"http:\/\/www.cienciasdasaude.org\/portal\/?p=13171"},"modified":"2022-02-15T03:26:06","modified_gmt":"2022-02-15T03:26:06","slug":"efeito-de-antibiotico-dura-2-anos-no-corpo","status":"publish","type":"post","link":"https:\/\/antonini.psc.br\/?p=13171","title":{"rendered":"Efeito de antibi\u00f3tico dura 2 anos no corpo"},"content":{"rendered":"<p style=\"text-align: justify;\">Essa \u00e9 mais uma daquelas pesquisas &#8220;made in pseudoci\u00eancias&#8221;.<!--more--><\/p>\n<p style=\"text-align: justify;\">Saiu na Folha de S\u00e3o Paulo uma mat\u00e9ria atestando que os antibi\u00f3ticos prejudicam as defesas do organismo por mais de dois anos porque destroem a flora intestinal.<\/p>\n<p style=\"text-align: justify;\">[singlepic id=860 w=320 h=240 float=left]Pois bem, para se ter uma imunodepress\u00e3o, que seria o <strong><em>&#8220;prejudicar as defesas do organismo&#8221;, <\/em><\/strong>conforme o que est\u00e1 escrito na reportagem da Folha, precisa haver uma deple\u00e7\u00e3o (diminui\u00e7\u00e3o no n\u00famero) dos linf\u00f3citos, especialmente os T4, ou uma dessincroniza\u00e7\u00e3o nas fun\u00e7\u00f5es dos diferentes linf\u00f3citos existentes no organismo e os antibi\u00f3ticos n\u00e3o tem esta capacidade. O m\u00e1ximo que alguns deles pode fazer \u00e9 matar por choque anafil\u00e1tico, intoxica\u00e7\u00f5es com hepatopatias fatais, sindrome de Steven-johnsons (eritema bolhoso multiforme &#8211; ver figura \u00e0 esquerda), mas n\u00e3o atacam o sistema imunol\u00f3gico.<\/p>\n<p style=\"text-align: justify;\">A flora intestinal n\u00e3o tem nada a ver com o sistema imunol\u00f3gico. Constitui-se de bact\u00e9rias sapr\u00f3fitas que ajudam a metabolizar alguns compostos minerais e algumas vitaminas; exercem alguma a\u00e7\u00e3o sobre as mucosas mantendo-as limpas, e nada mais.<\/p>\n<p style=\"text-align: justify;\"><img loading=\"lazy\" decoding=\"async\" class=\"aligncenter size-full wp-image-16331\" alt=\"estrutura_vancomicina\" src=\"http:\/\/antonini.med.br\/home\/wp-content\/uploads\/2010\/11\/estrutura_vancomicina.jpg\" width=\"471\" height=\"399\" srcset=\"https:\/\/antonini.psc.br\/wp-content\/uploads\/2010\/11\/estrutura_vancomicina.jpg 471w, https:\/\/antonini.psc.br\/wp-content\/uploads\/2010\/11\/estrutura_vancomicina-300x254.jpg 300w\" sizes=\"auto, (max-width: 471px) 100vw, 471px\" \/><\/p>\n<p style=\"text-align: justify;\">Esse tipo de mat\u00e9ria tendenciosa s\u00f3 interessa aos m\u00e9dicos que pensam terem varinhas de cond\u00e3o e que os f\u00e1rmacos obedecem \u00e0s suas vontades e ainda, pensam que todas as pessoas n\u00e3o pensam e engolem esta farsa. Que fique claro: <strong>o efeito de um f\u00e1rmaco \u00e9 inerente ao seu mecanismo de a\u00e7\u00e3o e independe da vontade de qualquer pessoa, seja farmac\u00eautico, pai-de-santo, enfermeiro, ou M\u00c9DICO.<\/strong><\/p>\n<p style=\"text-align: justify;\">Apesar do bobajol besteir\u00edtico do artigo, existe um dado verdadeiro que, embora n\u00e3o mencionado, deve ser exposto: o uso de antibi\u00f3ticos pode conservar um corpo intacto por anos, pois os antimicrobianos impregnam os tecidos impedindo o desenvolvimento das bact\u00e9rias sapr\u00f3fitas, que decomp\u00f5em o corpo. Alguns antibi\u00f3ticos podem levar at\u00e9 30 anos ou mais para perderem sua a\u00e7\u00e3o (ex. vancomicina &#8211; imagem \u00e0 direita), sendo comum encontrar corpos inteiros e conservados em exuma\u00e7\u00f5es, de onde surgiu o mito do corpo seco, que \u00e9 uma esp\u00e9cie de assombra\u00e7\u00e3o que fica assustando as pessoas nas estradas. Em vida, era um homem que foi muito malvado e s\u00f3 pensava em fazer coisas ruins, chegando a prejudicar e maltratar a pr\u00f3pria m\u00e3e. Ap\u00f3s sua morte, foi rejeitado pela terra e teve que viver como uma alma penada.<\/p>\n<p style=\"text-align: justify;\">Infelizamente n\u00e3o \u00e9 poss\u00edvel colocar aqui o link para a mat\u00e9ria por ela estar dispon\u00edvel apenas aos assinantes do UOL e da Folha de S\u00e3o Paulo.<\/p>\n<p style=\"text-align: center;\">[<a href=\"javascript:history.go(-1)\">Voltar<\/a>]<\/p>\n<div id=\"_mcePaste\" style=\"position: absolute; left: -10000px; top: 0px; width: 1px; height: 1px; overflow: hidden;\">[singlepic id=860 w=320 h=240 float=right]<\/div>\n","protected":false},"excerpt":{"rendered":"<p>Essa \u00e9 mais uma daquelas pesquisas &#8220;made in pseudoci\u00eancias&#8221;.<\/p>\n","protected":false},"author":1,"featured_media":0,"comment_status":"open","ping_status":"open","sticky":false,"template":"","format":"standard","meta":{"footnotes":""},"categories":[27],"tags":[],"class_list":["post-13171","post","type-post","status-publish","format-standard","hentry","category-noticias"],"_links":{"self":[{"href":"https:\/\/antonini.psc.br\/index.php?rest_route=\/wp\/v2\/posts\/13171","targetHints":{"allow":["GET"]}}],"collection":[{"href":"https:\/\/antonini.psc.br\/index.php?rest_route=\/wp\/v2\/posts"}],"about":[{"href":"https:\/\/antonini.psc.br\/index.php?rest_route=\/wp\/v2\/types\/post"}],"author":[{"embeddable":true,"href":"https:\/\/antonini.psc.br\/index.php?rest_route=\/wp\/v2\/users\/1"}],"replies":[{"embeddable":true,"href":"https:\/\/antonini.psc.br\/index.php?rest_route=%2Fwp%2Fv2%2Fcomments&post=13171"}],"version-history":[{"count":1,"href":"https:\/\/antonini.psc.br\/index.php?rest_route=\/wp\/v2\/posts\/13171\/revisions"}],"predecessor-version":[{"id":27695,"href":"https:\/\/antonini.psc.br\/index.php?rest_route=\/wp\/v2\/posts\/13171\/revisions\/27695"}],"wp:attachment":[{"href":"https:\/\/antonini.psc.br\/index.php?rest_route=%2Fwp%2Fv2%2Fmedia&parent=13171"}],"wp:term":[{"taxonomy":"category","embeddable":true,"href":"https:\/\/antonini.psc.br\/index.php?rest_route=%2Fwp%2Fv2%2Fcategories&post=13171"},{"taxonomy":"post_tag","embeddable":true,"href":"https:\/\/antonini.psc.br\/index.php?rest_route=%2Fwp%2Fv2%2Ftags&post=13171"}],"curies":[{"name":"wp","href":"https:\/\/api.w.org\/{rel}","templated":true}]}}