{"id":13238,"date":"2010-11-13T16:15:29","date_gmt":"2010-11-13T16:15:29","guid":{"rendered":"http:\/\/www.cienciasdasaude.org\/portal\/?p=13238"},"modified":"2022-02-15T03:26:05","modified_gmt":"2022-02-15T03:26:05","slug":"alimentacao-especial-para-o-bebe-pode-ajudar-a-prevenir-diabetes-tipo-1-diz-estudo","status":"publish","type":"post","link":"https:\/\/antonini.psc.br\/?p=13238","title":{"rendered":"Alimenta\u00e7\u00e3o especial para o beb\u00ea pode ajudar a prevenir diabetes tipo 1, diz estudo"},"content":{"rendered":"<p style=\"text-align: justify;\">A quem interessa este estudo? Os resulados de duzentos e trinta indiv\u00edduos em uma amostra \u00e9 infinitamente insignificante para se proferir uma conclus\u00e3o desta natureza e magnitude\u00a0 e que se pretende extrapolar para a popula\u00e7\u00e3o mundial que \u00e9 de quase sete bilh\u00f5es de pessoas. O diabetes tipo I est\u00e1 associado \u00e0 heran\u00e7a gen\u00e9tica e, por isso, n\u00e3o h\u00e1 o que se possa fazer para &#8220;matar&#8221; o gene que condiciona o aparecimento da anomalia. N\u00e3o existe f\u00f3rmula especial, m\u00e1gica, despacho em encruzilhada, benzimento, descarrego&#8230; Nada que mude a codifica\u00e7\u00e3o dos anticorpos pelo RNA transcrito do DNA. Quem est\u00e1 por tr\u00e1s dessa descoberta? Quanto ele cobrar\u00e1 por ela e para qual ind\u00fastria ou corpora\u00e7\u00e3o ele vender\u00e1 os direitos de produ\u00e7\u00e3o e comercializa\u00e7\u00e3o? Qualquer profissional da \u00e1rea de sa\u00fade que tenha estudado bioqu\u00edmica e gen\u00e9tica \u00e0 s\u00e9rio, recha\u00e7a de imediato este estudo. Leia <a href=\"http:\/\/boasaude.uol.com.br\/news\/index.cfm?news_id=8754&amp;mode=browse\" target=\"_blank\" rel=\"noopener noreferrer\">aqui<\/a><\/p>\n","protected":false},"excerpt":{"rendered":"<p>A quem interessa este estudo? Os resulados de duzentos e trinta indiv\u00edduos em uma amostra \u00e9 infinitamente insignificante para se proferir uma conclus\u00e3o desta natureza e magnitude\u00a0 e que se pretende extrapolar para a popula\u00e7\u00e3o mundial que \u00e9 de quase sete bilh\u00f5es de pessoas. O diabetes tipo I est\u00e1 associado \u00e0 heran\u00e7a gen\u00e9tica e, por [&hellip;]<\/p>\n","protected":false},"author":1,"featured_media":0,"comment_status":"open","ping_status":"open","sticky":false,"template":"","format":"standard","meta":{"footnotes":""},"categories":[27],"tags":[],"class_list":["post-13238","post","type-post","status-publish","format-standard","hentry","category-noticias"],"_links":{"self":[{"href":"https:\/\/antonini.psc.br\/index.php?rest_route=\/wp\/v2\/posts\/13238","targetHints":{"allow":["GET"]}}],"collection":[{"href":"https:\/\/antonini.psc.br\/index.php?rest_route=\/wp\/v2\/posts"}],"about":[{"href":"https:\/\/antonini.psc.br\/index.php?rest_route=\/wp\/v2\/types\/post"}],"author":[{"embeddable":true,"href":"https:\/\/antonini.psc.br\/index.php?rest_route=\/wp\/v2\/users\/1"}],"replies":[{"embeddable":true,"href":"https:\/\/antonini.psc.br\/index.php?rest_route=%2Fwp%2Fv2%2Fcomments&post=13238"}],"version-history":[{"count":1,"href":"https:\/\/antonini.psc.br\/index.php?rest_route=\/wp\/v2\/posts\/13238\/revisions"}],"predecessor-version":[{"id":27688,"href":"https:\/\/antonini.psc.br\/index.php?rest_route=\/wp\/v2\/posts\/13238\/revisions\/27688"}],"wp:attachment":[{"href":"https:\/\/antonini.psc.br\/index.php?rest_route=%2Fwp%2Fv2%2Fmedia&parent=13238"}],"wp:term":[{"taxonomy":"category","embeddable":true,"href":"https:\/\/antonini.psc.br\/index.php?rest_route=%2Fwp%2Fv2%2Fcategories&post=13238"},{"taxonomy":"post_tag","embeddable":true,"href":"https:\/\/antonini.psc.br\/index.php?rest_route=%2Fwp%2Fv2%2Ftags&post=13238"}],"curies":[{"name":"wp","href":"https:\/\/api.w.org\/{rel}","templated":true}]}}