{"id":13360,"date":"2010-12-30T04:01:36","date_gmt":"2010-12-30T04:01:36","guid":{"rendered":"http:\/\/www.cienciasdasaude.org\/portal\/?p=13360"},"modified":"2022-02-15T03:26:05","modified_gmt":"2022-02-15T03:26:05","slug":"morre-modelo-famosa-por-foto-em-campanha-contra-anorexia","status":"publish","type":"post","link":"https:\/\/antonini.psc.br\/?p=13360","title":{"rendered":"Morre modelo famosa por foto em campanha contra anorexia"},"content":{"rendered":"<p style=\"text-align: justify;\">Uma das pragas do mundo moderno \u00e9 o culto ao corpo que cria uma verdadeira obcess\u00e3o por medidas perfeitas, magreza e beleza. Os adolescentes s\u00e3o as maiores v\u00edtimas dessa cultura err\u00f4nea, para n\u00e3o dizer criminosa.<!--more--><\/p>\n<p style=\"text-align: justify;\">A modelo e atriz francesa Isabelle Caro, que em 2007 posou nua para uma campanha contra a anorexia mostrando seu corpo devastado pela doen\u00e7a, morreu em 17 de novembro, informou nesta quarta-feira (29) o site su\u00ed\u00e7o 20 Minutes.<\/p>\n<p style=\"text-align: justify;\">A primeira informa\u00e7\u00e3o de sua morte foi divulgada atrav\u00e9s de uma rede social na internet por um amigo da modelo, que tinha 28 anos e provocou como\u00e7\u00e3o com as fotografias feitas h\u00e1 tr\u00eas anos.<\/p>\n<p style=\"text-align: justify;\">No meio da campanha, dirigida pelo fot\u00f3grafo Oliviero Toscani, conhecido por suas ideias provocadoras e pelas campanhas publicit\u00e1rias da grife Benetton, Caro explicou que tinha aceitado posar para alertar as jovens sobre o perigo das dietas, dos ditados da moda e da anorexia.<\/p>\n<p style=\"text-align: justify;\">Seu objetivo, segundo ela, era sensibilizar as mulheres sobre essa amea\u00e7a, que pesava sobre sua vida desde que ela tinha 13 anos e que a levou a pesar 25 quilos (tinha 1,64 m de altura). No come\u00e7o deste ano, Caro disse que conseguiu pesar 42 quilos.<\/p>\n<p style=\"text-align: justify;\">Para Caro, a culpada pela doen\u00e7a era sua m\u00e3e, possessiva e que a teria feito viver reclusa em um chal\u00e9, dos 4 aos 11 anos, com ela e o padrasto.<\/p>\n<p style=\"text-align: center;\"><img loading=\"lazy\" decoding=\"async\" class=\"aligncenter size-full wp-image-16320\" alt=\"anorexia\" src=\"http:\/\/antonini.med.br\/home\/wp-content\/uploads\/2010\/12\/anorexia.jpg\" width=\"569\" height=\"308\" srcset=\"https:\/\/antonini.psc.br\/wp-content\/uploads\/2010\/12\/anorexia.jpg 569w, https:\/\/antonini.psc.br\/wp-content\/uploads\/2010\/12\/anorexia-300x162.jpg 300w\" sizes=\"auto, (max-width: 569px) 100vw, 569px\" \/><\/p>\n<p style=\"text-align: justify;\">A morte, que foi mantida em segredo pela fam\u00edlia, n\u00e3o teve sua causa revelada.<\/p>\n<p style=\"text-align: justify;\">Seu amigo Vincent Bigler informou ao site que a modelo havia sido hospitalizada durante duas semanas por causa de uma pneumonia, e que ultimamente mostrava um estado de extrema fraqueza. No entanto, ele disse n\u00e3o saber a causa de sua morte.<\/p>\n<p style=\"text-align: justify;\"><strong>CH\u00c1 EM COLHERINHAS<\/strong><\/p>\n<p style=\"text-align: justify;\">Uma reportagem do jornal espanhol &#8220;El Pa\u00eds&#8221;, publicada em 2007, conta que Caro tinha uma dieta singular: um pouco de l\u00edquido, chocolate e bolinhos de morango.<\/p>\n<p style=\"text-align: justify;\">&#8220;Esperava com impaci\u00eancia \u00e0s 5h da manh\u00e3, hora em que me concedia o direito de beber uns golinhos de Coca Light e duas x\u00edcaras de ch\u00e1, que degustava em um tipo de ritual euf\u00f3rico, com a ajuda de colherinhas, as menores que encontrei no supermercado&#8221;, contou ela ao jornal.<\/p>\n<p style=\"text-align: justify;\">Segundo o peri\u00f3dico, ela se considerava v\u00edtima de uma seita da qual ela mesma era a guru.<\/p>\n<p style=\"text-align: center;\">[<a href=\"javascript:history.go(-1)\">Voltar<\/a>]<\/p>\n","protected":false},"excerpt":{"rendered":"<p>Uma das pragas do mundo moderno \u00e9 o culto ao corpo que cria uma verdadeira obcess\u00e3o por medidas perfeitas, magreza e beleza. Os adolescentes s\u00e3o as maiores v\u00edtimas dessa cultura err\u00f4nea, para n\u00e3o dizer criminosa.<\/p>\n","protected":false},"author":1,"featured_media":0,"comment_status":"open","ping_status":"open","sticky":false,"template":"","format":"standard","meta":{"footnotes":""},"categories":[27],"tags":[],"class_list":["post-13360","post","type-post","status-publish","format-standard","hentry","category-noticias"],"_links":{"self":[{"href":"https:\/\/antonini.psc.br\/index.php?rest_route=\/wp\/v2\/posts\/13360","targetHints":{"allow":["GET"]}}],"collection":[{"href":"https:\/\/antonini.psc.br\/index.php?rest_route=\/wp\/v2\/posts"}],"about":[{"href":"https:\/\/antonini.psc.br\/index.php?rest_route=\/wp\/v2\/types\/post"}],"author":[{"embeddable":true,"href":"https:\/\/antonini.psc.br\/index.php?rest_route=\/wp\/v2\/users\/1"}],"replies":[{"embeddable":true,"href":"https:\/\/antonini.psc.br\/index.php?rest_route=%2Fwp%2Fv2%2Fcomments&post=13360"}],"version-history":[{"count":1,"href":"https:\/\/antonini.psc.br\/index.php?rest_route=\/wp\/v2\/posts\/13360\/revisions"}],"predecessor-version":[{"id":27664,"href":"https:\/\/antonini.psc.br\/index.php?rest_route=\/wp\/v2\/posts\/13360\/revisions\/27664"}],"wp:attachment":[{"href":"https:\/\/antonini.psc.br\/index.php?rest_route=%2Fwp%2Fv2%2Fmedia&parent=13360"}],"wp:term":[{"taxonomy":"category","embeddable":true,"href":"https:\/\/antonini.psc.br\/index.php?rest_route=%2Fwp%2Fv2%2Fcategories&post=13360"},{"taxonomy":"post_tag","embeddable":true,"href":"https:\/\/antonini.psc.br\/index.php?rest_route=%2Fwp%2Fv2%2Ftags&post=13360"}],"curies":[{"name":"wp","href":"https:\/\/api.w.org\/{rel}","templated":true}]}}