{"id":13393,"date":"2010-12-18T16:18:47","date_gmt":"2010-12-18T16:18:47","guid":{"rendered":"http:\/\/opatriota.org\/portal\/?p=13393"},"modified":"2022-02-15T03:26:05","modified_gmt":"2022-02-15T03:26:05","slug":"relatorio-acusa-premie-de-kosovo-de-envolvimento-em-trafico-de-orgaos","status":"publish","type":"post","link":"https:\/\/antonini.psc.br\/?p=13393","title":{"rendered":"Relat\u00f3rio acusa premi\u00ea de Kosovo de envolvimento em tr\u00e1fico de \u00f3rg\u00e3os"},"content":{"rendered":"<p style=\"text-align: justify;\">Ser\u00e1 que os \u00f3rg\u00e3os traficados por este criminoso da pior esp\u00e9cie, n\u00e3o foram retirados \u00e0 for\u00e7a? Ser\u00e1 que n\u00e3o mataram pessoas para arrancar os \u00f3rg\u00e3os?<!--more--> Leia <a href=\"http:\/\/www1.folha.uol.com.br\/mundo\/847891-relatorio-acusa-premie-de-kosovo-de-envolvimento-em-trafico-de-orgaos.shtml\" target=\"_blank\" rel=\"noopener noreferrer\">aqui<\/a><\/p>\n<p style=\"text-align: justify;\">\n<p style=\"text-align: center;\">[<a href=\"javascript:history.go(-1)\">Voltar<\/a>]<\/p>\n","protected":false},"excerpt":{"rendered":"<p>Ser\u00e1 que os \u00f3rg\u00e3os traficados por este criminoso da pior esp\u00e9cie, n\u00e3o foram retirados \u00e0 for\u00e7a? Ser\u00e1 que n\u00e3o mataram pessoas para arrancar os \u00f3rg\u00e3os?<\/p>\n","protected":false},"author":1,"featured_media":0,"comment_status":"open","ping_status":"open","sticky":false,"template":"","format":"standard","meta":{"footnotes":""},"categories":[27],"tags":[],"class_list":["post-13393","post","type-post","status-publish","format-standard","hentry","category-noticias"],"_links":{"self":[{"href":"https:\/\/antonini.psc.br\/index.php?rest_route=\/wp\/v2\/posts\/13393","targetHints":{"allow":["GET"]}}],"collection":[{"href":"https:\/\/antonini.psc.br\/index.php?rest_route=\/wp\/v2\/posts"}],"about":[{"href":"https:\/\/antonini.psc.br\/index.php?rest_route=\/wp\/v2\/types\/post"}],"author":[{"embeddable":true,"href":"https:\/\/antonini.psc.br\/index.php?rest_route=\/wp\/v2\/users\/1"}],"replies":[{"embeddable":true,"href":"https:\/\/antonini.psc.br\/index.php?rest_route=%2Fwp%2Fv2%2Fcomments&post=13393"}],"version-history":[{"count":1,"href":"https:\/\/antonini.psc.br\/index.php?rest_route=\/wp\/v2\/posts\/13393\/revisions"}],"predecessor-version":[{"id":27668,"href":"https:\/\/antonini.psc.br\/index.php?rest_route=\/wp\/v2\/posts\/13393\/revisions\/27668"}],"wp:attachment":[{"href":"https:\/\/antonini.psc.br\/index.php?rest_route=%2Fwp%2Fv2%2Fmedia&parent=13393"}],"wp:term":[{"taxonomy":"category","embeddable":true,"href":"https:\/\/antonini.psc.br\/index.php?rest_route=%2Fwp%2Fv2%2Fcategories&post=13393"},{"taxonomy":"post_tag","embeddable":true,"href":"https:\/\/antonini.psc.br\/index.php?rest_route=%2Fwp%2Fv2%2Ftags&post=13393"}],"curies":[{"name":"wp","href":"https:\/\/api.w.org\/{rel}","templated":true}]}}