{"id":13435,"date":"2011-02-17T20:58:26","date_gmt":"2011-02-17T20:58:26","guid":{"rendered":"http:\/\/www.cienciasdasaude.org\/portal\/?p=13435"},"modified":"2022-02-15T03:26:04","modified_gmt":"2022-02-15T03:26:04","slug":"veto-a-inibidor-de-apetite-favorece-cirurgia-bariatrica","status":"publish","type":"post","link":"https:\/\/antonini.psc.br\/?p=13435","title":{"rendered":"Veto a inibidor de apetite favorece cirurgia bari\u00e1trica"},"content":{"rendered":"<p style=\"text-align: justify;\">Proibir drogas emagrecedoras, como quer a Anvisa, levar\u00e1 ao aumento no n\u00famero de cirurgias de redu\u00e7\u00e3o do est\u00f4mago, dizem m\u00e9dicos.<!--more--><\/p>\n<p style=\"text-align: justify;\"><img loading=\"lazy\" decoding=\"async\" class=\"alignleft size-full wp-image-16314\" alt=\"sibutramina\" src=\"http:\/\/antonini.med.br\/home\/wp-content\/uploads\/2011\/02\/sibutramina.jpg\" width=\"195\" height=\"243\" \/>Proibir drogas emagrecedoras, como quer a Anvisa, levar\u00e1 ao aumento no n\u00famero de cirurgias de redu\u00e7\u00e3o do est\u00f4mago, dizem m\u00e9dicos.<\/p>\n<p style=\"text-align: justify;\">Com a poss\u00edvel retirada desses rem\u00e9dios do mercado, sobram poucas alternativas para tratar a obesidade.<\/p>\n<p style=\"text-align: justify;\">Em muitos casos, a \u00fanica sa\u00edda ser\u00e1 a cirurgia bari\u00e1trica, hoje indicada para pacientes com IMC (\u00edndice de massa corporal) acima de 35 e doen\u00e7as associadas, como diabetes e hipertens\u00e3o.<\/p>\n<p style=\"text-align: justify;\">J\u00e1 est\u00e1 em estudo nos EUA, na It\u00e1lia e Espanha a redu\u00e7\u00e3o do limite m\u00ednimo de IMC para a indica\u00e7\u00e3o da opera\u00e7\u00e3o.<\/p>\n<p style=\"text-align: justify;\">O cirurgi\u00e3o Ricardo Cohen, presidente da Sociedade Brasileira de Cirurgia Bari\u00e1trica, est\u00e1 coordenando uma pesquisa no Hospital Oswaldo Cruz sobre a efic\u00e1cia da opera\u00e7\u00e3o em pessoas com IMC entre 30 e 35. O estudo tem financiamento do Minist\u00e9rio da Sa\u00fade.<\/p>\n<p style=\"text-align: justify;\">Foram recrutados 105 volunt\u00e1rios, que ser\u00e3o operados dentro de semanas. Para Cohen, o procedimento \u00e9 mais seguro do que as drogas. &#8220;Nunca se falou em retirar a cirurgia do mercado. Isso prova sua seguran\u00e7a&#8221;, diz.<\/p>\n<p style=\"text-align: justify;\">A previs\u00e3o \u00e9 que neste ano sejam feitas 70 mil redu\u00e7\u00f5es de est\u00f4mago no pa\u00eds.<\/p>\n<p style=\"text-align: justify;\">Para Alfredo Halpern, endocrinologista do Hospital das Cl\u00ednicas, o aumento das cirurgias preocupa: &#8220;N\u00e3o \u00e9 mais simples tomar rem\u00e9dio? Fa\u00e7o um paciente perder 30 kg s\u00f3 com medica\u00e7\u00e3o&#8221;.<\/p>\n<p style=\"text-align: justify;\">Estudos mostram que 16% das pessoas que passam por redu\u00e7\u00e3o do est\u00f4mago t\u00eam alguma altera\u00e7\u00e3o neurol\u00f3gica, como perda de mem\u00f3ria ou confus\u00e3o mental, diz Eduardo Mutarelli, neurologista do Hospital S\u00edrio-Liban\u00eas.<\/p>\n<p style=\"text-align: right;\">Editoria de Arte \/ Folhapress\/Editoria de Arte \/ Folhapress<\/p>\n<p style=\"text-align: center;\">[singlepic id=885 w=320 h=240 float=center]<\/p>\n<p style=\"text-align: center;\">Clique para ampliar<\/p>\n<p style=\"text-align: justify;\"><strong>Onda de proibi\u00e7\u00e3o<\/strong><\/p>\n<p style=\"text-align: justify;\">A Anvisa estuda proibir a sibutramina, droga que age no sistema nervoso central, desde o in\u00edcio de 2010.<\/p>\n<p style=\"text-align: justify;\">Ontem, anunciou uma audi\u00eancia p\u00fablica para quarta, em que ser\u00e1 apresentado um parecer pedindo a proibi\u00e7\u00e3o dos medicamentos com sibutramina e tr\u00eas tipos de anfetamina: anfepramona, femproporex e mazindol.<\/p>\n<p style=\"text-align: justify;\">A decis\u00e3o deve ser divulgada no dia 1\u00ba de mar\u00e7o.<\/p>\n<p style=\"text-align: justify;\">A Anvisa diz que a sibutramina tem baixa efic\u00e1cia e eleva em 20% o risco card\u00edaco. O parecer foi embasado no estudo Scout, feito em 16 pa\u00edses, que saiu no &#8220;New England Journal of Medicine&#8221;.<\/p>\n<p style=\"text-align: justify;\">Na pesquisa, 10 mil obesos com mais de 55 anos e hist\u00f3rico de doen\u00e7as card\u00edacas tomaram sibutramina por tr\u00eas anos e quatro meses.<\/p>\n<p style=\"text-align: justify;\">Segundo Walmir Coutinho, da Sociedade Brasileira de Endocrinologia e Metabologia e um dos autores do estudo, os resultados n\u00e3o justificam proibir a droga.<\/p>\n<p style=\"text-align: justify;\">O cardiologista Daniel Magnoni, do HCor, diz que o problema \u00e9 a vulgariza\u00e7\u00e3o da droga. &#8220;Com uso correto, as complica\u00e7\u00f5es s\u00e3o menores.&#8221;<\/p>\n<p style=\"text-align: justify;\">A \u00fanica droga para obesidade fora da mira da Anvisa \u00e9 o Xenical (orlistate), que n\u00e3o \u00e9 um inibidor de apetite: diminui a absor\u00e7\u00e3o de gordura.<\/p>\n<p style=\"text-align: justify;\">&#8220;S\u00f3 isso n\u00e3o resolve. Uma pessoa com compuls\u00e3o n\u00e3o vai ser curada&#8221;, diz Halpern.<\/p>\n<p style=\"text-align: justify;\"><strong>Cronologia<\/strong><\/p>\n<p style=\"text-align: justify;\"><strong>1997<\/strong><br \/>\nA sibutramina \u00e9 aprovada pela FDA (ag\u00eancia americana)<\/p>\n<p style=\"text-align: justify;\"><strong>Novembro de 2009<\/strong><br \/>\nDados preliminares do estudo Scout, com 10 mil pacientes, mostram que a droga aumenta o risco card\u00edaco<\/p>\n<p style=\"text-align: justify;\"><strong>Janeiro de 2010<\/strong><br \/>\nA ag\u00eancia europeia de medicamentos recomenda a suspens\u00e3o da droga<\/p>\n<p style=\"text-align: justify;\"><strong>Mar\u00e7o de 2010<\/strong><br \/>\nA Anvisa passa a exigir que a droga seja vendida s\u00f3 com receita de controle especial<\/p>\n<p style=\"text-align: center;\">[<a href=\"javascript:history.go(-1)\">Voltar<\/a>]<\/p>\n","protected":false},"excerpt":{"rendered":"<p>Proibir drogas emagrecedoras, como quer a Anvisa, levar\u00e1 ao aumento no n\u00famero de cirurgias de redu\u00e7\u00e3o do est\u00f4mago, dizem m\u00e9dicos.<\/p>\n","protected":false},"author":1,"featured_media":0,"comment_status":"open","ping_status":"open","sticky":false,"template":"","format":"standard","meta":{"footnotes":""},"categories":[27],"tags":[],"class_list":["post-13435","post","type-post","status-publish","format-standard","hentry","category-noticias"],"_links":{"self":[{"href":"https:\/\/antonini.psc.br\/index.php?rest_route=\/wp\/v2\/posts\/13435","targetHints":{"allow":["GET"]}}],"collection":[{"href":"https:\/\/antonini.psc.br\/index.php?rest_route=\/wp\/v2\/posts"}],"about":[{"href":"https:\/\/antonini.psc.br\/index.php?rest_route=\/wp\/v2\/types\/post"}],"author":[{"embeddable":true,"href":"https:\/\/antonini.psc.br\/index.php?rest_route=\/wp\/v2\/users\/1"}],"replies":[{"embeddable":true,"href":"https:\/\/antonini.psc.br\/index.php?rest_route=%2Fwp%2Fv2%2Fcomments&post=13435"}],"version-history":[{"count":1,"href":"https:\/\/antonini.psc.br\/index.php?rest_route=\/wp\/v2\/posts\/13435\/revisions"}],"predecessor-version":[{"id":27653,"href":"https:\/\/antonini.psc.br\/index.php?rest_route=\/wp\/v2\/posts\/13435\/revisions\/27653"}],"wp:attachment":[{"href":"https:\/\/antonini.psc.br\/index.php?rest_route=%2Fwp%2Fv2%2Fmedia&parent=13435"}],"wp:term":[{"taxonomy":"category","embeddable":true,"href":"https:\/\/antonini.psc.br\/index.php?rest_route=%2Fwp%2Fv2%2Fcategories&post=13435"},{"taxonomy":"post_tag","embeddable":true,"href":"https:\/\/antonini.psc.br\/index.php?rest_route=%2Fwp%2Fv2%2Ftags&post=13435"}],"curies":[{"name":"wp","href":"https:\/\/api.w.org\/{rel}","templated":true}]}}