{"id":13671,"date":"2011-04-01T02:06:01","date_gmt":"2011-04-01T02:06:01","guid":{"rendered":"http:\/\/opatriota.org\/portal\/?p=13671"},"modified":"2022-02-15T03:26:04","modified_gmt":"2022-02-15T03:26:04","slug":"13671","status":"publish","type":"post","link":"https:\/\/antonini.psc.br\/?p=13671","title":{"rendered":"De onde v\u00eam os problemas que assolam nosso pa\u00eds?"},"content":{"rendered":"<div><span>&nbsp;<\/p>\n<p style=\"text-align: justify;\">De longe! De muito longe!<\/p>\n<p style=\"text-align: justify;\">Dizia  um grande historiador chamado Eduardo Galeano que &#8220;a hist\u00f3ria \u00e9 como um  profeta que tem os p\u00e9s no presente, os olhos voltados para traz, e  contra o que foi, prediz o que vir\u00e1&#8221;, ou seja, a hist\u00f3ria pode at\u00e9  prever os fatos e no caso do Brasil, a\u00ed est\u00e1 a grande comprova\u00e7\u00e3o da  veracidade dessa afirma\u00e7\u00e3o, pois at\u00e9 nosso descobrimento j\u00e1 come\u00e7ou de  forma errada ao atribuir a Pedro \u00c1lvares Cabral um achado milagroso e  miraculoso quando &#8220;descobriu&#8221; a Terra de Santa Cruz. A palavra descobriu  entre aspas faz men\u00e7\u00e3o \u00e0 mentira oficial que se conta de gera\u00e7\u00e3o \u00e0  gera\u00e7\u00e3o sobre nosso glorioso descobrimento, \u00e9 sabido desde aquelas  \u00e9pocas que nossos primeiros visitantes foram os espanh\u00f3is Sebasti\u00e3o  Orellana e Vicente Yanes Pinzon e que a corte portuguesa enviou para c\u00e1  um diplomata que trazia a bordo de sua nau uma pedra cravada com a cruz  de Malta, s\u00edmbolo m\u00e1ximo da soberania D&#8217;El Rey de Portugal. Nosso  povoamento, ent\u00e3o&#8230; Sem coment\u00e1rios. Nossa primeira elite formou-se de  que tipo de gente? Os degredados de Portugal! Latrocidas, man\u00edacos  sexuais, alco\u00f3latras, prostitutas, homossexuais, assassinos, etc., etc..  Gente boa e honrada. Os objetivos da Coroa Portuguesa: explorar,  explorar, explorar&#8230; Com a mentalidade introduzida aqui, como se  poderia esperar que vingasse alguma coisa de positivo. At\u00e9 hoje pagamos  por esses erros cometidos no passado e eles est\u00e3o a\u00ed para nos mostrar,  dia-a-dia, toda a farsa chamada Brasil e a sociedade brasileira.<\/p>\n<p style=\"text-align: justify;\">Para  justificar meu desabafo, vou citar apenas alguns dos principais  problemas dessa terra maravilhosa que o Grande Arquiteto de Universo nos  deu e que estamos desgra\u00e7ando e destruindo paulatinamente.<\/p>\n<p style=\"text-align: justify;\">Jackeline Santos<\/p>\n<p style=\"text-align: justify;\">Curitiba, novembro de 1999<!--more--><\/p>\n<p style=\"text-align: justify;\">&nbsp;<\/p>\n<p>&nbsp;<\/p>\n<p>&nbsp;<\/p>\n<p>&nbsp;<\/p>\n<p><\/span><\/div>\n<div style=\"text-align: justify;\"><span>&#8212;&#8212;&#8212;&#8212;&#8212;&#8212;&#8212;&#8212;&#8212;&#8212;&#8212;&#8212;&#8212;&#8212;&#8212;<\/span><\/div>\n<div style=\"text-align: justify;\"><strong>A viol\u00eancia<\/strong><br \/>\n<span>&nbsp;<\/p>\n<p>&nbsp;<\/p>\n<p>&nbsp;<\/p>\n<p>&nbsp;<\/p>\n<p>&nbsp;<\/p>\n<p>&nbsp;<\/p>\n<p><\/span><span><br \/>\n<\/span>&nbsp;<\/p>\n<div><span>Muito  se fala de viol\u00eancia, muitas teorias tentam explicar a crescente  viol\u00eancia que se abate sobre a sociedade brasileira, mas os motivos s\u00e3o  bem simples: faltam educa\u00e7\u00e3o, emprego, sal\u00e1rios dignos, moradia, e leis  mais duras.&nbsp;<\/p>\n<p>Na educa\u00e7\u00e3o reside todo o futuro de uma sociedade,  pois sem escola n\u00e3o existe qualifica\u00e7\u00e3o profissional e sem qualifica\u00e7\u00e3o,  n\u00e3o se encontra um trabalho ou emprego digno e que supra todas as  necessidades do indiv\u00edduo, restando apenas o subemprego e com isso, a  revolta pela mis\u00e9ria ao qual o sujeito \u00e9 condenado o leva a esquecer-se  dos valores primordiais da honestidade, do bem comum, da moral e partir  para uma vida de crimes. A bem da verdade, n\u00e3o apenas as pessoas pouco  qualificadas e desempregadas cometem crimes quando levadas ao desespero  pela impossibilidade de sustentar sua fam\u00edlia e a si mesmo, pois muitos  crimes s\u00e3o cometidos por pessoas de classe m\u00e9dia alta, que se escondem  atr\u00e1s da impunidade que nossa lei de execu\u00e7\u00f5es penais permite ao abrir  brechas que levam ao abrandamento de penas.<\/p>\n<p>O trabalho realiza o  cidad\u00e3o e lhe d\u00e1 as condi\u00e7\u00f5es necess\u00e1rias para a sobreviv\u00eancia pr\u00f3pria e  de sua fam\u00edlia, mas que para isso, precisa ter um sal\u00e1rio digno e ao  menos suficiente para lhe permitir uma vida sem grandes priva\u00e7\u00f5es.<\/p>\n<p>A  moradia, o asilo inviol\u00e1vel do indiv\u00edduo, de acordo com o Art. 5o,  inciso XI da Constitui\u00e7\u00e3o da Rep\u00fablica Federativa do Brasil, deveria ser  um bem facilmente dispon\u00edvel e entregue aos cidad\u00e3os como uma garantia,  mas as leis de mercado imp\u00f5em a explora\u00e7\u00e3o comercial de im\u00f3veis,  levando as pessoas de baixa renda a n\u00e3o possu\u00edrem condi\u00e7\u00f5es de adquirir  sua casa e acabarem por morar em favelas, expondo-se \u00e0 toda forma de  crime poss\u00edvel, desde tr\u00e1fico de drogas, at\u00e9 prostitui\u00e7\u00e3o infantil, ou  ent\u00e3o tornarem-se moradores de rua, os sem-tetos que vivem em condi\u00e7\u00f5es  miser\u00e1veis, dormindo embaixo de viadutos, em portas de igrejas, de  edif\u00edcios p\u00fablicos e outros, perdendo tudo, desde seus sonhos, sua  dignidade e at\u00e9 seu senso moral e partindo, movido pelo desespero, para a  vida do crime.<\/p>\n<p>Leis mais duras, como j\u00e1 citei no t\u00f3pico  anterior, \u00e9 uma necessidade, pois a Lei no 3.688, de 03 de outubro de  1941, a Lei das Contraven\u00e7\u00f5es Penais que \u00e9 utilizado hoje como a Lei de  execu\u00e7\u00f5es penais e que foi emendada pela Lei no 7.209, de 11 de julho de  1984, sancionada pelo ent\u00e3o Presidente da Rep\u00fablica, o Gen. Jo\u00e3o  Baptista de Oliveira Figueiredo, \u00e9 muito branda e incentiva o crime,  pois prop\u00f5e penas absurdas para crimes horrendos. N\u00e3o se pode dizer com  propriedade que penas como a de morte reduziria a criminalidade, pois  nos Estados Unidos e em muitos pa\u00edses de primeiro mundo existe a pena  capital e nem por isso a criminalidade diminui. \u00c9 necess\u00e1rio uma  reestrutura\u00e7\u00e3o das penas de forma que se permita separar bandidos  psicopatas de pessoas levadas ao crime por desespero ou por  circunst\u00e2ncias nas quais o crime era iminente.<\/p>\n<p>&nbsp;<\/p>\n<p>&nbsp;<\/p>\n<p>&nbsp;<\/p>\n<p>&nbsp;<\/p>\n<p><\/span><\/div>\n<div>&#8212;&#8212;&#8212;&#8212;&#8212;&#8212;&#8212;&#8212;&#8212;&#8212;&#8212;&#8212;&#8212;&#8212;&#8212;<\/div>\n<div><strong>O menor infrator<\/strong><br \/>\n<span>&nbsp;<\/p>\n<p>&nbsp;<\/p>\n<p>&nbsp;<\/p>\n<p>&nbsp;<\/p>\n<p>&nbsp;<\/p>\n<p>&nbsp;<\/p>\n<p><\/span><span><br \/>\n<\/span>&nbsp;<\/p>\n<div><span>A <strong>Lei no 8.069<\/strong>, de 13 de julho de 1990 &#8211; Estatuto da Crian\u00e7a e do Adolescente tem inspira\u00e7\u00f5es no primeiro mundo mas se prop\u00f5e a ser aplicada num pa\u00eds de terceiro mundo e comete absurdos que acabam por favorecer ao crime. Um deles \u00e9 a imputabilidade penal ao adolescente, menor de 18 anos que n\u00e3o pode sequer ser fichado na pol\u00edcia, dever ser apenas sindicado e n\u00e3o pode ser preso, deve ser enviado para &#8220;<strong><em>locais apropriados&#8221;<\/em><\/strong>, as unidades de FEBEM ou delegacias de menores. Isso incentiva o crime, pois permite que adultos, maiores de idade utilizem os menores inimput\u00e1veis penalmente como m\u00e3o de obra para todas as formas poss\u00edveis de crimes fornecendo \u00e0 nossas <strong><em>Crian\u00e7as<\/em><\/strong> (desde quando um adolescente de 16 ao 17 anos \u00e9 crian\u00e7a? ) um verdadeiro est\u00e1gio supervisionado em contraven\u00e7\u00e3o, homic\u00eddios, torturas, latroc\u00ednios, estupros, e outras formas de crimes inimagin\u00e1veis. \u00c9 mister modificar o nosso vergonhoso Estatuto do Menor, abaixar a responsabilidade penal dos atuais 18 anos para 14 anos, corrigir algumas distor\u00e7\u00f5es que existem no pr\u00f3prio c\u00f3digo penal e no civil e mandar menor criminoso direto para a cadeia.<\/span><\/div>\n<div>&#8212;&#8212;&#8212;&#8212;&#8212;&#8212;&#8212;&#8212;&#8212;&#8212;&#8212;&#8212;&#8212;&#8212;&#8212;<\/div>\n<\/div>\n<div><strong>A corrup\u00e7\u00e3o generalizada<\/strong><br \/>\n<span>&nbsp;<\/p>\n<p>&nbsp;<\/p>\n<p>&nbsp;<\/p>\n<p>&nbsp;<\/p>\n<p>&nbsp;<\/p>\n<p>&nbsp;<\/p>\n<p><\/span><span><br \/>\n<\/span>&nbsp;<\/p>\n<div><span>A  corrup\u00e7\u00e3o n\u00e3o \u00e9 uma inven\u00e7\u00e3o brasileira. Ela existe desde que o homem  pisou na terra, h\u00e1 aproximadamente um milh\u00e3o de anos e, pelo jeito,  continuar\u00e1 a existir at\u00e9 se extinguir junto com a humanidade.&nbsp;<\/p>\n<p>Tanto  no Brasil, quanto no resto do mundo existe corrup\u00e7\u00e3o, sendo ela ainda  maior nos pa\u00edses chamados de tigres asi\u00e1ticos (Indon\u00e9sia, Tail\u00e2ndia,  Cor\u00e9ias, Jap\u00e3o, China), tamb\u00e9m na R\u00fassia, onde se comete um dos piores  crimes contra a humanidade, que \u00e9 explora\u00e7\u00e3o da pornografia infantil via  Internet.<\/p>\n<p>No Brasil a corrup\u00e7\u00e3o \u00e9 mediana e todos os dias  ouvimos reportagens que denunciam pol\u00edticos corruptos, acusados de  receberem propinas para aprovar obras, contratos, endividamentos e  outros. At\u00e9 Comiss\u00e3o Parlamentar de Inqu\u00e9rito &#8211; CPI j\u00e1 se formou para  investigar a corrup\u00e7\u00e3o, mas nada resolveu, pois nesse pa\u00eds amado, quando  n\u00e3o se deseja resolver politicamente alguma coisa, se cria uma CPI ou  outro tipo de comiss\u00e3o. Algo interessante \u00e9 que a CPI tratava apenas dos  corruptos, deixando de fora os corruptores, os maiores beneficiados com  a corrup\u00e7\u00e3o.<\/p>\n<p>O c\u00f3digo penal traz em seu bojo penas para a  corrup\u00e7\u00e3o ativa e\/ou passiva e tamb\u00e9m temos o decreto 982, de 12 de  novembro de 1993 que trata da corrup\u00e7\u00e3o ativa, mas que at\u00e9 hoje jamais  foi aplicado. Leis e penas existem, mas falta coragem e vontade pol\u00edtica  para aplic\u00e1-las \u00e0 quem de direito deva receb\u00ea-las.<\/p>\n<p>&nbsp;<\/p>\n<p>&nbsp;<\/p>\n<p>&nbsp;<\/p>\n<p>&nbsp;<\/p>\n<p><\/span><\/div>\n<div>&#8212;&#8212;&#8212;&#8212;&#8212;&#8212;&#8212;&#8212;&#8212;&#8212;&#8212;&#8212;&#8212;&#8212;&#8212;<\/div>\n<\/div>\n<div><strong>A injusta e desigual distribui\u00e7\u00e3o de renda<\/strong><br \/>\n<span>&nbsp;<\/p>\n<p>&nbsp;<\/p>\n<p>&nbsp;<\/p>\n<p>&nbsp;<\/p>\n<p>&nbsp;<\/p>\n<p>&nbsp;<\/p>\n<p><\/span><span><br \/>\n<\/span>&nbsp;<\/p>\n<div><span>Desde  a nossa descoberta, toda a riqueza aqui produzida se concentrou nas  m\u00e3os do monarca portugu\u00eas e dos senhores de engenho. Sempre foi assim e  at\u00e9 hoje ainda isso n\u00e3o mudou. N\u00e3o basta termos uma boa renda percapta,  precisamos distribuir as riquezas produzidas pela Uni\u00e3o e pelas empresas  de forma a diminuir as injusti\u00e7as sociais, reduzindo a mis\u00e9ria e a  marginalidade do nosso t\u00e3o sofrido povo.&nbsp;<\/p>\n<p>Aqui neste pa\u00eds, 90% da  renda se concentra nas m\u00e3os de apenas 10% de uma popula\u00e7\u00e3o privilegiada,  enquanto os 10% restantes t\u00eam que ser repartidos entre os 90% da  popula\u00e7\u00e3o restante.<\/p>\n<p>&nbsp;<\/p>\n<p>&nbsp;<\/p>\n<p>&nbsp;<\/p>\n<p>&nbsp;<\/p>\n<p><\/span><\/div>\n<div><span>O que fazer?&nbsp;<\/p>\n<p>Come\u00e7ar pela  reestrutura\u00e7\u00e3o do sistema financeiro, pela reforma do c\u00f3digo tribut\u00e1rio e  taxar as grandes fortunas, o dinheiro vol\u00e1til, impor um sistema de  contribui\u00e7\u00f5es e de distribui\u00e7\u00e3o de receitas que beneficie as camadas  mais pobres da popula\u00e7\u00e3o.<\/p>\n<p>&nbsp;<\/p>\n<p>&nbsp;<\/p>\n<p>&nbsp;<\/p>\n<p>&nbsp;<\/p>\n<p><\/span><\/div>\n<\/div>\n<div>&#8212;&#8212;&#8212;&#8212;&#8212;&#8212;&#8212;&#8212;&#8212;&#8212;&#8212;&#8212;&#8212;&#8212;&#8212;<\/div>\n<\/div>\n<div><strong>Os direitos da mulher &#8211; uma conquista feita com muita luta<\/strong><br \/>\n<span>&nbsp;<\/p>\n<p>&nbsp;<\/p>\n<p>&nbsp;<\/p>\n<p>&nbsp;<\/p>\n<p>&nbsp;<\/p>\n<p>&nbsp;<\/p>\n<p><\/span><span><br \/>\n<\/span>&nbsp;<\/p>\n<p style=\"text-align: justify;\">&nbsp;<\/p>\n<div style=\"text-align: justify;\"><span>Plat\u00e3o, um dos mais festejados e citados fil\u00f3sofos gregos dizia que a mulher n\u00e3o possu\u00eda alma. Ao ler esta assertiva de Plat\u00e3o, S\u00e3o Tomas de Aquino &#8211; considerado o &#8220;Pr\u00edncipe dos fil\u00f3sofos cat\u00f3licos&#8221; na idade M\u00e9dia, decretou em sua <strong><em>Suma Teol\u00f3gica<\/em><\/strong> que <strong><em>&#8220;a mulher n\u00e3o possu\u00eda alma&#8221;<\/em><\/strong>, tornando oficial e em nome da f\u00e9 de Deus toda a segrega\u00e7\u00e3o e domina\u00e7\u00e3o contra a mulher.&nbsp;<\/p>\n<p>Durante s\u00e9culos a mulher foi mero objeto de posse, desejo e domina\u00e7\u00e3o dos homens. Ao nascer j\u00e1 tinha seu casamento marcado conforme as conveni\u00eancias e necessidades patrimoniais e\/ou pol\u00edticas de suas fam\u00edlias. Ao apresentar o &#8220;<strong><em>primeiro sinal de fecundidade&#8221;<\/em><\/strong> (a menarca ou primeira menstrua\u00e7\u00e3o), ela era casada com seu marido, amo e senhor, por volta dos 12 ou 14 anos, em m\u00e9dia. N\u00e3o tinha sequer forma\u00e7\u00e3o f\u00edsica e muito menos ps\u00edquica para encarar um casamento, as dezenas de filhos que vinham pela frente e o os maus-tratos a que seria submetida por seu <strong><em>&#8220;homem&#8221;<\/em><\/strong>. Por volta dos 25 ou 30 anos de idade a mulher j\u00e1 era um farrapo humano, com todo e qualquer tipo de doen\u00e7a que se possa imaginar e que a levava \u00e0 morte, muitas vezes ap\u00f3s grande agonia.<\/p>\n<p>At\u00e9 h\u00e1 bem pouco tempo atr\u00e1s essa situa\u00e7\u00e3o persistia. Come\u00e7ou a mudar no final do s\u00e9culo passado quando alguma inglesas da cidade de Londres fundaram os primeiros movimentos feministas que, ap\u00f3s muita luta, conseguiram dar \u00e0 mulher o direito de voto e fazer com que o Papa Pio XII escrevesse numa de suas enc\u00edclicas que a mulher &#8220;<strong><em>possu\u00eda alma e tinha as mesmas gra\u00e7as que os homens aos olhos do Senhor Deus&#8221;<\/em><\/strong><\/p>\n<p>Mas isso n\u00e3o melhorou abruptamente a condi\u00e7\u00e3o da mulher. Na \u00c1frica, existem costumes tribais horrendos onde a mulher \u00e9 <a href=\"http:\/\/antonini.med.br\/html\/modules.php?name=Content&amp;pa=showpage&amp;pid=97\">mutilada<\/a> em nome da fidelidade matrimonial, ao cortarem-lhe fora o clit\u00f3ris (o \u00f3rg\u00e3o er\u00e9til feminino e respons\u00e1vel pelo prazer sexual feminino) tudo para que ela n\u00e3o sinta prazer e n\u00e3o venha a trair seu marido. Uma grande modelo foi submetida a esse crime e o contou na revista Veja.<\/p>\n<p>Entre os mu\u00e7ulmanos Xiitas a coisa tamb\u00e9m n\u00e3o \u00e9 nada boa para as mulheres. A mulher tamb\u00e9m nasce prometida, n\u00e3o tem direito a prazer sexual, tem de viver escondida e sair nas ruas s\u00f3 em companhia de parentes homens.<\/p>\n<p>No Brasil as mulheres come\u00e7aram a conquistar seus direitos quando lhes foi dado o direito de voto, pelo Gen. Vargas, e nossa constitui\u00e7\u00e3o atual, no seu artigo 5o, inciso I diz textualmente: <strong><em>&#8220;I &#8211; homens e mulheres s\u00e3o iguais em direitos e obriga\u00e7\u00f5es, nos termos desta Constitui\u00e7\u00e3o&#8221;.<\/em><\/strong> Mas na pr\u00e1tica, ainda \u00e9 grande a discrimina\u00e7\u00e3o contra a mulher, especialmente no trabalho onde os homens recebem sal\u00e1rios maiores para fazer o mesmo trabalho que as mulheres.<\/p>\n<p>&nbsp;<\/p>\n<p>&nbsp;<\/p>\n<p>&nbsp;<\/p>\n<p>&nbsp;<\/p>\n<p><\/span><\/div>\n<div style=\"text-align: justify;\">&#8212;&#8212;&#8212;&#8212;&#8212;&#8212;&#8212;&#8212;&#8212;&#8212;&#8212;&#8212;&#8212;&#8212;&#8212;<\/div>\n<div style=\"text-align: justify;\"><strong>A educa\u00e7\u00e3o &#8211; os grandes equ\u00edvocos da LDBE<\/strong><br \/>\n<span>&nbsp;<\/p>\n<p>&nbsp;<\/p>\n<p>&nbsp;<\/p>\n<p>&nbsp;<\/p>\n<p>&nbsp;<\/p>\n<p>&nbsp;<\/p>\n<p><\/span><span><br \/>\n<\/span>&nbsp;<\/p>\n<div><span>A educa\u00e7\u00e3o no Brasil sempre foi um misto de omiss\u00e3o com irresponsabilidade, disfar\u00e7ada de grande <strong><em>preocupa\u00e7\u00e3o nacional.<\/em><\/strong>&nbsp;<\/p>\n<p>A nova <strong>LEI DE DIRETRIZES E BASES EDUCACIONAIS<\/strong>, que ficou cozinhando por mais de 15 anos em banho-maria no congresso, traz uma s\u00e9rie de equ\u00edvocos e que servem de atalho para que atual governo promova &#8220;reformas&#8221; educacionais que num futuro bem pr\u00f3ximo poder\u00e3o culminar com a privatiza\u00e7\u00e3o das Universidades Federais, especialmente no tocante ao projeto de autonomia universit\u00e1ria que o governo FHC est\u00e1 tentando aprovar a qualquer pre\u00e7o e que imp\u00f5e \u00e0s Universidades Federais uma gest\u00e3o de autofinanciamento, pois retira a parte majorit\u00e1ria das verbas de custeio para pesquisa, tolhendo-a da esfera universit\u00e1ria e tentando releg\u00e1-la \u00e0 institutos que ser\u00e3o especialmente criados para esse fim.<\/p>\n<p>&nbsp;<\/p>\n<p>&nbsp;<\/p>\n<p>&nbsp;<\/p>\n<p>&nbsp;<\/p>\n<p><\/span><\/div>\n<\/div>\n<div style=\"text-align: justify;\">&#8212;&#8212;&#8212;&#8212;&#8212;&#8212;&#8212;&#8212;&#8212;&#8212;&#8212;&#8212;&#8212;&#8212;&#8212;<\/div>\n<div style=\"text-align: justify;\"><strong>A sa\u00fade brasileira e a farsa da CPMF que o governo quer recriar<\/strong><br \/>\n<span>&nbsp;<\/p>\n<p>&nbsp;<\/p>\n<p>&nbsp;<\/p>\n<p>&nbsp;<\/p>\n<p>&nbsp;<\/p>\n<p>&nbsp;<\/p>\n<p><\/span><span><br \/>\n<\/span>&nbsp;<\/p>\n<div><span>A  sa\u00fade no Brasil atual n\u00e3o \u00e9 diferente do passado, mas com um agravante:  em \u00e9pocas passadas existia uma verba espec\u00edfica para a sa\u00fade e n\u00e3o era  cobrado nenhum tipo de imposto adicional para cust\u00e1-la. Hoje, existe a  tal da Contribui\u00e7\u00e3o Provis\u00f3ria sobre Movimenta\u00e7\u00e3o Fiscal, que taxa em  0,38% toda e qualquer transa\u00e7\u00e3o banc\u00e1ria, atingindo com isso a todos,  desde os mais ricos, at\u00e9 os mais pobres. Atinge at\u00e9 aqueles que n\u00e3o tem  conta em banco, pois a al\u00edquota da CPMF acaba embutida nos pre\u00e7os do  varejo, subindo o custo da cesta b\u00e1sica.&nbsp;<\/p>\n<p>A CPMF em 1999 tem uma  previs\u00e3o de arrecada\u00e7\u00e3o em torno de R$ 18 bilh\u00f5es de reais. Quando o  governo fechou os c\u00e1lculo e divisou com essa previs\u00e3o, ele arrancou  adiantado os R$ 18 bilh\u00f5es do or\u00e7amento da sa\u00fade e desviou para outros  setores que lhe s\u00e3o mais interessantes, como por exemplo os minist\u00e9rios  da demagogia s\u00f3cio-pol\u00edtica, onde se gasta dinheiro p\u00fablico, arrancado  dos cada vez mais pobres e miser\u00e1veis contribuintes, apenas para  produzir uma falsa imagem de que estamos vivendo num Brasil melhor.<\/p>\n<p>Essa  pol\u00edtica irrespons\u00e1vel do governo da Uni\u00e3o est\u00e1 levando os hospitais  p\u00fablicos \u00e0 fal\u00eancia, sen\u00e3o vejamos: o Hospital de Cl\u00ednicas da  Universidade Federal do Paran\u00e1, um dos melhores do pa\u00eds e terceiro  melhor centro de refer\u00eancia em transplante de medula \u00f3ssea do mundo,  est\u00e1 passando por uma crise sem precedentes, pois desde janeiro de 1999  n\u00e3o recebe verbas para comprar medicamentos e a equipe de farmac\u00eauticos  do Servi\u00e7o de Farm\u00e1cia Hospitalar do H.C. tem emprestado at\u00e9 seus nomes e  prest\u00edgios pessoais em busca de empr\u00e9stimos e doa\u00e7\u00f5es de medicamentos  para salvar os doentes que todos os dias ali chegam, enquanto nossos  pol\u00edticos est\u00e3o preocupados unicamente com quem vai presidir a comiss\u00e3o  de or\u00e7amento, e etc., e o presidente viajando \u00e0 passeio ou em busca de  t\u00edtulos de doutor honoris-causa e para fazer demagogia pol\u00edtica com  Fidel Castro e muitos outros.<\/p>\n<p>&nbsp;<\/p>\n<p>&nbsp;<\/p>\n<p>&nbsp;<\/p>\n<p>&nbsp;<\/p>\n<p><\/span><\/div>\n<\/div>\n<div style=\"text-align: justify;\">&#8212;&#8212;&#8212;&#8212;&#8212;&#8212;&#8212;&#8212;&#8212;&#8212;&#8212;&#8212;&#8212;&#8212;&#8212;<\/div>\n<div style=\"text-align: justify;\"><strong>A participa\u00e7\u00e3o pol\u00edtica do povo brasileiro<\/strong><br \/>\n<span>&nbsp;<\/p>\n<p>&nbsp;<\/p>\n<p>&nbsp;<\/p>\n<p>&nbsp;<\/p>\n<p>&nbsp;<\/p>\n<p>&nbsp;<\/p>\n<p><\/span><span><br \/>\n<\/span>&nbsp;<\/p>\n<div><span>Se  nosso amado Brasil se encontra nessa situa\u00e7\u00e3o calamitosa, o maior  culpado \u00e9 seu povo. Um povo que n\u00e3o participa da pol\u00edtica nacional. Um  povo que apenas vota, sem ao menos tentar conhecer o corrupto que vai  lhe representar. Um povo que estufa o peito e diz com orgulho que <em><strong>Detesta pol\u00edtica<\/strong><\/em>.  Muito se fala em analfabetismo, mas o maior analfabeto mesmo n\u00e3o \u00e9  aquele que n\u00e3o sabe ler e escrever e sim aquele que toma atitudes com  esta, esquecendo-se de que o pre\u00e7o da carne, do leite, do arroz, do  feij\u00e3o, do sapato, do medicamento, da consulta m\u00e9dica, dependem  diretamente das decis\u00f5es pol\u00edticas.&nbsp;<\/p>\n<p>Se os brasileiros n\u00e3o  acordarem e n\u00e3o participarem da vida p\u00fablica e pol\u00edtica nacionais, num  futuro bem pr\u00f3ximo, ter\u00e1 de prestar dolorosas e constrangedoras contas \u00e0  hist\u00f3ria e aos seus descendentes.<\/p>\n<p>&nbsp;<\/p>\n<p>&nbsp;<\/p>\n<p>&nbsp;<\/p>\n<p>&nbsp;<\/p>\n<p><\/span><\/div>\n<div>&#8212;&#8212;&#8212;&#8212;&#8212;&#8212;&#8212;&#8212;&#8212;&#8212;&#8212;&#8212;&#8212;&#8212;&#8212;<\/div>\n<\/div>\n<div style=\"text-align: justify;\"><strong>O que eu espero do Brasil<\/strong><br \/>\n<span>&nbsp;<\/p>\n<p>&nbsp;<\/p>\n<p>&nbsp;<\/p>\n<p>&nbsp;<\/p>\n<p>&nbsp;<\/p>\n<p>&nbsp;<\/p>\n<p><\/span><span><br \/>\n<\/span>&nbsp;<\/p>\n<div><span>Ap\u00f3s esse desabafo, ap\u00f3s meu grito de indigna\u00e7\u00e3o, espero apenas que o povo brasileiro tome consci\u00eancia de seus direitos e <strong>cumpra seus deveres <\/strong>de cidad\u00e3os. Crie, literalmente, <strong>VERGONHA NA CARA<\/strong>, pois do contr\u00e1rio, ningu\u00e9m sabe o que ser\u00e1 do nosso amado Brasil, o que ser\u00e1 das gera\u00e7\u00f5es futuras e que pa\u00eds deixaremos para nossos filhos.<\/span><\/div>\n<div>&#8212;&#8212;&#8212;&#8212;&#8212;&#8212;&#8212;&#8212;&#8212;&#8212;&#8212;&#8212;&#8212;&#8212;&#8212;<\/div>\n<div><strong>Refer\u00eancia bibiogr\u00e1ficas<\/strong><br \/>\n<span>&nbsp;<\/p>\n<p>&nbsp;<\/p>\n<p>&nbsp;<\/p>\n<p>&nbsp;<\/p>\n<p><\/span><\/p>\n<ol>\n<li><strong>BRASIL,<\/strong> Rep\u00fablica Federativa do. <strong>Constitui\u00e7\u00e3o da Rep\u00fablica Federativa do Brasil.<\/strong> Bras\u00edlia : D.O.U. no 191-A, 05 de outubro de 1988.<\/li>\n<li><span><strong>OLIVEIRA, <\/strong>Juarez (ed.). <strong>C\u00f3digo Penal e Processual 34\u00aa ed. <\/strong>S\u00e3o Paulo : Saraiva, 1996.\n<p><\/span><\/li>\n<\/ol>\n<p><span>&nbsp;<\/p>\n<p>&nbsp;<\/p>\n<p>&nbsp;<\/p>\n<p>&nbsp;<\/p>\n<p><\/span><\/div>\n<p><span><br \/>\n<\/span><\/p>\n<\/div>\n<div style=\"text-align: justify;\"><span><br \/>\n<\/span><\/div>\n<p style=\"text-align: justify;\"><span><br \/>\n<\/span><\/p>\n<\/div>\n","protected":false},"excerpt":{"rendered":"<p>&nbsp; De longe! De muito longe! Dizia um grande historiador chamado Eduardo Galeano que &#8220;a hist\u00f3ria \u00e9 como um profeta que tem os p\u00e9s no presente, os olhos voltados para traz, e contra o que foi, prediz o que vir\u00e1&#8221;, ou seja, a hist\u00f3ria pode at\u00e9 prever os fatos e no caso do Brasil, a\u00ed [&hellip;]<\/p>\n","protected":false},"author":1,"featured_media":0,"comment_status":"open","ping_status":"open","sticky":false,"template":"","format":"standard","meta":{"footnotes":""},"categories":[27],"tags":[],"class_list":["post-13671","post","type-post","status-publish","format-standard","hentry","category-noticias"],"_links":{"self":[{"href":"https:\/\/antonini.psc.br\/index.php?rest_route=\/wp\/v2\/posts\/13671","targetHints":{"allow":["GET"]}}],"collection":[{"href":"https:\/\/antonini.psc.br\/index.php?rest_route=\/wp\/v2\/posts"}],"about":[{"href":"https:\/\/antonini.psc.br\/index.php?rest_route=\/wp\/v2\/types\/post"}],"author":[{"embeddable":true,"href":"https:\/\/antonini.psc.br\/index.php?rest_route=\/wp\/v2\/users\/1"}],"replies":[{"embeddable":true,"href":"https:\/\/antonini.psc.br\/index.php?rest_route=%2Fwp%2Fv2%2Fcomments&post=13671"}],"version-history":[{"count":1,"href":"https:\/\/antonini.psc.br\/index.php?rest_route=\/wp\/v2\/posts\/13671\/revisions"}],"predecessor-version":[{"id":27647,"href":"https:\/\/antonini.psc.br\/index.php?rest_route=\/wp\/v2\/posts\/13671\/revisions\/27647"}],"wp:attachment":[{"href":"https:\/\/antonini.psc.br\/index.php?rest_route=%2Fwp%2Fv2%2Fmedia&parent=13671"}],"wp:term":[{"taxonomy":"category","embeddable":true,"href":"https:\/\/antonini.psc.br\/index.php?rest_route=%2Fwp%2Fv2%2Fcategories&post=13671"},{"taxonomy":"post_tag","embeddable":true,"href":"https:\/\/antonini.psc.br\/index.php?rest_route=%2Fwp%2Fv2%2Ftags&post=13671"}],"curies":[{"name":"wp","href":"https:\/\/api.w.org\/{rel}","templated":true}]}}