{"id":13678,"date":"2011-04-01T03:30:10","date_gmt":"2011-04-01T03:30:10","guid":{"rendered":"http:\/\/opatriota.org\/portal\/?p=13678"},"modified":"2022-02-15T03:26:04","modified_gmt":"2022-02-15T03:26:04","slug":"respeito-responsabilidade-e-cidadania","status":"publish","type":"post","link":"https:\/\/antonini.psc.br\/?p=13678","title":{"rendered":"Respeito, responsabilidade e cidadania &#8211; alguns conceitos"},"content":{"rendered":"<p style=\"text-align: justify;\"><strong><\/strong>Respeito, responsabilidade e cidadania.<\/p>\n<p style=\"text-align: justify;\">Por: <strong>Ana Paula Santos<!--more--><\/strong><\/p>\n<p style=\"text-align: justify;\"><strong>Introdu\u00e7\u00e3o:<\/strong><br \/>\nEstas tr\u00eas palavrinhas s\u00e3o chaves para o desenvolvimento pessoal e levam ao sucesso, quando seguidas \u00e0 risca e tamb\u00e9m com todo disciplina e ordem.<\/p>\n<p style=\"text-align: justify;\"><strong>Desenvolvimento:<\/strong><br \/>\nO respeito depende da disciplina, que diferencia o bom cidad\u00e3o do perjuro (pessoas sem princ\u00edpios e descumpridora das leis). A disciplina \u00e9 a base de todas as a\u00e7\u00f5es humanas e sem disciplina n\u00e3o h\u00e1 organiza\u00e7\u00e3o e nem ordem para execu\u00e7\u00e3o de qualquer plano ou a\u00e7\u00e3o.<\/p>\n<p style=\"text-align: justify;\">A responsabilidade \u00e9 o empenho, a consci\u00eancia do cumprimento das obriga\u00e7\u00f5es sociais e legais assumidas e exigidas de cada um. Tamb\u00e9m pode ser a consci\u00eancia do lugar em que se vive e a integra\u00e7\u00e3o comunit\u00e1ria e ambiental do indiv\u00edduo.<\/p>\n<p style=\"text-align: justify;\">cidadania \u00e9 o exerc\u00edcio dos direitos e o cumprimento dos deveres. Para cada direito corresponde um dever e cidadania nada mais \u00e9 que conhecer, cumprir e fazer cumprir os deveres para usufruir dos direitos.<\/p>\n<p style=\"text-align: justify;\"><strong>Refer\u00eancias bibliogr\u00e1ficas:<\/strong><br \/>\nBRASIL, Rep\u00fablica Federativa do. <strong>Constitui\u00e7\u00e3o da Rep\u00fablica Federativa do Brasil<\/strong>. Bras\u00edlia : D.O.U. no 191-A, 05 de outubro de 1988.<\/p>\n<p style=\"text-align: justify;\">OLIVEIRA, Juarez (ed.). <strong>C\u00f3digo Penal e Processual<\/strong> 34\u00aa ed. S\u00e3o Paulo : Saraiva, 1996.<\/p>\n","protected":false},"excerpt":{"rendered":"<p>Respeito, responsabilidade e cidadania. Por: Ana Paula Santos<\/p>\n","protected":false},"author":1,"featured_media":0,"comment_status":"open","ping_status":"open","sticky":false,"template":"","format":"standard","meta":{"footnotes":""},"categories":[27],"tags":[],"class_list":["post-13678","post","type-post","status-publish","format-standard","hentry","category-noticias"],"_links":{"self":[{"href":"https:\/\/antonini.psc.br\/index.php?rest_route=\/wp\/v2\/posts\/13678","targetHints":{"allow":["GET"]}}],"collection":[{"href":"https:\/\/antonini.psc.br\/index.php?rest_route=\/wp\/v2\/posts"}],"about":[{"href":"https:\/\/antonini.psc.br\/index.php?rest_route=\/wp\/v2\/types\/post"}],"author":[{"embeddable":true,"href":"https:\/\/antonini.psc.br\/index.php?rest_route=\/wp\/v2\/users\/1"}],"replies":[{"embeddable":true,"href":"https:\/\/antonini.psc.br\/index.php?rest_route=%2Fwp%2Fv2%2Fcomments&post=13678"}],"version-history":[{"count":1,"href":"https:\/\/antonini.psc.br\/index.php?rest_route=\/wp\/v2\/posts\/13678\/revisions"}],"predecessor-version":[{"id":27646,"href":"https:\/\/antonini.psc.br\/index.php?rest_route=\/wp\/v2\/posts\/13678\/revisions\/27646"}],"wp:attachment":[{"href":"https:\/\/antonini.psc.br\/index.php?rest_route=%2Fwp%2Fv2%2Fmedia&parent=13678"}],"wp:term":[{"taxonomy":"category","embeddable":true,"href":"https:\/\/antonini.psc.br\/index.php?rest_route=%2Fwp%2Fv2%2Fcategories&post=13678"},{"taxonomy":"post_tag","embeddable":true,"href":"https:\/\/antonini.psc.br\/index.php?rest_route=%2Fwp%2Fv2%2Ftags&post=13678"}],"curies":[{"name":"wp","href":"https:\/\/api.w.org\/{rel}","templated":true}]}}