{"id":13730,"date":"2011-04-18T16:24:35","date_gmt":"2011-04-18T16:24:35","guid":{"rendered":"http:\/\/opatriota.org\/portal\/?p=13730"},"modified":"2022-02-15T03:25:05","modified_gmt":"2022-02-15T03:25:05","slug":"argentina-quer-linux-em-pcs-do-governo","status":"publish","type":"post","link":"https:\/\/antonini.psc.br\/?p=13730","title":{"rendered":"Argentina quer Linux em PCs do governo"},"content":{"rendered":"<p style=\"text-align: justify;\">Bravo, Cristina Kirchner!<!--more--><\/p>\n<p><img loading=\"lazy\" decoding=\"async\" class=\"aligncenter size-full wp-image-13732\" title=\"argentina_e_o_linux\" src=\"http:\/\/opatriota.org\/portal\/wp-content\/uploads\/2011\/04\/argentina_e_o_linux.jpg\" alt=\"\" width=\"406\" height=\"396\" \/><\/p>\n<p style=\"text-align: justify;\">O governo federal da Argentina anunciou, neste final de semana, um plano para equipar com Linux at\u00e9 dois ter\u00e7os dos computadores da administra\u00e7\u00e3o federal e instala\u00e7\u00f5es p\u00fablicas.<\/p>\n<p style=\"text-align: justify;\">O an\u00fancio foi feito dia ap\u00f3s o governo local apoiar a Flisol, um festival de incentivo \u00e0 ado\u00e7\u00e3o de software livre por usu\u00e1rios comuns.<\/p>\n<p style=\"text-align: justify;\">De acordo com um porta-voz do governo local, a migra\u00e7\u00e3o de plataformas propriet\u00e1rias \u2013 notadamente da Microsoft \u2013 para distribui\u00e7\u00f5es Linux tem como principal objetivo economizar dinheiro p\u00fablico gasto com licen\u00e7as.<\/p>\n<p style=\"text-align: justify;\">Parlamentares de oposi\u00e7\u00e3o \u00e0 presidente Cristina Kirchner disseram ver com cautela a decis\u00e3o. A oposi\u00e7\u00e3o local evitou posicionar-se contra o software livre, mas afirmou que a substitui\u00e7\u00e3o de plataformas deve ocorrer de modo gradual e apenas em \u00e1reas onde as distribui\u00e7\u00f5es aberta forem comprovadamente mais eficientes que as propriet\u00e1rias.<\/p>\n<p style=\"text-align: justify;\">A oposi\u00e7\u00e3o acusou ainda o governo de Cristina de anunciar apoio ao Linux n\u00e3o por iniciativa pr\u00f3pria, mas apenas para agradar ao governo venezuelano de Hugo Ch\u00e1vez, um cr\u00edtico ferrenho da depend\u00eancia latino-americana de produtos desenvolvidos nos Estados Unidos.<\/p>\n<p style=\"text-align: justify;\"><strong>Felipe Zmoginski<\/strong>, de INFO Online<\/p>\n<p style=\"text-align: justify;\">&nbsp;<\/p>\n<p style=\"text-align: center;\">[<a href=\"javascript:history.go(-1)\">Voltar<\/a>]<\/p>\n","protected":false},"excerpt":{"rendered":"<p>Bravo, Cristina Kirchner!<\/p>\n","protected":false},"author":1,"featured_media":0,"comment_status":"open","ping_status":"open","sticky":false,"template":"","format":"standard","meta":{"footnotes":""},"categories":[27],"tags":[],"class_list":["post-13730","post","type-post","status-publish","format-standard","hentry","category-noticias"],"_links":{"self":[{"href":"https:\/\/antonini.psc.br\/index.php?rest_route=\/wp\/v2\/posts\/13730","targetHints":{"allow":["GET"]}}],"collection":[{"href":"https:\/\/antonini.psc.br\/index.php?rest_route=\/wp\/v2\/posts"}],"about":[{"href":"https:\/\/antonini.psc.br\/index.php?rest_route=\/wp\/v2\/types\/post"}],"author":[{"embeddable":true,"href":"https:\/\/antonini.psc.br\/index.php?rest_route=\/wp\/v2\/users\/1"}],"replies":[{"embeddable":true,"href":"https:\/\/antonini.psc.br\/index.php?rest_route=%2Fwp%2Fv2%2Fcomments&post=13730"}],"version-history":[{"count":1,"href":"https:\/\/antonini.psc.br\/index.php?rest_route=\/wp\/v2\/posts\/13730\/revisions"}],"predecessor-version":[{"id":27643,"href":"https:\/\/antonini.psc.br\/index.php?rest_route=\/wp\/v2\/posts\/13730\/revisions\/27643"}],"wp:attachment":[{"href":"https:\/\/antonini.psc.br\/index.php?rest_route=%2Fwp%2Fv2%2Fmedia&parent=13730"}],"wp:term":[{"taxonomy":"category","embeddable":true,"href":"https:\/\/antonini.psc.br\/index.php?rest_route=%2Fwp%2Fv2%2Fcategories&post=13730"},{"taxonomy":"post_tag","embeddable":true,"href":"https:\/\/antonini.psc.br\/index.php?rest_route=%2Fwp%2Fv2%2Ftags&post=13730"}],"curies":[{"name":"wp","href":"https:\/\/api.w.org\/{rel}","templated":true}]}}