{"id":13774,"date":"2009-09-11T01:57:12","date_gmt":"2009-09-11T01:57:12","guid":{"rendered":"http:\/\/www.cienciasdasaude.org\/portal\/?p=13774"},"modified":"2022-02-15T03:28:40","modified_gmt":"2022-02-15T03:28:40","slug":"ciclo-ovariano-e-menstrual","status":"publish","type":"post","link":"https:\/\/antonini.psc.br\/?p=13774","title":{"rendered":"Ciclo ovariano e menstrual"},"content":{"rendered":"<p style=\"text-align: justify;\">Ao contr\u00e1rio do que muitos pesquisadores afirmam, os ciclos reprodutivos n\u00e3o se iniciam com a menarca, mas sim ap\u00f3s um ano e meio a dois anos ap\u00f3s a primeira menstrua\u00e7\u00e3o quando o t\u00e1lamo assume o comando da produ\u00e7\u00e3o de FSH.<\/p>\n<p style=\"text-align: justify;\">As primeiras menstrua\u00e7\u00f5es s\u00e3o irregulares, ora escassas (oligomenorr\u00e9ia), ora abundantes (metrorragia hemorr\u00e1gica), com dores (dismenorreias) ou em intervalos irregulares (amenorreias secund\u00e1rias), sendo comum vir a primeira menstrua\u00e7\u00e3o e s\u00f3 retornar ap\u00f3s cinco ou seis meses ou at\u00e9 um ano.<\/p>\n<p style=\"text-align: justify;\">Tamb\u00e9m pode vir e repetir ap\u00f3s uns quinze a vinte dias. Isso tudo \u00e9 devido \u00e0 falta de controle do t\u00e1lamo sobre a s\u00edntese de FSH (1:190).<\/p>\n<p style=\"text-align: justify;\">No primeiro dia do ciclo inicia-se a prolifera\u00e7\u00e3o das c\u00e9lulas que v\u00e3o constituir o fol\u00edculo de Graff, sob influ\u00eancia do FSH. O fol\u00edculo produz estrog\u00eanio que, ap\u00f3s o quinto dia do ciclo, inicia a prolifera\u00e7\u00e3o do endom\u00e9trio, at\u00e9 que come\u00e7a a secre\u00e7\u00e3o de LH, que provoca a ruptura da teca proliferativa e da membrana externa do ov\u00e1rio, liberando o ov\u00f3cito de segunda ordem para o exterior.<\/p>\n<p style=\"text-align: justify;\">O fol\u00edculo de Graff transforma-se em corpo l\u00fateo e passa a produzir progesterona que, a partir do d\u00e9cimo quarto dia do ciclo, intensifica a prolifera\u00e7\u00e3o do endom\u00e9trio, preparando-o para a nida\u00e7\u00e3o e alojamento do embri\u00e3o no caso de gravidez.<\/p>\n<p style=\"text-align: justify;\">Se n\u00e3o ocorrer a fecunda\u00e7\u00e3o, o corpo l\u00fateo involui e por volta do vig\u00e9simo oitavo dia caem as taxas dos horm\u00f4nios fazendo com que o endom\u00e9trio proliferativo se descole e liquefa\u00e7a, exteriorizando-se sob a forma de menstrua\u00e7\u00e3o (2:161; 1:173 e 4:15).<\/p>\n<p style=\"text-align: center;\">[<a href=\"javascript:history.go(-1)\">Voltar<\/a>]<\/p>\n<p><strong>\u00a0<\/strong><\/p>\n<p>&nbsp;<\/p>\n","protected":false},"excerpt":{"rendered":"<p>Ao contr\u00e1rio do que muitos pesquisadores afirmam, os ciclos reprodutivos n\u00e3o se iniciam com a menarca, mas sim ap\u00f3s um ano e meio a dois anos ap\u00f3s a primeira menstrua\u00e7\u00e3o quando o t\u00e1lamo assume o comando da produ\u00e7\u00e3o de FSH. As primeiras menstrua\u00e7\u00f5es s\u00e3o irregulares, ora escassas (oligomenorr\u00e9ia), ora abundantes (metrorragia hemorr\u00e1gica), com dores (dismenorreias) [&hellip;]<\/p>\n","protected":false},"author":1,"featured_media":0,"comment_status":"open","ping_status":"open","sticky":false,"template":"","format":"standard","meta":{"footnotes":""},"categories":[27],"tags":[],"class_list":["post-13774","post","type-post","status-publish","format-standard","hentry","category-noticias"],"_links":{"self":[{"href":"https:\/\/antonini.psc.br\/index.php?rest_route=\/wp\/v2\/posts\/13774","targetHints":{"allow":["GET"]}}],"collection":[{"href":"https:\/\/antonini.psc.br\/index.php?rest_route=\/wp\/v2\/posts"}],"about":[{"href":"https:\/\/antonini.psc.br\/index.php?rest_route=\/wp\/v2\/types\/post"}],"author":[{"embeddable":true,"href":"https:\/\/antonini.psc.br\/index.php?rest_route=\/wp\/v2\/users\/1"}],"replies":[{"embeddable":true,"href":"https:\/\/antonini.psc.br\/index.php?rest_route=%2Fwp%2Fv2%2Fcomments&post=13774"}],"version-history":[{"count":1,"href":"https:\/\/antonini.psc.br\/index.php?rest_route=\/wp\/v2\/posts\/13774\/revisions"}],"predecessor-version":[{"id":27944,"href":"https:\/\/antonini.psc.br\/index.php?rest_route=\/wp\/v2\/posts\/13774\/revisions\/27944"}],"wp:attachment":[{"href":"https:\/\/antonini.psc.br\/index.php?rest_route=%2Fwp%2Fv2%2Fmedia&parent=13774"}],"wp:term":[{"taxonomy":"category","embeddable":true,"href":"https:\/\/antonini.psc.br\/index.php?rest_route=%2Fwp%2Fv2%2Fcategories&post=13774"},{"taxonomy":"post_tag","embeddable":true,"href":"https:\/\/antonini.psc.br\/index.php?rest_route=%2Fwp%2Fv2%2Ftags&post=13774"}],"curies":[{"name":"wp","href":"https:\/\/api.w.org\/{rel}","templated":true}]}}