{"id":13824,"date":"2009-09-11T03:07:07","date_gmt":"2009-09-11T03:07:07","guid":{"rendered":"http:\/\/www.cienciasdasaude.org\/portal\/?p=13824"},"modified":"2022-02-15T03:28:40","modified_gmt":"2022-02-15T03:28:40","slug":"a-terceira-semana","status":"publish","type":"post","link":"https:\/\/antonini.psc.br\/?p=13824","title":{"rendered":"A terceira semana"},"content":{"rendered":"<p style=\"text-align: justify;\"><strong>1 Gastrula\u00e7\u00e3o<!--more--><\/strong><\/p>\n<p style=\"text-align: justify;\">\u00c9 o est\u00e1gio seguinte \u00e0 blastula\u00e7\u00e3o e caracteriza-se principalmente pela ocorr\u00eancia de movimentos celulares (invagina\u00e7\u00f5es). Na invagina\u00e7\u00e3o o polo vegetativo \u00e9 empurrado para dentro, ocupando o espa\u00e7o da blastocele, formando, com isso, a gastrocele que \u00e9 o intestino primitivo que formar\u00e1 o intestino e por isso chamado de arqu\u00eantero. O arqu\u00eantero possui uma abertura para o exterior, que \u00e9 o blast\u00f3poro. Ap\u00f3s a gastrula\u00e7\u00e3o surgem esbo\u00e7os de \u00f3rg\u00e3os (5).<\/p>\n<p style=\"text-align: justify;\"><strong><em>Ernest Von Baer<\/em><\/strong>\u00a0 criou a teoria dos folhetos germinativos, dos quais nascem os \u00f3rg\u00e3os (5).<\/p>\n<p style=\"text-align: justify;\">Incialmente, pela invagina\u00e7\u00e3o, surgem dois folhetos, a ectoderme por fora e a endoderme por dentro. Esta g\u00e1strula \u00e9 dita did\u00e9rmica. A endoderme se invagina e forma a mesoderme, o terceiro folheto. Esta \u00e9 a g\u00e1strula trid\u00e9rmica (5).<\/p>\n<p style=\"text-align: justify;\">Segundo a teoria de Von Baer, a ectoderme originar\u00e1 o tecido nervoso e o epitelial, a mesoderme formar\u00e1 o aparelho g\u00eanito-urin\u00e1rio e de c\u00e9lulas derivadas da mesoderme, o mes\u00eanquima, formar-se-\u00e1 o tecido conjuntivo, e da endoderme surgir\u00e1 o sistema digestivo, respirat\u00f3rio e algumas gl\u00e2ndulas e \u00f3rg\u00e3os (5).<\/p>\n<p style=\"text-align: justify;\">A notocorda se formar\u00e1 da regi\u00e3o dorsal do blast\u00f3poro e ter\u00e1 fun\u00e7\u00e3o de sustenta\u00e7\u00e3o primitiva no embri\u00e3o, desaparecendo com o desenvolvimento embrion\u00e1rio (5).<\/p>\n<p style=\"text-align: justify;\"><strong>2 Neurula\u00e7\u00e3o<\/strong><\/p>\n<p style=\"text-align: justify;\">Durante ou ap\u00f3s a gastrula\u00e7\u00e3o, ocorrem tr\u00eas acontecimentos simult\u00e2neos e de grande import\u00e2ncia: 1. a forma\u00e7\u00e3o do tubo neural, 2. a forma\u00e7\u00e3o da mesoderme e, 3. a forma\u00e7\u00e3o da notocorda. A estrutura embrion\u00e1ria resultante \u00e9 a neurula e a fase se chama neurula\u00e7\u00e3o (5).<\/p>\n<p style=\"text-align: justify;\"><strong>\u00a03 Forma\u00e7\u00e3o do tubo neural<\/strong><\/p>\n<p style=\"text-align: justify;\">Na regi\u00e3o dorsal da g\u00e1strula existe um conjunto de c\u00e9lulas da ectoderme existe um conjunto de c\u00e9lulas da ectoderme chamada placa neural. Estas c\u00e9lulas se aprofundam e destacam-se da ectoderme sendo recobertas por esta \u00faltima. A placa neural forma agora um sulco ou goteira neural que posteriormente se fecha para formar o tubo neural que agora fica sob a ectoderme e acima da endoderme (5).<\/p>\n<p style=\"text-align: justify;\"><strong>4 Forma\u00e7\u00e3o da mesoderme<\/strong><\/p>\n<p style=\"text-align: justify;\">Na porte posterior do arqu\u00eantero formam-se duas bolsas laterais que posteriormente se estrangulam ficando livres, uma em cada lado, formando as duas bolsas mesod\u00e9rmicas contendo cada uma a sua cavidade celom\u00e1tica. As duas bolsas crescem para baixo e acabam fundindo-se, formando uma enorme bolsa entre a ectoderme e a endoderme (5).<\/p>\n<p style=\"text-align: justify;\"><strong>5 Forma\u00e7\u00e3o da notocorda<\/strong><\/p>\n<p style=\"text-align: justify;\">No teto do arqu\u00eantero existe um conjunto de c\u00e9lulas da endoderme que destacar-se-\u00e1 da mesma, constituindo a notocorda que \u00e9 um eixo de sustenta\u00e7\u00e3o, ficando por cima do tubo digestivo e abaixo do tubo neural, estendendo-se longitudinalmente ao longo do corpo do embri\u00e3o (5).<\/p>\n<p style=\"text-align: justify;\">Na esp\u00e9cie humana a notocorda ser\u00e1 substitu\u00edda pela coluna vertebral (5).<\/p>\n<p style=\"text-align: justify;\">Existe uma controv\u00e9rsia entre os embriologistas no que tange \u00e0 forma\u00e7\u00e3o da notocorda, pois alguns dizem que ela se origina do <strong><em>n\u00f3 de Hensen<\/em><\/strong>, localizado na ectoderme (2:130 e 5).<\/p>\n<p style=\"text-align: center;\"><img loading=\"lazy\" decoding=\"async\" class=\" wp-image-15384  aligncenter\" title=\"N\u00f3 de Hensen\" alt=\"N\u00f3 de Hensen\" src=\"http:\/\/antonini.med.br\/blog\/wp-content\/uploads\/2009\/09\/no_de_hensen-seta-41.jpg\" width=\"358\" height=\"292\" \/><\/p>\n<p style=\"text-align: justify;\">Na terceira semana a mesoderme come\u00e7a a se espessar ao redor da notocorda formando tr\u00eas mesodermes: 1. lateral, 2. intermedi\u00e1ria e, 3. para-axial:<\/p>\n<p style=\"text-align: center;\"><img loading=\"lazy\" decoding=\"async\" class=\" wp-image-15386   aligncenter\" title=\"Mesoderme\" alt=\"Mesoderme\" src=\"http:\/\/antonini.med.br\/blog\/wp-content\/uploads\/2009\/09\/embrio-1a.jpg\" width=\"342\" height=\"247\" \/><\/p>\n<p style=\"text-align: justify;\">\u00a0Cada um desses mesodermas tem destinos diferentes e aos poucos o mesoderma se divide por fus\u00e3o das fendas (delamina\u00e7\u00e3o):<\/p>\n<p style=\"text-align: center;\"><img loading=\"lazy\" decoding=\"async\" class=\" wp-image-15387   aligncenter\" title=\"Delamina\u00e7\u00e3o\" alt=\"Delamina\u00e7\u00e3o\" src=\"http:\/\/antonini.med.br\/blog\/wp-content\/uploads\/2009\/09\/embrio-2a1.jpg\" width=\"508\" height=\"182\" \/><\/p>\n<p style=\"text-align: justify;\">Dos dois folhetos formam-se membranas. De 1 forma-se a somatopleura, que formar\u00e1 os revestimentos parietais, e de 2, formar-se-\u00e1 a esplancnopleura, esta formando os revestimentos viscerais.<\/p>\n<p style=\"text-align: justify;\"><strong>\u00a0<\/strong>O mesoderma parietal ou para-axial separa-se do intermedi\u00e1rio, formando o aparelho urogenital. No para-axial aparecem reabsor\u00e7\u00f5es celulares formando pequenos espa\u00e7os, originando segmentos denominados somitos. O primeiro par de somitos aparece no vig\u00e9simo primeiro dia e formar-se-\u00e3o de 38 a 44 pares, assim distribuidos:<strong><br \/>\n<\/strong><\/p>\n<ul style=\"text-align: justify;\">\n<li>4 pares occiptais.<\/li>\n<li>8 pares cervicais.<\/li>\n<li>12 pares tor\u00e1xicos.<\/li>\n<li>5 pares lombares.<\/li>\n<li>5 pares sacrais.<\/li>\n<li>8 a 10 pares coccigeanos.<\/li>\n<\/ul>\n<p style=\"text-align: justify;\"><strong>\u00a0<\/strong>Com a evolu\u00e7\u00e3o, desaparecer\u00e3o o primeiro par occiptal e de 5 a 7 pares coccigeanos. Os somitos formar\u00e3o as v\u00e9rtebras, costelas e outros ossos segmetandos (5).<\/p>\n<p style=\"text-align: justify;\"><strong>\u00a0<\/strong>Quando se vai ao a\u00e7ougue, deve-se pedir um quilo de somitos (derivados) ao inv\u00e9s de um quilo de costela.<\/p>\n<p style=\"text-align: justify;\"><strong>\u00a0<\/strong>Formam-se tr\u00eas pares de somitos a cada dia e assim pode-se contar a idade do embri\u00e3o pelo n\u00famero de pares de somitos formados (5).<\/p>\n<p style=\"text-align: justify;\"><strong>\u00a0<\/strong>No interior dos somitos surge uma cavidade ef\u00eamera chamada miocele, que provavelmente esteja associada \u00e0 divis\u00e3o do somito. Os somitos se deividem em dorsais e ventrais, e respectivamente em dorso-laterais e dorso-mediais. Na parte dorso-lateral (dermato-mi\u00f3tono) formam-se os tecidos musculares e as aponeuroses, enquanto na parte ventro-medial (escler\u00f3tono), originar-se-\u00e1 os tecidos conjuntivos (\u00f3sseo, de revestimento, e etc.) (5).<\/p>\n<p style=\"text-align: justify;\"><strong>\u00a0<\/strong>Do 21\u00ba ao 30\u00ba chama-se per\u00edodo som\u00edtico e da 4\u00aa \u00e0 8\u00aa semana denomina-se per\u00edodo embrion\u00e1rio propriamente dito. Este \u00e9 o per\u00edodo da organog\u00eanese, no qual os \u00f3rg\u00e3os se formar\u00e3o, \u00e0 exce\u00e7\u00e3o do cora\u00e7\u00e3o, que se formou antes, de acordo com o seguinte destino dos folhetos embrion\u00e1rios proposto por Von Baer:<\/p>\n<p style=\"text-align: center;\"><img loading=\"lazy\" decoding=\"async\" class=\" wp-image-15388  aligncenter\" title=\"Esquema Folhetos\" alt=\"Esquema Folhetos\" src=\"http:\/\/antonini.med.br\/blog\/wp-content\/uploads\/2009\/09\/esquema_folhetos.jpg\" width=\"497\" height=\"359\" \/><\/p>\n<p style=\"text-align: justify;\">Este \u00e9 o per\u00edodo mais importante e de maior risco. Nesta fase o embri\u00e3o deixa de ter a forma de disco para se transformar em cilindro, gra\u00e7as \u00e0 forma\u00e7\u00e3o dos \u00f3rg\u00e3os (5).<\/p>\n<p style=\"text-align: center;\">[<a href=\"javascript:history.go(-1)\">Voltar<\/a>]<\/p>\n","protected":false},"excerpt":{"rendered":"<p>1 Gastrula\u00e7\u00e3o<\/p>\n","protected":false},"author":1,"featured_media":0,"comment_status":"open","ping_status":"open","sticky":false,"template":"","format":"standard","meta":{"footnotes":""},"categories":[27],"tags":[],"class_list":["post-13824","post","type-post","status-publish","format-standard","hentry","category-noticias"],"_links":{"self":[{"href":"https:\/\/antonini.psc.br\/index.php?rest_route=\/wp\/v2\/posts\/13824","targetHints":{"allow":["GET"]}}],"collection":[{"href":"https:\/\/antonini.psc.br\/index.php?rest_route=\/wp\/v2\/posts"}],"about":[{"href":"https:\/\/antonini.psc.br\/index.php?rest_route=\/wp\/v2\/types\/post"}],"author":[{"embeddable":true,"href":"https:\/\/antonini.psc.br\/index.php?rest_route=\/wp\/v2\/users\/1"}],"replies":[{"embeddable":true,"href":"https:\/\/antonini.psc.br\/index.php?rest_route=%2Fwp%2Fv2%2Fcomments&post=13824"}],"version-history":[{"count":1,"href":"https:\/\/antonini.psc.br\/index.php?rest_route=\/wp\/v2\/posts\/13824\/revisions"}],"predecessor-version":[{"id":27939,"href":"https:\/\/antonini.psc.br\/index.php?rest_route=\/wp\/v2\/posts\/13824\/revisions\/27939"}],"wp:attachment":[{"href":"https:\/\/antonini.psc.br\/index.php?rest_route=%2Fwp%2Fv2%2Fmedia&parent=13824"}],"wp:term":[{"taxonomy":"category","embeddable":true,"href":"https:\/\/antonini.psc.br\/index.php?rest_route=%2Fwp%2Fv2%2Fcategories&post=13824"},{"taxonomy":"post_tag","embeddable":true,"href":"https:\/\/antonini.psc.br\/index.php?rest_route=%2Fwp%2Fv2%2Ftags&post=13824"}],"curies":[{"name":"wp","href":"https:\/\/api.w.org\/{rel}","templated":true}]}}