{"id":1490,"date":"2009-02-15T16:36:50","date_gmt":"2009-02-15T18:36:50","guid":{"rendered":"http:\/\/antonini.med.br\/blog\/?p=1490"},"modified":"2022-08-25T23:49:26","modified_gmt":"2022-08-25T23:49:26","slug":"exemplos-de-casos-com-adenocarcinoma-da-cervix","status":"publish","type":"post","link":"https:\/\/antonini.psc.br\/?p=1490","title":{"rendered":"Exemplos de casos com adenocarcinoma da c\u00e9rvix"},"content":{"rendered":"<p style=\"text-align: justify;\">Existem tr\u00eas tipos principais de adenocarcinoma da c\u00e9rvix. O padr\u00e3o do tumor pode ser endocervical, endometrial ou de c\u00e9lulas claras (mesonefr\u00f3ide).<\/p>\n<p style=\"text-align: justify;\"><strong>Caso 1:<\/strong><\/p>\n<p style=\"text-align: center;\"><img loading=\"lazy\" decoding=\"async\" class=\"aligncenter size-large\" src=\"\/img\/236_JPG.jpg?w=560\" width=\"560\" height=\"406\"\/><\/p>\n<p style=\"text-align: justify;\">236 <strong>C\u00e9lulas malignas pobremente diferenciadas. <\/strong>Grupamentos de c\u00e9lulas malignas pobremente diferenciadas s\u00e3o vistas neste campo. (x 250)<\/p>\n<p style=\"text-align: center;\"><img loading=\"lazy\" decoding=\"async\" class=\"aligncenter size-large\" src=\"\/img\/237_JPG.jpg?w=560\" width=\"560\" height=\"406\"\/><\/p>\n<p style=\"text-align: justify;\">237 <strong>C\u00e9lulas malignas pobremente diferenciadas. <\/strong>Em aumento muito maior o citoplasma \u00e9 visto e parece ser do tipo endocervical. (x 620)<\/p>\n<p style=\"text-align: center;\"><img loading=\"lazy\" decoding=\"async\" class=\"aligncenter size-large\" src=\"\/img\/238_JPG.jpg?w=560\" width=\"560\" height=\"406\"\/><\/p>\n<p style=\"text-align: justify;\">238 <strong>Adenocarcinoma da c\u00e9rvix: bi\u00f3psia cervical. <\/strong>\u00c9 interessante que cortes da c\u00e9rvix mostram um tumor pobremente diferenciado do tipo de c\u00e9lulas claras (mesonefr\u00f3ide). (H &amp; E, x 62)<\/p>\n<p style=\"text-align: justify;\"><strong>Caso 2: Adenocarcinoma da c\u00e9rvix c\u00e9lulas claras<br \/>\n<\/strong><\/p>\n<p style=\"text-align: center;\"><img loading=\"lazy\" decoding=\"async\" class=\"aligncenter size-large\" src=\"\/img\/239_JPG.jpg?w=560\" width=\"560\" height=\"406\"\/><\/p>\n<p style=\"text-align: justify;\">239 <strong>C\u00e9lulas malignas. <\/strong>Este esfrega\u00e7o foi tirado de uma mulher de 24 anos de idade. Mostra um quadro pleom\u00f3rfico de c\u00e9lulas malignas do tipo c\u00e9lulas claras. (x 250)<\/p>\n<p style=\"text-align: center;\"><img loading=\"lazy\" decoding=\"async\" class=\"aligncenter size-large\" src=\"\/img\/240_JPG.jpg?w=560\" width=\"560\" height=\"406\"\/><\/p>\n<p style=\"text-align: justify;\">240 <strong>Adenocarcinoma da c\u00e9rvix: colposcopia. <\/strong>Em aumento muito maior o tumor pode ser visto em uma sali\u00eancia do colo. Note o padr\u00e3o vascular irregular (solu\u00e7\u00e3o salina). (x 40)<\/p>\n<p style=\"text-align: center;\"><img loading=\"lazy\" decoding=\"async\" class=\"aligncenter size-large\" src=\"\/img\/241_JPG.jpg?w=560\" width=\"560\" height=\"406\"\/><\/p>\n<p style=\"text-align: justify;\"><strong>241 Adenocarcinoma da c\u00e9rvix: histerectomia Wertheim. <\/strong>Cortes mostram um adenocarcinoma do tipo mesonefr\u00f3ide. Uma gl\u00e2ndula mostra uma forma de prego. (H &amp; E, x 62)<\/p>\n<p style=\"text-align: justify;\"><strong>Caso 3: Adenocarcinoma &#8211; tipo endocervical<br \/>\n<\/strong><\/p>\n<p style=\"text-align: center;\"><img loading=\"lazy\" decoding=\"async\" class=\"aligncenter size-large\" src=\"\/img\/242_JPG.jpg?w=560\" width=\"560\" height=\"406\"\/><\/p>\n<p style=\"text-align: justify;\">242 <strong>C\u00e9lulas colunares endocervicais malignas.<\/strong> Ser\u00e1 visto em pequeno aumento o fragmento de tecido que se assemelha \u00e0 apar\u00eancia que seria encontrada nas c\u00e9lulas colunares endocervicais reativas. (x 62)<\/p>\n<p style=\"text-align: center;\"><img loading=\"lazy\" decoding=\"async\" class=\"aligncenter size-large\" src=\"\/img\/243_JPG.jpg?w=560\" width=\"560\" height=\"406\"\/><\/p>\n<p style=\"text-align: justify;\">243 <strong>C\u00e9lulas coadunares endocervicais malignas. <\/strong>Em maior aumento pode ser visto que o n\u00facleo apresenta bom crit\u00e9rio de malignidade (compare com 78). Este diagn\u00f3stico foi confirmado em corte de tecido. (x 250)<\/p>\n<p style=\"text-align: center;\">[<a href=\"javascript:history.go(-1)\">Voltar<\/a>]<\/p>\n","protected":false},"excerpt":{"rendered":"<p>Existem tr\u00eas tipos principais de adenocarcinoma da c\u00e9rvix. O padr\u00e3o do tumor pode ser endocervical, endometrial ou de c\u00e9lulas claras (mesonefr\u00f3ide). Caso 1: 236 C\u00e9lulas malignas pobremente diferenciadas. Grupamentos de c\u00e9lulas malignas pobremente diferenciadas s\u00e3o vistas neste campo. (x 250) 237 C\u00e9lulas malignas pobremente diferenciadas. Em aumento muito maior o citoplasma \u00e9 visto e parece [&hellip;]<\/p>\n","protected":false},"author":1,"featured_media":0,"comment_status":"open","ping_status":"open","sticky":false,"template":"","format":"standard","meta":{"footnotes":""},"categories":[81],"tags":[],"class_list":["post-1490","post","type-post","status-publish","format-standard","hentry","category-citologia"],"_links":{"self":[{"href":"https:\/\/antonini.psc.br\/index.php?rest_route=\/wp\/v2\/posts\/1490","targetHints":{"allow":["GET"]}}],"collection":[{"href":"https:\/\/antonini.psc.br\/index.php?rest_route=\/wp\/v2\/posts"}],"about":[{"href":"https:\/\/antonini.psc.br\/index.php?rest_route=\/wp\/v2\/types\/post"}],"author":[{"embeddable":true,"href":"https:\/\/antonini.psc.br\/index.php?rest_route=\/wp\/v2\/users\/1"}],"replies":[{"embeddable":true,"href":"https:\/\/antonini.psc.br\/index.php?rest_route=%2Fwp%2Fv2%2Fcomments&post=1490"}],"version-history":[{"count":2,"href":"https:\/\/antonini.psc.br\/index.php?rest_route=\/wp\/v2\/posts\/1490\/revisions"}],"predecessor-version":[{"id":31466,"href":"https:\/\/antonini.psc.br\/index.php?rest_route=\/wp\/v2\/posts\/1490\/revisions\/31466"}],"wp:attachment":[{"href":"https:\/\/antonini.psc.br\/index.php?rest_route=%2Fwp%2Fv2%2Fmedia&parent=1490"}],"wp:term":[{"taxonomy":"category","embeddable":true,"href":"https:\/\/antonini.psc.br\/index.php?rest_route=%2Fwp%2Fv2%2Fcategories&post=1490"},{"taxonomy":"post_tag","embeddable":true,"href":"https:\/\/antonini.psc.br\/index.php?rest_route=%2Fwp%2Fv2%2Ftags&post=1490"}],"curies":[{"name":"wp","href":"https:\/\/api.w.org\/{rel}","templated":true}]}}