{"id":15084,"date":"2012-01-03T16:05:33","date_gmt":"2012-01-03T16:05:33","guid":{"rendered":"http:\/\/www.cienciasdasaude.org\/portal\/?p=15084"},"modified":"2026-04-16T00:40:31","modified_gmt":"2026-04-16T00:40:31","slug":"estudos-sugerem-associacao-entre-uso-de-paracetamol-e-asma-em-criancas","status":"publish","type":"post","link":"https:\/\/antonini.psc.br\/?p=15084","title":{"rendered":"Estudos sugerem associa\u00e7\u00e3o entre uso de paracetamol e asma em crian\u00e7as"},"content":{"rendered":"<p style=\"text-align: justify;\">Esta not\u00edcia faz sentido, pois o paracetamol tamb\u00e9m tem potencial de inibi\u00e7\u00e3o de ciclo-oxigenase, podendo produzir crises de asma por aumento dos leucotrienos que, ligados ao receptor LTB-4, provocam a asma.<!--more--><\/p>\n<p style=\"text-align: justify;\">Embora seja um problema s\u00e9rio, asma dificilmente mata algu\u00e9m, enquanto as hepatopatias provocadas por intoxica\u00e7\u00e3o pelos metab\u00f3litos de elimina\u00e7\u00e3o do paracetamol pode at\u00e9 levar \u00e0 morte. \u00a0Leia <a href=\"http:\/\/noticias.uol.com.br\/ultnot\/cienciaesaude\/ultimas-noticias\/2012\/01\/03\/estudos-sugerem-associacao-entre-uso-de-paracetamol-e-asma-em-criancas.jhtm\" target=\"_blank\" rel=\"noopener noreferrer\">aqui<\/a><\/p>\n<p style=\"text-align: center;\">[<a href=\"javascript:history.go(-1)\">Voltar<\/a>]<\/p>\n","protected":false},"excerpt":{"rendered":"<p>Esta not\u00edcia faz sentido, pois o paracetamol tamb\u00e9m tem potencial de inibi\u00e7\u00e3o de ciclo-oxigenase, podendo produzir crises de asma por aumento dos leucotrienos que, ligados ao receptor LTB-4, provocam a asma.<\/p>\n","protected":false},"author":1,"featured_media":0,"comment_status":"open","ping_status":"open","sticky":false,"template":"","format":"standard","meta":{"footnotes":""},"categories":[124],"tags":[],"class_list":["post-15084","post","type-post","status-publish","format-standard","hentry","category-saude"],"_links":{"self":[{"href":"https:\/\/antonini.psc.br\/index.php?rest_route=\/wp\/v2\/posts\/15084","targetHints":{"allow":["GET"]}}],"collection":[{"href":"https:\/\/antonini.psc.br\/index.php?rest_route=\/wp\/v2\/posts"}],"about":[{"href":"https:\/\/antonini.psc.br\/index.php?rest_route=\/wp\/v2\/types\/post"}],"author":[{"embeddable":true,"href":"https:\/\/antonini.psc.br\/index.php?rest_route=\/wp\/v2\/users\/1"}],"replies":[{"embeddable":true,"href":"https:\/\/antonini.psc.br\/index.php?rest_route=%2Fwp%2Fv2%2Fcomments&post=15084"}],"version-history":[{"count":3,"href":"https:\/\/antonini.psc.br\/index.php?rest_route=\/wp\/v2\/posts\/15084\/revisions"}],"predecessor-version":[{"id":75734,"href":"https:\/\/antonini.psc.br\/index.php?rest_route=\/wp\/v2\/posts\/15084\/revisions\/75734"}],"wp:attachment":[{"href":"https:\/\/antonini.psc.br\/index.php?rest_route=%2Fwp%2Fv2%2Fmedia&parent=15084"}],"wp:term":[{"taxonomy":"category","embeddable":true,"href":"https:\/\/antonini.psc.br\/index.php?rest_route=%2Fwp%2Fv2%2Fcategories&post=15084"},{"taxonomy":"post_tag","embeddable":true,"href":"https:\/\/antonini.psc.br\/index.php?rest_route=%2Fwp%2Fv2%2Ftags&post=15084"}],"curies":[{"name":"wp","href":"https:\/\/api.w.org\/{rel}","templated":true}]}}