{"id":1519,"date":"2009-02-15T18:01:18","date_gmt":"2009-02-15T20:01:18","guid":{"rendered":"http:\/\/antonini.med.br\/blog\/?p=1519"},"modified":"2022-02-15T03:29:38","modified_gmt":"2022-02-15T03:29:38","slug":"semelhancas-entre-celulas-endometriais-malignas-e-reativas","status":"publish","type":"post","link":"https:\/\/antonini.psc.br\/?p=1519","title":{"rendered":"Semelhan\u00e7as entre c\u00e9lulas endometriais malignas e reativas"},"content":{"rendered":"<p style=\"text-align: justify;\">Estes exemplos aos pares demonstram a dificuldade era estabelecer o grau de anormalidade esperada pelo aspecto de c\u00e9lulas endometriais at\u00edpicas como as vistas no esfrega\u00e7o cervicovaginal. H\u00e1 de ser Lembrado que as c\u00e9lulas vieram da cavidade uterina, no fluido menstrual ou seroso, e algum grau de degenera\u00e7\u00e3o seria esperado. Em cada um destes pares o exemplo de adenocarcinoma \u00e9 apresentado primeiro. Em todos estes casos a curetagem foi essencial para estabelecer o diagnostico.<\/p>\n<p style=\"text-align: justify;\"><strong>Par 1<\/strong><\/p>\n<p style=\"text-align: center;\"><img decoding=\"async\" src=\"\/img\/271_JPG.jpg\" alt=\"\" width=\"560\" height=\"\" \/><\/p>\n<p style=\"text-align: justify;\">271 <strong>Adenocarcinoma <\/strong>(cortesia Dr. J. K. Frost, John Hopkins Hospital). (x 280)<\/p>\n<p style=\"text-align: center;\"><img decoding=\"async\" src=\"\/img\/272_JPG.jpg\" alt=\"\" width=\"560\" height=\"\" \/><\/p>\n<p style=\"text-align: justify;\">272 <strong>Rea\u00e7\u00e3o ao DIU. <\/strong>Este fragmento de tecido mostra vacuoliza\u00e7\u00e3o citoplasm\u00e1tica e est\u00e3o presentes os nucl\u00e9olos proeminentes. Contudo, n\u00e3o existe nenhuma irregularidade da cromatina nuclear. (x 250)<\/p>\n<p style=\"text-align: justify;\"><strong>Par 2<\/strong><\/p>\n<p style=\"text-align: center;\"><img decoding=\"async\" src=\"\/img\/273_JPG.jpg\" alt=\"\" width=\"560\" height=\"\" \/><\/p>\n<p style=\"text-align: justify;\">273 <strong>Adenocarcinoma.<\/strong> Os n\u00facleos neste grupo de c\u00e9lulas n\u00e3o s\u00f4o mais que discari\u00f3ticos, mas adenocarcinoma de endom\u00e9trio foi descoberto na curetagem. (x 250)<\/p>\n<p style=\"text-align: center;\"><img decoding=\"async\" src=\"\/img\/274_JPG.jpg\" alt=\"\" width=\"560\" height=\"\" \/><\/p>\n<p style=\"text-align: justify;\">274 <strong>P\u00f3lipo endometrial infectado. <\/strong>Esta fotografia demonstra a necess\u00e1ria prud\u00eancia quando a degenera\u00e7\u00e3o nuclear est\u00e1 presente. Necrose coagulativa faz o padr\u00e3o de cromatina nuclear coagulativa faz o padr\u00e3o de cromatina nuclear parecer mais anormal do que as c\u00e9lulas em 273. Esta mulher tinha um p\u00f31ipo endometrial que apareceu atrav\u00e9s do orif\u00edcio externo. Nenhuma evid\u00eancia de malignidade foi achada. (x 250)<\/p>\n<p style=\"text-align: justify;\"><strong>Par 3<\/strong><\/p>\n<p style=\"text-align: center;\"><img decoding=\"async\" src=\"\/img\/275_JPG.jpg\" alt=\"\" width=\"560\" height=\"\" \/><\/p>\n<p style=\"text-align: justify;\">275 <strong>Adenocarcinoma. <\/strong>Os n\u00facleos neste fragmento mostram um padr\u00e3o de cromatina irregular assim tamb\u00e9m como vacuoliza\u00e7\u00e3o do citoplasma, polimorfos nos vac\u00faolos. (x 250)<\/p>\n<p style=\"text-align: center;\"><img decoding=\"async\" src=\"\/img\/276_JPG.jpg\" alt=\"\" width=\"560\" height=\"\" \/><\/p>\n<p style=\"text-align: justify;\">276 <strong>Hiperplasia c\u00edstica do endom\u00e9trio. <\/strong>Curetagem mostrou somente hiperplasia c\u00edstica nesta mulher, mas ser\u00e1 visto que a anormalidade nuclear \u00e9 t\u00e3o acentuada quanto aquela vista em 275. (x 250)<\/p>\n<p style=\"text-align: justify;\"><strong>Par 4<\/strong><\/p>\n<p style=\"text-align: center;\"><img decoding=\"async\" src=\"\/img\/277_JPG.jpg\" alt=\"\" width=\"560\" height=\"\" \/><\/p>\n<p style=\"text-align: justify;\">277 <strong>Adenocarcinoma. <\/strong>Este \u00e9 um outro exemplo de presen\u00e7a de n\u00facleos discari\u00f3ticos nas c\u00e9lulas as quais formam um R\u00edcino vacuolado. Na paciente foi mais tarde diagnosticado por curetagem um adenocarcinoma do endom\u00e9trio. (x 250)<\/p>\n<p style=\"text-align: center;\"><img decoding=\"async\" src=\"\/img\/278_JPG.jpg\" alt=\"\" width=\"560\" height=\"\" \/><\/p>\n<p style=\"text-align: justify;\">278 <strong>Hiperplasia at\u00edpica do endom\u00e9trio.<\/strong> Compara\u00e7\u00e3o com este campo mostra anormalidade nuclear muito semelhante. A compara\u00e7\u00e3o da morfologia celular entre carcinoma bem diferenciado e hiperplasia at\u00edpica \u00e9 menos surpreendente, pois estes podem ser dif\u00edceis distinguir no corte histol\u00f3gico da curetagem. X (250)<\/p>\n<ul>\n<li><a href=\"?p=1524\" target=\"_self\" rel=\"noopener\">Exemplos de adenocarcinoma do endom\u00e9trio<\/a><\/li>\n<li><a href=\"?p=1532\">Carcinoma adenoescamoso e adenocantoma do endom\u00e9trio<\/a><\/li>\n<li><a href=\"?p=1541\">Adenocarcinoma do endom\u00e9trio perdido na curetagem<\/a><\/li>\n<li><a href=\"?p=1548\">Mola hidatiforme<\/a><\/li>\n<\/ul>\n<p style=\"text-align: center;\">[<a href=\"javascript:history.go(-1)\">Voltar<\/a>]<\/p>\n","protected":false},"excerpt":{"rendered":"<p>Estes exemplos aos pares demonstram a dificuldade era estabelecer o grau de anormalidade esperada pelo aspecto de c\u00e9lulas endometriais at\u00edpicas como as vistas no esfrega\u00e7o cervicovaginal. H\u00e1 de ser Lembrado que as c\u00e9lulas vieram da cavidade uterina, no fluido menstrual ou seroso, e algum grau de degenera\u00e7\u00e3o seria esperado. Em cada um destes pares o [&hellip;]<\/p>\n","protected":false},"author":1,"featured_media":0,"comment_status":"open","ping_status":"open","sticky":false,"template":"","format":"standard","meta":{"footnotes":""},"categories":[81],"tags":[],"class_list":["post-1519","post","type-post","status-publish","format-standard","hentry","category-citologia"],"_links":{"self":[{"href":"https:\/\/antonini.psc.br\/index.php?rest_route=\/wp\/v2\/posts\/1519","targetHints":{"allow":["GET"]}}],"collection":[{"href":"https:\/\/antonini.psc.br\/index.php?rest_route=\/wp\/v2\/posts"}],"about":[{"href":"https:\/\/antonini.psc.br\/index.php?rest_route=\/wp\/v2\/types\/post"}],"author":[{"embeddable":true,"href":"https:\/\/antonini.psc.br\/index.php?rest_route=\/wp\/v2\/users\/1"}],"replies":[{"embeddable":true,"href":"https:\/\/antonini.psc.br\/index.php?rest_route=%2Fwp%2Fv2%2Fcomments&post=1519"}],"version-history":[{"count":1,"href":"https:\/\/antonini.psc.br\/index.php?rest_route=\/wp\/v2\/posts\/1519\/revisions"}],"predecessor-version":[{"id":30778,"href":"https:\/\/antonini.psc.br\/index.php?rest_route=\/wp\/v2\/posts\/1519\/revisions\/30778"}],"wp:attachment":[{"href":"https:\/\/antonini.psc.br\/index.php?rest_route=%2Fwp%2Fv2%2Fmedia&parent=1519"}],"wp:term":[{"taxonomy":"category","embeddable":true,"href":"https:\/\/antonini.psc.br\/index.php?rest_route=%2Fwp%2Fv2%2Fcategories&post=1519"},{"taxonomy":"post_tag","embeddable":true,"href":"https:\/\/antonini.psc.br\/index.php?rest_route=%2Fwp%2Fv2%2Ftags&post=1519"}],"curies":[{"name":"wp","href":"https:\/\/api.w.org\/{rel}","templated":true}]}}