{"id":1524,"date":"2009-02-15T18:12:02","date_gmt":"2009-02-15T20:12:02","guid":{"rendered":"http:\/\/antonini.med.br\/blog\/?p=1524"},"modified":"2022-02-15T03:29:38","modified_gmt":"2022-02-15T03:29:38","slug":"exemplos-de-adenocarcinoma-do-endometrio","status":"publish","type":"post","link":"https:\/\/antonini.psc.br\/?p=1524","title":{"rendered":"Exemplos de adenocarcinoma do endom\u00e9trio"},"content":{"rendered":"<p style=\"text-align: justify;\"><!--more--><strong>Caso 1<\/strong><\/p>\n<p style=\"text-align: center;\"><img loading=\"lazy\" decoding=\"async\" src=\"\/img\/279_jpg.jpg\" alt=\"\" width=\"560\" height=\"407\" \/><\/p>\n<p style=\"text-align: justify;\">279 <strong>Fragmento papilar. <\/strong>Neste campo c\u00e9lulas malignas esfoliadas na forma de fragmento papilar. (x 80)<\/p>\n<p style=\"text-align: center;\"><img loading=\"lazy\" decoding=\"async\" src=\"\/img\/280_jpg.jpg\" alt=\"\" width=\"560\" height=\"407\" \/><\/p>\n<p style=\"text-align: justify;\">280 <strong>Fragmento acinar: n\u00edvel 1. <\/strong>Este \u00e9 um fragmento acinar achado em outro lugar. Ele foi fotografado em tr\u00eas n\u00edveis para demonstrar que \u00e9 tridimensional. (x 160)<\/p>\n<p style=\"text-align: center;\"><img loading=\"lazy\" decoding=\"async\" src=\"\/img\/281_jpg.jpg\" alt=\"\" width=\"560\" height=\"407\" \/><\/p>\n<p style=\"text-align: justify;\">281 <strong>Fragmento acinar: n\u00edvel 2. <\/strong>( x 160)<\/p>\n<p style=\"text-align: center;\"><img loading=\"lazy\" decoding=\"async\" src=\"\/img\/282_jpg.jpg\" alt=\"\" width=\"560\" height=\"407\" \/><\/p>\n<p style=\"text-align: justify;\">282 <strong>Fragmento acinar: n\u00edvel 3.<\/strong> ( x 160)<\/p>\n<p style=\"text-align: center;\"><img loading=\"lazy\" decoding=\"async\" src=\"\/img\/283_jpg.jpg\" alt=\"\" width=\"560\" height=\"407\" \/><\/p>\n<p style=\"text-align: justify;\">283 <strong>Carcinoma acinar do endom\u00e9trio: histerectomia. <\/strong>Um corte do endom\u00e9trio mostra um padr\u00e3o papilar e acinar misto. (H &amp; E, x 80)<\/p>\n<p style=\"text-align: justify;\"><strong>Caso 2: Adenocarcinoma do endom\u00e9trio<\/strong><\/p>\n<p style=\"text-align: center;\"><img loading=\"lazy\" decoding=\"async\" src=\"\/img\/284_jpg.jpg\" alt=\"\" width=\"560\" height=\"407\" \/><\/p>\n<p style=\"text-align: justify;\">284 <strong>C\u00e9lulas tumorais degeneradas. <\/strong>Este campo mostra restos amorfos, c\u00e9lulas inflamat\u00f3rias e gl\u00f3bulos vermelhos com c\u00e9lulas tumorais degeneradas as quais t\u00eam citoplasma espumoso abundante (flecha). (x 160)<\/p>\n<p style=\"text-align: center;\"><img loading=\"lazy\" decoding=\"async\" src=\"\/img\/285_jpg.jpg\" alt=\"\" width=\"560\" height=\"407\" \/><\/p>\n<p style=\"text-align: justify;\">285 <strong>Superf\u00edcie do endom\u00e9trio. <\/strong>Em outro lugar no esfrega\u00e7o, placas de c\u00e9lulas indiferenciadas foram encontradas. Notar que nesta placa de c\u00e9lulas as altera\u00e7\u00f5es nucleares n\u00e3o s\u00e3o mais que discari\u00f3ticas. Tamb\u00e9m notar a abertura das gl\u00e2ndulas. (x 160)<\/p>\n<p style=\"text-align: center;\"><img loading=\"lazy\" decoding=\"async\" src=\"\/img\/286_jpg.jpg\" alt=\"\" width=\"560\" height=\"407\" \/><\/p>\n<p style=\"text-align: justify;\">286 <strong>Adenocarcinoma do endom\u00e9trio: curetagem. <\/strong>Notar a degenera\u00e7\u00e3o da superf\u00edcie deste fragmento endometrial e a presen\u00e7a de c\u00e9lulas espumosas. (H &amp; E, x 80)<\/p>\n<p style=\"text-align: center;\"><img loading=\"lazy\" decoding=\"async\" src=\"\/img\/287_jpg.jpg\" alt=\"\" width=\"560\" height=\"407\" \/><\/p>\n<p style=\"text-align: justify;\">287 <strong>Adenocarcinoma do endom\u00e9trio: curetagem. <\/strong>Este campo foi feito no mesmo aumento como a citologia apresentada em 284, deste modo, a morfologia de c\u00e9lulas espumosas poderia ser comparada. Estas c\u00e9lulas s\u00e3o reativas em lugar de neopl\u00e1sicas. (H &amp; E, x 160)<\/p>\n<p style=\"text-align: justify;\"><strong>Caso 3: Adenocarcinoma do endom\u00e9trio<\/strong><\/p>\n<p style=\"text-align: center;\"><img loading=\"lazy\" decoding=\"async\" src=\"\/img\/288_JPG.jpg\" alt=\"\" width=\"560\" height=\"407\" \/><\/p>\n<p style=\"text-align: justify;\">288 <strong>Fragmento de tecido. <\/strong>Este campo mostra um fragmento de tecido t\u00edpico desprendido de um adenocarcinoma. Notar a margem semelhante de um lado e o ind\u00edcio de estrutura acinar. Al\u00e9m disto, n\u00facleos no fragmento tem uma apar\u00eancia tridimensional. (x 160)<\/p>\n<p style=\"text-align: center;\"><img loading=\"lazy\" decoding=\"async\" src=\"\/img\/289_JPG.jpg\" alt=\"\" width=\"560\" height=\"407\" \/><\/p>\n<p style=\"text-align: justify;\">289 <strong>Adenocarcinoma do endom\u00e9trio: curetagem. <\/strong>Corte de curetagem mostra um adenocarcinoma bem diferenciado. (H &amp; E, x 160)<\/p>\n<p style=\"text-align: justify;\"><strong>Caso 4: Adenocarcinoma indiferenciado<\/strong><\/p>\n<p style=\"text-align: center;\"><img loading=\"lazy\" decoding=\"async\" src=\"\/img\/290_JPG.jpg\" alt=\"\" width=\"560\" height=\"407\" \/><\/p>\n<p style=\"text-align: justify;\">290 <strong>C\u00e9lulas malignas indiferenciadas. <\/strong>Um grupo de c\u00e9lulas malignas indiferenciadas \u00e9 visto neste campo. N\u00e3o h\u00e1 nada para indicar o tipo de diferencia\u00e7\u00e3o ou s\u00edtio prim\u00e1rio (endom\u00e9trio ou c\u00e9rvix). (x 160)<\/p>\n<p style=\"text-align: center;\"><img loading=\"lazy\" decoding=\"async\" src=\"\/img\/291_JPG.jpg\" alt=\"\" width=\"560\" height=\"407\" \/><\/p>\n<p style=\"text-align: justify;\">291 <strong>Carcinoma de c\u00e9lulas claras da c\u00e9rvix: bi\u00f3psia cervical. <\/strong>Este caso foi inclu\u00eddo para ilustrar que pode haver dificuldades na distin\u00e7\u00e3o entre tumores do endom\u00e9trio e c\u00e9rvix. O esfrega\u00e7o cervical foi apresentado com uma prefer\u00eancia para um tumor endometrial, mas a bi\u00f3psia e a curetagem fracionada mostraram um adenocarcinoma de c\u00e9lulas claras pobremente diferenciado da c\u00e9rvix. (H &amp; E, x 160)<\/p>\n<p style=\"text-align: justify;\"><strong>Caso 5: Adenocarcinoma do endom\u00e9trio<\/strong><\/p>\n<p style=\"text-align: center;\"><img loading=\"lazy\" decoding=\"async\" src=\"\/img\/292_JPG.jpg\" alt=\"\" width=\"560\" height=\"407\" \/><\/p>\n<p style=\"text-align: justify;\">292 <strong>C\u00e9lulas malignas pobremente diferenciadas.<\/strong> Este \u00e9 um outro exemplo de c\u00e9lulas malignas pobremente diferenciadas, mas a curetagem fracionada e mais tarde a histerectomia mostraram ser este um adenocarcinoma do endom\u00e9trio. (x 160)<\/p>\n<p style=\"text-align: center;\"><img loading=\"lazy\" decoding=\"async\" src=\"\/img\/293_JPG.jpg\" alt=\"\" width=\"560\" height=\"407\" \/><\/p>\n<p style=\"text-align: justify;\">293 <strong>Adenocarcinoma do endom\u00e9trio: histerectomia. <\/strong>\u00c9 interessante que aquele corte de endom\u00e9trio apresente um adenocarcinoma moderadamente diferenciado (H &amp; E, x 80)<\/p>\n<p style=\"text-align: center;\">[<a href=\"javascript:history.go(-1)\">Voltar<\/a>]<\/p>\n","protected":false},"excerpt":{"rendered":"","protected":false},"author":1,"featured_media":0,"comment_status":"open","ping_status":"open","sticky":false,"template":"","format":"standard","meta":{"footnotes":""},"categories":[21],"tags":[],"class_list":["post-1524","post","type-post","status-publish","format-standard","hentry","category-h-p"],"_links":{"self":[{"href":"https:\/\/antonini.psc.br\/index.php?rest_route=\/wp\/v2\/posts\/1524","targetHints":{"allow":["GET"]}}],"collection":[{"href":"https:\/\/antonini.psc.br\/index.php?rest_route=\/wp\/v2\/posts"}],"about":[{"href":"https:\/\/antonini.psc.br\/index.php?rest_route=\/wp\/v2\/types\/post"}],"author":[{"embeddable":true,"href":"https:\/\/antonini.psc.br\/index.php?rest_route=\/wp\/v2\/users\/1"}],"replies":[{"embeddable":true,"href":"https:\/\/antonini.psc.br\/index.php?rest_route=%2Fwp%2Fv2%2Fcomments&post=1524"}],"version-history":[{"count":2,"href":"https:\/\/antonini.psc.br\/index.php?rest_route=\/wp\/v2\/posts\/1524\/revisions"}],"predecessor-version":[{"id":29700,"href":"https:\/\/antonini.psc.br\/index.php?rest_route=\/wp\/v2\/posts\/1524\/revisions\/29700"}],"wp:attachment":[{"href":"https:\/\/antonini.psc.br\/index.php?rest_route=%2Fwp%2Fv2%2Fmedia&parent=1524"}],"wp:term":[{"taxonomy":"category","embeddable":true,"href":"https:\/\/antonini.psc.br\/index.php?rest_route=%2Fwp%2Fv2%2Fcategories&post=1524"},{"taxonomy":"post_tag","embeddable":true,"href":"https:\/\/antonini.psc.br\/index.php?rest_route=%2Fwp%2Fv2%2Ftags&post=1524"}],"curies":[{"name":"wp","href":"https:\/\/api.w.org\/{rel}","templated":true}]}}