{"id":15369,"date":"2013-02-28T00:14:15","date_gmt":"2013-02-28T00:14:15","guid":{"rendered":"http:\/\/cienciasdasaude.med.br\/blog\/?p=15369"},"modified":"2022-02-15T03:25:03","modified_gmt":"2022-02-15T03:25:03","slug":"julgamento-dos-recursos-pelo-stj-caso-carli-filho","status":"publish","type":"post","link":"https:\/\/antonini.psc.br\/?p=15369","title":{"rendered":"Julgamento dos recursos pelo STJ &#8211; Caso Carli Filho"},"content":{"rendered":"<p style=\"text-align: justify;\">Isso \u00e9 uma vergonha e enche de lama uma de nossas mais altas cortes.<!--more--> Leia abaixo:<\/p>\n<div style=\"text-align: justify;\"><b><span style=\"color: black; font-family: Times New Roman; font-size: medium;\">Leiam atentamente o desabafo e a indigna\u00e7\u00e3o do pai de uma das v\u00edtimas do &#8220;rico ex-deputado&#8221; De Carli&#8230;<\/span><\/b><\/div>\n<div style=\"text-align: justify;\"><b><span style=\"color: black; font-family: Times New Roman; font-size: medium;\">Infelizmente \u00e9 o pa\u00eds em que vivemos, onde a for\u00e7a do &#8220;dinheiro\/influ\u00eancia&#8221; fala mais alto que a pr\u00f3pria justi\u00e7a..<\/span><\/b><\/div>\n<p style=\"text-align: justify;\"><span style=\"color: black; font-family: Times New Roman; font-size: medium;\">Dois Brasis, triste realidade de um povo.<\/span><\/p>\n<p style=\"text-align: justify;\">Acordei cedo nesta quinta-feira, 21 de fevereiro com o cora\u00e7\u00e3o renovado de esperan\u00e7a, certo que tudo que fizemos n\u00e3o poderia ser reprovado, que todas as provas apresentadas eram inquestion\u00e1veis.<\/p>\n<p style=\"text-align: justify;\">Os corpos de meu filho e de seu amigo, a embriagu\u00eaz comprovada por exames, testemunhas e pelo pr\u00f3prio depoimento do r\u00e9u, a velocidade comprovada pela per\u00edcia do Paran\u00e1 em mais de 170 KM\/H em uma via p\u00fablica, a carteira cassada devido aos 130 pontos, decididamente N\u00c3O foram provas para quem est\u00e1 acima da lei.<\/p>\n<p style=\"text-align: justify;\">Muito f\u00e1cil de entender, a grande maioria do povo est\u00e1 abaixo da lei, mas h\u00e1 aqueles que est\u00e3o acima.<\/p>\n<p style=\"text-align: justify;\">Acompanhado de meu advogado, o Dr. Elias Mattar Assad, chegamos ao plen\u00e1rio do supremo um pouco antes das 14:00.<br \/>\nIniciado os julgamentos \u00e0s 14:10 pautados para o dia, n\u00e3o conseguia controlar a ansiedade, a expectativa. Os primeiros casos a serem julgados eram pedidos de habeas corpus, advogados de dois empres\u00e1rios falidos acusados de descontar de seus funcion\u00e1rios o INSS e n\u00e3o recolh\u00ea-los e de\u00a0um falsificador, pediam a diminui\u00e7\u00e3o da pena.<br \/>\nO quarto processo pela ordem era o nosso.<\/p>\n<p style=\"text-align: justify;\">O ministro relator Sebasti\u00e3o Reis J\u00fanior, come\u00e7ou a ler os principais pontos do recurso do Minist\u00e9rio P\u00fablico. Logo em seguida passou a palavra ao assistente da acusa\u00e7\u00e3o o nosso advogado Elias Mattar Assad, e estranhamente alertou-o para que fosse breve. Inflamado o Dr. Elias resumiu em poucas palavras o seu discurso, ressaltando as provas de embriaguez, da velocidade e da carteira de motorista cassada, lembrando aos ministros a importancia do caso, um divisor de \u00e1guas para crimes de tr\u00e2nsito.<br \/>\nEm seguida foi a vez do advogado de defesa contratado pela Fam\u00edlia Carli que atua pelo escrit\u00f3rio de Bras\u00edlia do ex-ministro Nilson Naves, o Dr. Cesar Bittencourt.<\/p>\n<p style=\"text-align: justify;\">Em seu pronunciamento acusou os novos ju\u00edzes de incompetentes, despreparados, de desconhecer o significado de DOLO EVENTUAL,<br \/>\nque o ex-deputado estaria sendo v\u00edtima da m\u00eddia e do povo do Paran\u00e1 simplesmente por ser pol\u00edtico e rico, que cometeu um crime comum de tr\u00e2nsito. Ouvindo atentamente as palavras do advogado, chamou-me a aten\u00e7\u00e3o o presidente da Sexta Turma o ministro Ogg Fernandes, que de forma insistente balan\u00e7ava o seu rosto em sinal de APROVA\u00c7\u00c3O e ADMIRA\u00c7\u00c3O.<br \/>\nTerminado o seu discurso, Ogg Fernandes ofereceu caso o advogado de defesa desejasse, todo o tempo necess\u00e1rio. N\u00e3o aceitando, o relator deu sequ\u00eancia aos trabalhos dizendo que o processo f\u00f4ra prejudicado pela quest\u00e3o t\u00e9cnica do \u00e1lcool, que deveria retornar para que fosse julgado novamente pelo TJPR.<\/p>\n<p style=\"text-align: justify;\">N\u00e3o entendi mais nada, termos jur\u00eddicos eram colocados alegando que o pocesso ent\u00e3o chamado de Mona Lisa devido a presen\u00e7a de t\u00e3o fortes evid\u00eancias, apresentava problemas que impediam a confirma\u00e7\u00e3o do J\u00fari Popular.<\/p>\n<p style=\"text-align: justify;\">Como pai de um dos jovens mortos, receber a not\u00edcia passados quatro anos, digerir que o processo ter\u00e1 que voltar ao TJ do Paran\u00e1, me fez refletir sobre o nosso pa\u00eds. Existem os que est\u00e3o abaixo e os que est\u00e3o acima da lei. Voltei ao dia 7 de maio de 2009, segundos antes da trag\u00e9dia e entendi porque.<br \/>\nHavia uma sombra que fazia sombra ao passat do ex-deputado. Esta figura usando de sua influ\u00eancia por interesse pessoal, ajustou o processo dentro das brechas e entendimentos jur\u00eddicos.<\/p>\n<p style=\"text-align: justify;\">O que se esconde atr\u00e1s destas duas mortes?<br \/>\nQue for\u00e7a \u00e9 esta capaz de chegar a Bras\u00edlia e transformar a verdade em mentira e a metira em verdade?<br \/>\nPara muitos, mais duas v\u00edtimas da viol\u00eancia do tr\u00e2nsito, tristezas que se somam a milhares de outras alimentadas pela impunidade de d\u00e9cadas e d\u00e9cadas em nosso pa\u00eds.<\/p>\n<p style=\"text-align: justify;\">Ouvi nesta \u00faltima quarta de um grande amigo a informa\u00e7\u00e3o que ir\u00e1 deixar o Brasil com sua fam\u00edlia. A raz\u00e3o: a INJUSTI\u00c7A.<br \/>\nQue n\u00e3o suportaria viver com a dor da perda de um filho.<\/p>\n<p style=\"text-align: justify;\">A viol\u00eancia est\u00e1 em toda parte e os respons\u00e1veis somos n\u00f3s que aceitamos que professores sejam desvalorizados, que a educa\u00e7\u00e3o seja tratada com desinteresse. A omiss\u00e3o transformou este rico pa\u00eds, em um pa\u00eds pobre de esperan\u00e7a.<\/p>\n<p style=\"text-align: justify;\">Gilmar Yared<\/p>\n","protected":false},"excerpt":{"rendered":"<p>Isso \u00e9 uma vergonha e enche de lama uma de nossas mais altas cortes.<\/p>\n","protected":false},"author":1,"featured_media":0,"comment_status":"open","ping_status":"open","sticky":false,"template":"","format":"standard","meta":{"footnotes":""},"categories":[27],"tags":[],"class_list":["post-15369","post","type-post","status-publish","format-standard","hentry","category-noticias"],"_links":{"self":[{"href":"https:\/\/antonini.psc.br\/index.php?rest_route=\/wp\/v2\/posts\/15369","targetHints":{"allow":["GET"]}}],"collection":[{"href":"https:\/\/antonini.psc.br\/index.php?rest_route=\/wp\/v2\/posts"}],"about":[{"href":"https:\/\/antonini.psc.br\/index.php?rest_route=\/wp\/v2\/types\/post"}],"author":[{"embeddable":true,"href":"https:\/\/antonini.psc.br\/index.php?rest_route=\/wp\/v2\/users\/1"}],"replies":[{"embeddable":true,"href":"https:\/\/antonini.psc.br\/index.php?rest_route=%2Fwp%2Fv2%2Fcomments&post=15369"}],"version-history":[{"count":1,"href":"https:\/\/antonini.psc.br\/index.php?rest_route=\/wp\/v2\/posts\/15369\/revisions"}],"predecessor-version":[{"id":30933,"href":"https:\/\/antonini.psc.br\/index.php?rest_route=\/wp\/v2\/posts\/15369\/revisions\/30933"}],"wp:attachment":[{"href":"https:\/\/antonini.psc.br\/index.php?rest_route=%2Fwp%2Fv2%2Fmedia&parent=15369"}],"wp:term":[{"taxonomy":"category","embeddable":true,"href":"https:\/\/antonini.psc.br\/index.php?rest_route=%2Fwp%2Fv2%2Fcategories&post=15369"},{"taxonomy":"post_tag","embeddable":true,"href":"https:\/\/antonini.psc.br\/index.php?rest_route=%2Fwp%2Fv2%2Ftags&post=15369"}],"curies":[{"name":"wp","href":"https:\/\/api.w.org\/{rel}","templated":true}]}}