{"id":1541,"date":"2009-02-15T18:39:21","date_gmt":"2009-02-15T20:39:21","guid":{"rendered":"http:\/\/antonini.med.br\/blog\/?p=1541"},"modified":"2022-02-15T03:29:38","modified_gmt":"2022-02-15T03:29:38","slug":"adenocarcinoma-do-endometrio-perdido-na-curetagem","status":"publish","type":"post","link":"https:\/\/antonini.psc.br\/?p=1541","title":{"rendered":"Adenocarcinoma do endom\u00e9trio perdido na curetagem"},"content":{"rendered":"<p style=\"text-align: justify;\">\u00c9 importante lembrar que o adenocarcinoma do endom\u00e9trio pode ser perdido pela curetagem (Butler et al., 1971). Devido a isto, \u00eanfase oportuna deve ser dada na presen\u00e7a de c\u00e9lulas colunares malignas no esfrega\u00e7o, e uma curetagem negativa n\u00e3o excluiriam investiga\u00e7\u00e3o adicional.<!--more--><\/p>\n<p style=\"text-align: justify;\"><strong>Caso 8<\/strong><\/p>\n<p style=\"text-align: center;\"><img loading=\"lazy\" decoding=\"async\" src=\"\/img\/299_JPG.jpg\" alt=\"\" width=\"560\" height=\"405\" \/><\/p>\n<p style=\"text-align: justify;\">299 <strong>C\u00e9lulas colunares malignas. <\/strong>Este campo ilustra um dos diversos grupos de c\u00e9lulas neste caso que foi considerado como diagnostico de adenocarcinoma. (x 620)<\/p>\n<p style=\"text-align: center;\"><img loading=\"lazy\" decoding=\"async\" src=\"\/img\/300_JPG.jpg\" alt=\"\" width=\"560\" height=\"404\" \/><\/p>\n<p style=\"text-align: justify;\">300 <strong>Endom\u00e9trio atr\u00f3fico: curetagem. <\/strong>Curetagem mostrou somente estroma denso com gl\u00e2ndulas dilatadas. Este poderia ser endom\u00e9trio da p\u00f3s-menopausa ou parte de um p\u00f3lipo. Notar a faixa reativa do epit\u00e9lio colunas em um lado do campo. (H &amp; E, x 37,5)<\/p>\n<p style=\"text-align: center;\"><img loading=\"lazy\" decoding=\"async\" src=\"\/img\/301_JPG.jpg\" alt=\"\" width=\"560\" height=\"410\" \/><\/p>\n<p style=\"text-align: justify;\">301<strong> Adenocarcinoma do endom\u00e9trio: histerectomia. <\/strong>Neste caso, foi uma sorte que, por razoes cl\u00ednicas, em vista do aspecto citol\u00f3gico, o ginecologista tenha feito a histerectomia. Corte do endom\u00e9trio mostrou um foco de adenocarcinoma em um corno uterino. (H &amp; E, x 37,5)<\/p>\n<p style=\"text-align: center;\">[<a href=\"javascript:history.go(-1)\">Voltar<\/a>]<\/p>\n","protected":false},"excerpt":{"rendered":"<p>\u00c9 importante lembrar que o adenocarcinoma do endom\u00e9trio pode ser perdido pela curetagem (Butler et al., 1971). Devido a isto, \u00eanfase oportuna deve ser dada na presen\u00e7a de c\u00e9lulas colunares malignas no esfrega\u00e7o, e uma curetagem negativa n\u00e3o excluiriam investiga\u00e7\u00e3o adicional.<\/p>\n","protected":false},"author":1,"featured_media":0,"comment_status":"open","ping_status":"open","sticky":false,"template":"","format":"standard","meta":{"footnotes":""},"categories":[81],"tags":[],"class_list":["post-1541","post","type-post","status-publish","format-standard","hentry","category-citologia"],"_links":{"self":[{"href":"https:\/\/antonini.psc.br\/index.php?rest_route=\/wp\/v2\/posts\/1541","targetHints":{"allow":["GET"]}}],"collection":[{"href":"https:\/\/antonini.psc.br\/index.php?rest_route=\/wp\/v2\/posts"}],"about":[{"href":"https:\/\/antonini.psc.br\/index.php?rest_route=\/wp\/v2\/types\/post"}],"author":[{"embeddable":true,"href":"https:\/\/antonini.psc.br\/index.php?rest_route=\/wp\/v2\/users\/1"}],"replies":[{"embeddable":true,"href":"https:\/\/antonini.psc.br\/index.php?rest_route=%2Fwp%2Fv2%2Fcomments&post=1541"}],"version-history":[{"count":2,"href":"https:\/\/antonini.psc.br\/index.php?rest_route=\/wp\/v2\/posts\/1541\/revisions"}],"predecessor-version":[{"id":29702,"href":"https:\/\/antonini.psc.br\/index.php?rest_route=\/wp\/v2\/posts\/1541\/revisions\/29702"}],"wp:attachment":[{"href":"https:\/\/antonini.psc.br\/index.php?rest_route=%2Fwp%2Fv2%2Fmedia&parent=1541"}],"wp:term":[{"taxonomy":"category","embeddable":true,"href":"https:\/\/antonini.psc.br\/index.php?rest_route=%2Fwp%2Fv2%2Fcategories&post=1541"},{"taxonomy":"post_tag","embeddable":true,"href":"https:\/\/antonini.psc.br\/index.php?rest_route=%2Fwp%2Fv2%2Ftags&post=1541"}],"curies":[{"name":"wp","href":"https:\/\/api.w.org\/{rel}","templated":true}]}}