{"id":15505,"date":"2012-10-03T14:39:02","date_gmt":"2012-10-03T14:39:02","guid":{"rendered":"http:\/\/opatriota.org\/portal\/?p=15505"},"modified":"2022-02-15T03:25:04","modified_gmt":"2022-02-15T03:25:04","slug":"sou-branco-honesto-contribuinte-eleitor-hetero-para-que","status":"publish","type":"post","link":"https:\/\/antonini.psc.br\/?p=15505","title":{"rendered":"Sou Branco, honesto, contribuinte, eleitor, hetero&#8230;Para qu\u00ea???"},"content":{"rendered":"<p style=\"text-align: justify;\">Nem negro, nem \u00edndio, nem viado, nem assaltante, nem guerrilheiro, nem invasor. Como fa\u00e7o??<!--more--><\/p>\n<p style=\"text-align: justify;\">Ives Gandra da Silva Martins*<\/p>\n<p style=\"text-align: justify;\">Hoje, tenho eu a impress\u00e3o de que o &#8220;cidad\u00e3o comum e branco&#8221; \u00e9 agressivamente discriminado pelas autoridades e pela legisla\u00e7\u00e3o infraconstitucional, a favor de outros cidad\u00e3os, desde que sejam \u00edndios, afrodescendentes, homossexuais ou se autodeclarem pertencentes a minorias submetidas a poss\u00edveis preconceitos.<\/p>\n<p style=\"text-align: justify;\">Assim \u00e9 que, se um branco, um \u00edndio e um afrodescendente tiverem a mesma nota em um vestibular, pouco acima da linha de corte para ingresso nas Universidades e as vagas forem limitadas, o branco ser\u00e1 exclu\u00eddo, de imediato, a favor de um deles! Em igualdadede condi\u00e7\u00f5es, o branco \u00e9 um cidad\u00e3o inferior e deve ser discriminado, apesar da Lei Maior.<\/p>\n<p style=\"text-align: justify;\">Os \u00edndios, que, pela Constitui\u00e7\u00e3o (art. 231), s\u00f3 deveriam ter direito \u00e0s terras que ocupassem em 5 de outubro de 1988, por lei infraconstitucional passaram a ter direito a terras que ocuparam no passado. Menos de meio milh\u00e3o de \u00edndios brasileiros &#8211; n\u00e3o contando os argentinos, bolivianos, paraguaios, uruguaios que pretendem ser beneficiados tamb\u00e9m &#8211; passaram a ser donos de 15% do territ\u00f3rio nacional, enquanto os outros 185 milh\u00f5es de habitantes disp\u00f5em apenas de 85% dele..<\/p>\n<p style=\"text-align: justify;\">Nessa exegese equivocada da Lei Suprema, todos os brasileiros n\u00e3o-\u00edndios foram discriminados.<\/p>\n<p style=\"text-align: justify;\">Aos &#8216;quilombolas&#8217;, que deveriam ser apenas os descendentes dos participantes de quilombos, e n\u00e3o os afrodescendentes, em geral, que vivem em torno daquelas antigas comunidades, tem sido destinada, tamb\u00e9m, parcela de territ\u00f3rio consideravelmente maior do que a Constitui\u00e7\u00e3o permite (art. 68 ADCT), em clara discrimina\u00e7\u00e3o ao cidad\u00e3o que n\u00e3o se enquadra nesse conceito.<\/p>\n<p style=\"text-align: justify;\">Os homossexuais obtiveram do Presidente Lula e da Ministra Dilma Roussef o direito de ter um congresso financiado por dinheiro p\u00fablico, para real\u00e7ar as suas tend\u00eancias &#8211; algo que um cidad\u00e3o comum jamais conseguiria!<\/p>\n<p style=\"text-align: justify;\">Os invasores de terras, que violentam, diariamente, a Constitui\u00e7\u00e3o, v\u00e3o passar a ter aposentadoria, num reconhecimento expl\u00edcito de que o governo considera, mais que leg\u00edtima, merit\u00f3ria a conduta consistente em agredir o direito.<\/p>\n<p style=\"text-align: justify;\">Trata-se de clara discrimina\u00e7\u00e3o em rela\u00e7\u00e3o ao cidad\u00e3o comum, desempregado, que n\u00e3o tem esse &#8216;privil\u00e9gio&#8217;, porque cumpre a lei.<\/p>\n<p style=\"text-align: justify;\">Desertores, assaltantes de bancos e assassinos, que, no passado, participaram da guerrilha, garantem a seus descendentes polpudas indeniza\u00e7\u00f5es, pagas pelos contribuintes brasileiros.<\/p>\n<p style=\"text-align: justify;\">Est\u00e1, hoje, em torno de 4 bilh\u00f5es de reais o que \u00e9 retirado dos pagadores de tributos para &#8216;ressarcir&#8217; aqueles que resolveram pegar em armas contra o governo militar ou se disseram perseguidos.<\/p>\n<p style=\"text-align: justify;\">E s\u00e3o tantas as discrimina\u00e7\u00f5es, que \u00e9 de perguntar: de que vale o inciso IV do art. 3\u00ba da Lei Suprema?<\/p>\n<p style=\"text-align: justify;\">Como modesto advogado, cidad\u00e3o comum e branco, sinto-me discriminado e cada vez com menos espa\u00e7o, nesta terra de castas e privil\u00e9gios.<\/p>\n<p style=\"text-align: justify;\">( *Ives Gandra da Silva Martins \u00e9 renomado professor em\u00e9rito das universidades Mackenzie e UNIFMU e da Escola de Comando e Estado do Ex\u00e9rcito e presidente do Conselho de Estudos Jur\u00eddicos da Federa\u00e7\u00e3o do Com\u00e9rcio do Estado de S\u00e3o Paulo ).<\/p>\n<p style=\"text-align: justify;\">Para os que desconhecem este \u00e9 o :<br \/>\nInciso IV do art. 3\u00b0 da CF a que se refere o Dr. Ives Granda, em sua \u00edntegra:<\/p>\n<p style=\"text-align: justify;\">&#8220;promover o bem de todos, sem preconceito de origem, ra\u00e7a, sexo, cor, idade e quaisquer outras formas de discrimina\u00e7\u00e3o.&#8221;<\/p>\n<p style=\"text-align: justify;\">Assim, volta a ser atual, ou melhor nunca deixou de ser atual, a constata\u00e7\u00e3o do grande Rui Barbosa:<\/p>\n<p style=\"text-align: justify;\"><strong><em>&#8220;De tanto ver triunfar as nulidades, de tanto ver prosperara desonra, de tanto ver crescer a injusti\u00e7a, de tanto ver agigantarem-se os poderes nas m\u00e3os dos maus, o homem chega a desanimar da virtude, a rir-se da honra, a ter vergonha de ser honesto&#8221;. (Senado Federal, RJ. Obras Completas, Rui Barbosa. v. 41, t. 3, 1914, p. 86)<\/em><\/strong><\/p>\n<p style=\"text-align: center;\">[<a href=\"javascript:history.go(-1)\">Voltar<\/a>]<\/p>\n","protected":false},"excerpt":{"rendered":"<p>Nem negro, nem \u00edndio, nem viado, nem assaltante, nem guerrilheiro, nem invasor. Como fa\u00e7o??<\/p>\n","protected":false},"author":1,"featured_media":0,"comment_status":"open","ping_status":"open","sticky":false,"template":"","format":"standard","meta":{"footnotes":""},"categories":[27],"tags":[],"class_list":["post-15505","post","type-post","status-publish","format-standard","hentry","category-noticias"],"_links":{"self":[{"href":"https:\/\/antonini.psc.br\/index.php?rest_route=\/wp\/v2\/posts\/15505","targetHints":{"allow":["GET"]}}],"collection":[{"href":"https:\/\/antonini.psc.br\/index.php?rest_route=\/wp\/v2\/posts"}],"about":[{"href":"https:\/\/antonini.psc.br\/index.php?rest_route=\/wp\/v2\/types\/post"}],"author":[{"embeddable":true,"href":"https:\/\/antonini.psc.br\/index.php?rest_route=\/wp\/v2\/users\/1"}],"replies":[{"embeddable":true,"href":"https:\/\/antonini.psc.br\/index.php?rest_route=%2Fwp%2Fv2%2Fcomments&post=15505"}],"version-history":[{"count":1,"href":"https:\/\/antonini.psc.br\/index.php?rest_route=\/wp\/v2\/posts\/15505\/revisions"}],"predecessor-version":[{"id":24434,"href":"https:\/\/antonini.psc.br\/index.php?rest_route=\/wp\/v2\/posts\/15505\/revisions\/24434"}],"wp:attachment":[{"href":"https:\/\/antonini.psc.br\/index.php?rest_route=%2Fwp%2Fv2%2Fmedia&parent=15505"}],"wp:term":[{"taxonomy":"category","embeddable":true,"href":"https:\/\/antonini.psc.br\/index.php?rest_route=%2Fwp%2Fv2%2Fcategories&post=15505"},{"taxonomy":"post_tag","embeddable":true,"href":"https:\/\/antonini.psc.br\/index.php?rest_route=%2Fwp%2Fv2%2Ftags&post=15505"}],"curies":[{"name":"wp","href":"https:\/\/api.w.org\/{rel}","templated":true}]}}