{"id":15508,"date":"2012-10-04T20:00:39","date_gmt":"2012-10-04T20:00:39","guid":{"rendered":"http:\/\/opatriota.org\/portal\/?p=15508"},"modified":"2022-02-15T03:25:04","modified_gmt":"2022-02-15T03:25:04","slug":"filha-de-presidente-milico","status":"publish","type":"post","link":"https:\/\/antonini.psc.br\/?p=15508","title":{"rendered":"Filha de Presidente Milico"},"content":{"rendered":"<p style=\"text-align: justify;\">Assim s\u00e3o esses estranhos Milicos!<!--more--><\/p>\n<p style=\"text-align: justify;\">Sou casado com a Isolda M\u00e9dici Crisostomo, sobrinha e afilhada de batismo do Presidente M\u00e9dici, tanto que ele 1970 (como Presidente) foi a Bag\u00e9 para ser nosso padrinho de casamento.<\/p>\n<p style=\"text-align: justify;\">Mas o que gostaria de repassar s\u00e3o duas historias ver\u00eddicas, para ressaltar o car\u00e1ter deste Presidente Militar.<\/p>\n<p style=\"text-align: justify;\">Em uma ocasi\u00e3o, durante seu governo, foi constru\u00edda uma estrada moderna unido as cidades de Bag\u00e9 e Livramento. O Presidente M\u00e9dici tem uma fazendola (digo isto porque ela \u00e9 realmente pequena), heran\u00e7a de seus avos. Acontece que esta fazendola, quando do projeto inicial, n\u00e3o estava no eixo desta estrada moderna. M\u00e9dici foi consultado para saber se gostaria, se com um pequeno ajuste, a estrada viesse a passar na fazendola. A rea\u00e7\u00e3o do Presidente foi imediata; proibiu que se fizesse altera\u00e7\u00e3o no projeto com este objetivo.<\/p>\n<p style=\"text-align: justify;\">Em outra ocasi\u00e3o sabedor que haveria um aumento no pre\u00e7o da carne, por repasses de vantagens do Governo, mandou que seu filho S\u00e9rgio vendesse uma &#8220;ponta&#8221; de gado, que j\u00e1 estava pronta, ANTES do aumento, para que n\u00e3o viessem a dizer ele se beneficiou com ao aumento.<\/p>\n<p style=\"text-align: justify;\">O Presidente M\u00e9dici n\u00e3o morreu pobre, afinal veio da classe m\u00e9dia e nela permaneceu. Morreu com o mesm\u00edssimo patrim\u00f4nio que tinha ao chegar \u00e0 Presid\u00eancia. Seus filhos, noras, netos e demais familiares jamais tiraram vantagens econ\u00f4micas pelo cargo de seu parente ilustre.<\/p>\n<p style=\"text-align: justify;\">Este e outros exemplos nos enchem de orgulho, de ter o PRESIDENTE MEDICI deixado este legado de honra, civismo e respeito ao Povo Brasileiro.<\/p>\n<p style=\"text-align: justify;\">Pouco depois que cheguei a Berlim, o Presidente Geisel visitou a Alemanha. o Prefeito Stobbe subiu a escada do avi\u00e3o e recebeu Geisel no alto da escada e desceu com ele. Eu estava em baixo e havia dias antes feito a visita habitual ao Prefeito. Quando cumprimentei Geisel, o Prefeito disse mais ao menos isso em alem\u00e3o: &#8220;Presidente, o seu C\u00f4nsul deve ser muito importante, pois acabou de chegar e j\u00e1 trouxe o Presidente a Berlim&#8221; Geisel sorriu.Uns meses despois a filha Lucy esteve em Berlim num programa cultural.Acompanhei-a durante o dia. Perguntei a ela se o pai falava alem\u00e3o. Respondeu que n\u00e3o, talvez tivesse uma vaga no\u00e7\u00e3o. Explicou que sua m\u00e3e falava alem\u00e3o, mas que o pai de Geisel era muito rigoroso e no tempo da guerra, como era proibido falar alem\u00e3o, seu av\u00f4 (o pai de Geisel) fazia quest\u00e3o que se falasse s\u00f3 portugu\u00eas em casa e n\u00e3o ensinou alem\u00e3o aos filhos.<\/p>\n<p style=\"text-align: justify;\">______________________________<br \/>\nASSIM S\u00c3O ESSES &#8220;ESTRANHOS&#8221; &#8220;MILICOS&#8221;!<\/p>\n<p style=\"text-align: justify;\">E falava-se horrores do Andreazza&#8230;Que estaria riqu\u00edssimo, que teria ganho de presente das empreiteiras, um edif\u00edcio na beira da Lagoa Rodrigo de Freitas, que n\u00e3o tinha mais onde guardar dinheiro.<\/p>\n<p style=\"text-align: justify;\">N\u00e3o sei se Am\u00e1lia Lucy Geisel ainda estar\u00e1 viva. Pouco mais velha doque eu, tinha alguns problemas de sa\u00fade.<\/p>\n<p style=\"text-align: justify;\">Pois bem: ela era Professora do Col\u00e9gio Pedro II e, mesmo quando o pai era Presidente, ia de casa ao trabalho de \u00f4nibus. Cansei de encontr\u00e1-la neles, ela e eu a caminho do centro do Rio.<\/p>\n<p style=\"text-align: justify;\">Meu pai chamava isso de &#8220;os tr\u00eas d\u00eas do milico&#8221;: dec\u00eancia, decoro, discri\u00e7\u00e3o&#8221;.<\/p>\n<p style=\"text-align: justify;\">Primeiro, morreu o Cel. M\u00e1rio Andreazza. Quando Ministro dos Transportes, foi respons\u00e1vel pela constru\u00e7\u00e3o da ponte Rio-Niter\u00f3i, obra que teve empr\u00e9stimo ingl\u00eas de 2 bilh\u00f5es de d\u00f3lares (Sim! Dois bilh\u00f5es! De d\u00f3lares!).<\/p>\n<p style=\"text-align: justify;\">Por ocasi\u00e3o de sua morte, seus 37 colegas de turma tiveram de fazer uma vaquinha para que o corpo pudesse ser transladado para o Rio Grande do Sul.<\/p>\n<p style=\"text-align: justify;\">Portanto, depois de gerenciar tanta verba p\u00fablica, bem administrada, diga-se de passagem, morreu pobre.<\/p>\n<p style=\"text-align: justify;\">J\u00e1 em 2003, foi a vez de Dona Lucy Beckman Geisel. Seus \u00faltimos anos de vida, viveu de forma pobre e discreta. Morreu em acidente de carro na lagoa Rodrigo de Freitas.<\/p>\n<p style=\"text-align: justify;\">Ano passado, foi a vez de dona Dulce Figueiredo, que ficou vi\u00fava em1999, do \u00faltimo Presidente militar.<\/p>\n<p style=\"text-align: justify;\">Em 2001, devido a problemas financeiros, teve que organizar um leil\u00e3o para vender objetos pessoais do marido. Foi a forma que encontrou para sobreviver dignamente.<\/p>\n<p style=\"text-align: justify;\">Fa\u00e7a suas compara\u00e7\u00f5es com os pol\u00edticos de hoje e compare o estilo de vida do \u00faltimo presidente brasileiro, de sua mulher (a in\u00fatil), que frequentam o mais caro cabeleireiro do Brasil, as mais caras butiques, os mais caros cirurgi\u00f5es pl\u00e1sticos, gastou os mais altos valores do cart\u00e3o de cr\u00e9dito, que n\u00e3o precisava prestar contas.<\/p>\n<p style=\"text-align: justify;\">Nunca fez um trabalho social pelo Brasil.<\/p>\n<p style=\"text-align: justify;\">S\u00f3 o que fez foi viajar com o marido por todos os lugares do mundo, \u00e0s expensas do suor dos brasileiros trabalhadores.<\/p>\n<p style=\"text-align: justify;\">Seus filhos enriqueceram da noite para o dia.<\/p>\n<p style=\"text-align: justify;\">Isto \u00e9 que s\u00e3o pol\u00edticos &#8220;populares&#8221;.<\/p>\n<p style=\"text-align: justify;\">Tirem suas conclus\u00f5es.<\/p>\n<p style=\"text-align: center;\">[<a href=\"javascript:history.go(-1)\">Voltar<\/a>]<\/p>\n","protected":false},"excerpt":{"rendered":"<p>Assim s\u00e3o esses estranhos Milicos!<\/p>\n","protected":false},"author":1,"featured_media":0,"comment_status":"open","ping_status":"open","sticky":false,"template":"","format":"standard","meta":{"footnotes":""},"categories":[27],"tags":[],"class_list":["post-15508","post","type-post","status-publish","format-standard","hentry","category-noticias"],"_links":{"self":[{"href":"https:\/\/antonini.psc.br\/index.php?rest_route=\/wp\/v2\/posts\/15508","targetHints":{"allow":["GET"]}}],"collection":[{"href":"https:\/\/antonini.psc.br\/index.php?rest_route=\/wp\/v2\/posts"}],"about":[{"href":"https:\/\/antonini.psc.br\/index.php?rest_route=\/wp\/v2\/types\/post"}],"author":[{"embeddable":true,"href":"https:\/\/antonini.psc.br\/index.php?rest_route=\/wp\/v2\/users\/1"}],"replies":[{"embeddable":true,"href":"https:\/\/antonini.psc.br\/index.php?rest_route=%2Fwp%2Fv2%2Fcomments&post=15508"}],"version-history":[{"count":1,"href":"https:\/\/antonini.psc.br\/index.php?rest_route=\/wp\/v2\/posts\/15508\/revisions"}],"predecessor-version":[{"id":24433,"href":"https:\/\/antonini.psc.br\/index.php?rest_route=\/wp\/v2\/posts\/15508\/revisions\/24433"}],"wp:attachment":[{"href":"https:\/\/antonini.psc.br\/index.php?rest_route=%2Fwp%2Fv2%2Fmedia&parent=15508"}],"wp:term":[{"taxonomy":"category","embeddable":true,"href":"https:\/\/antonini.psc.br\/index.php?rest_route=%2Fwp%2Fv2%2Fcategories&post=15508"},{"taxonomy":"post_tag","embeddable":true,"href":"https:\/\/antonini.psc.br\/index.php?rest_route=%2Fwp%2Fv2%2Ftags&post=15508"}],"curies":[{"name":"wp","href":"https:\/\/api.w.org\/{rel}","templated":true}]}}