{"id":15881,"date":"2013-04-11T00:37:32","date_gmt":"2013-04-11T00:37:32","guid":{"rendered":"http:\/\/opatriota.org\/portal\/?p=15881"},"modified":"2022-02-15T02:40:50","modified_gmt":"2022-02-15T02:40:50","slug":"tem-algo-esquisito-nesta-fotografia-2","status":"publish","type":"post","link":"https:\/\/antonini.psc.br\/?p=15881","title":{"rendered":"Tem algo esquisito nesta fotografia"},"content":{"rendered":"<p style=\"text-align: justify;\">Tem algo estranho aqui. Vejam o tamanho do m\u00f3dulo lunar e do ve\u00edculo lunar e comparem com o tamanho do astronauta. Ser\u00e1 que cabem dois homens dentro do m\u00f3dulo lunar que aparece na fotografia? Ser\u00e1 que os astronautas conseguiram passear montados no ve\u00edculo? N\u00e3o s\u00e3o pequenos demais para isso?<!--more--><\/p>\n<p style=\"text-align: center;\">[singlepic id=923 w=320 h=240 float=center] Clique para ampliar<\/p>\n<p style=\"text-align: center;\">[<a href=\"javascript:history.go(-1)\">Voltar<\/a>]<\/p>\n<p style=\"text-align: justify;\">\n","protected":false},"excerpt":{"rendered":"<p>Tem algo estranho aqui. Vejam o tamanho do m\u00f3dulo lunar e do ve\u00edculo lunar e comparem com o tamanho do astronauta. Ser\u00e1 que cabem dois homens dentro do m\u00f3dulo lunar que aparece na fotografia? Ser\u00e1 que os astronautas conseguiram passear montados no ve\u00edculo? N\u00e3o s\u00e3o pequenos demais para isso?<\/p>\n","protected":false},"author":1,"featured_media":0,"comment_status":"open","ping_status":"open","sticky":false,"template":"","format":"standard","meta":{"footnotes":""},"categories":[27],"tags":[],"class_list":["post-15881","post","type-post","status-publish","format-standard","hentry","category-noticias"],"_links":{"self":[{"href":"https:\/\/antonini.psc.br\/index.php?rest_route=\/wp\/v2\/posts\/15881","targetHints":{"allow":["GET"]}}],"collection":[{"href":"https:\/\/antonini.psc.br\/index.php?rest_route=\/wp\/v2\/posts"}],"about":[{"href":"https:\/\/antonini.psc.br\/index.php?rest_route=\/wp\/v2\/types\/post"}],"author":[{"embeddable":true,"href":"https:\/\/antonini.psc.br\/index.php?rest_route=\/wp\/v2\/users\/1"}],"replies":[{"embeddable":true,"href":"https:\/\/antonini.psc.br\/index.php?rest_route=%2Fwp%2Fv2%2Fcomments&post=15881"}],"version-history":[{"count":1,"href":"https:\/\/antonini.psc.br\/index.php?rest_route=\/wp\/v2\/posts\/15881\/revisions"}],"predecessor-version":[{"id":24393,"href":"https:\/\/antonini.psc.br\/index.php?rest_route=\/wp\/v2\/posts\/15881\/revisions\/24393"}],"wp:attachment":[{"href":"https:\/\/antonini.psc.br\/index.php?rest_route=%2Fwp%2Fv2%2Fmedia&parent=15881"}],"wp:term":[{"taxonomy":"category","embeddable":true,"href":"https:\/\/antonini.psc.br\/index.php?rest_route=%2Fwp%2Fv2%2Fcategories&post=15881"},{"taxonomy":"post_tag","embeddable":true,"href":"https:\/\/antonini.psc.br\/index.php?rest_route=%2Fwp%2Fv2%2Ftags&post=15881"}],"curies":[{"name":"wp","href":"https:\/\/api.w.org\/{rel}","templated":true}]}}