{"id":15906,"date":"2013-03-20T22:50:41","date_gmt":"2013-03-20T22:50:41","guid":{"rendered":"http:\/\/cienciasdasaude.med.br\/blog\/?p=15906"},"modified":"2022-02-15T03:25:03","modified_gmt":"2022-02-15T03:25:03","slug":"alerta-diagnostico-diferencial-da-febre-em-caso-de-dengue","status":"publish","type":"post","link":"https:\/\/antonini.psc.br\/?p=15906","title":{"rendered":"ALERTA: diagn\u00f3stico diferencial da febre em caso de Dengue"},"content":{"rendered":"<div align=\"justify\">A febre \u00e9 uma manifesta\u00e7\u00e3o cl\u00ednica comum a diversas patologias. A sua presen\u00e7a \u00e9 um alerta tanto para os pacientes como para os profissionais da assist\u00eancia em sa\u00fade.<!--more--><\/div>\n<div><\/div>\n<div align=\"justify\">\n<p>Nos casos de S\u00edndrome Febril, a investiga\u00e7\u00e3o etiol\u00f3gica ir\u00e1 determinar as hip\u00f3teses diagn\u00f3sticas e a conduta cl\u00ednica espec\u00edfica bem como a necessidade de investiga\u00e7\u00e3o epidemiol\u00f3gica nos casos de patologias de interesse em Sa\u00fade P\u00fablica (notifica\u00e7\u00e3o compuls\u00f3ria).<\/p>\n<p>V\u00e1rias doen\u00e7as infecciosas transmiss\u00edveis possuem como caracter\u00edstica importante a sazonalidade.<\/p>\n<p>Nos per\u00edodos de eleva\u00e7\u00e3o no n\u00famero de casos de determinada patologia febril, \u00e9 comum que esta seja considerada como primeira hip\u00f3tese diagn\u00f3stica na maioria dos atendimentos. No entanto, o racioc\u00ednio cl\u00ednico, a hist\u00f3ria epidemiol\u00f3gica e a experi\u00eancia profissional dos t\u00e9cnicos envolvidos no atendimento ao paciente far\u00e3o com que outras hip\u00f3teses sejam levantadas, aumentando a lista de outras patologias que formam o diagn\u00f3stico diferencial.<\/p>\n<p>A formula\u00e7\u00e3o de uma lista de hip\u00f3teses, classificadas da maior para menor probabilidade, baseada em evid\u00eancias cl\u00ednico-laboratoriais e epidemiol\u00f3gicas, pode ser determinante para a conduta cl\u00ednica correta e bloqueio de transmiss\u00e3o nos casos pertinentes, onde a notifica\u00e7\u00e3o \u00e9 o instrumento de liga\u00e7\u00e3o entre a equipe da assist\u00eancia e a epidemiologia e controle.<\/p>\n<p><strong> Dengue e procedimentos cir\u00fargicos<\/strong><br \/>\nNeste momento epid\u00eamico, aten\u00e7\u00e3o especial deve ser dada na indica\u00e7\u00e3o de procedimentos cir\u00fargicos naqueles pacientes em que a Dengue possa fazer parte do diagn\u00f3stico diferencial.<\/p>\n<p>Os sinais de alarme na Dengue como dor abdominal intensa, v\u00f4mito persistente, hipotens\u00e3o e choque, em paciente com relato de febre, apresentando espessamento de parede da ves\u00edcula e presen\u00e7a de derrame cavit\u00e1rio (pleura, peric\u00e1rdio, abdome e pelve) pode lembrar v\u00e1rias patologias com indica\u00e7\u00e3o cir\u00fargica. Por\u00e9m, em sendo dengue, a fragilidade capilar e a plaquetopenia pode conduzir o paciente para uma evolu\u00e7\u00e3o desfavor\u00e1vel, o que n\u00e3o aconteceria caso ela n\u00e3o estivesse presente.<\/p>\n<\/div>\n<div align=\"center\"><img decoding=\"async\" alt=\"\" src=\"http:\/\/www.antonini.com.br\/img\/tabela_dengue.jpg\" border=\"0\" \/><\/div>\n<p><span style=\"font-size: xx-small;\"><span style=\"font-size: xx-small;\"><span style=\"font-size: small;\">\u00a0<\/span><\/span><\/span><\/p>\n<div align=\"justify\">Quaisquer esclarecimentos adicionais poder\u00e3o ser obtidos pelo e-mail:\u00a0<strong><a href=\"https:\/\/webmail.ufpr.br\/src\/compose.php?send_to=vetores@sesa.pr.gov.br\" target=\"_blank\" rel=\"noopener noreferrer\">vetores@sesa.pr.gov.br<\/a><\/strong>\u00a0e telefone: (41) 3330-4474.<\/div>\n<div align=\"justify\"><\/div>\n<div align=\"justify\">Transcrito de not\u00edcia recebida por e-mail da Assessoria de Marketing Institucional do Hospital de Cl\u00ednicas da Universidade Federal do Paran\u00e1.<\/div>\n<p style=\"text-align: center;\">[<a href=\"javascript:history.go(-1)\">Voltar<\/a>]<\/p>\n","protected":false},"excerpt":{"rendered":"<p>A febre \u00e9 uma manifesta\u00e7\u00e3o cl\u00ednica comum a diversas patologias. A sua presen\u00e7a \u00e9 um alerta tanto para os pacientes como para os profissionais da assist\u00eancia em sa\u00fade.<\/p>\n","protected":false},"author":1,"featured_media":0,"comment_status":"open","ping_status":"open","sticky":false,"template":"","format":"standard","meta":{"footnotes":""},"categories":[27],"tags":[],"class_list":["post-15906","post","type-post","status-publish","format-standard","hentry","category-noticias"],"_links":{"self":[{"href":"https:\/\/antonini.psc.br\/index.php?rest_route=\/wp\/v2\/posts\/15906","targetHints":{"allow":["GET"]}}],"collection":[{"href":"https:\/\/antonini.psc.br\/index.php?rest_route=\/wp\/v2\/posts"}],"about":[{"href":"https:\/\/antonini.psc.br\/index.php?rest_route=\/wp\/v2\/types\/post"}],"author":[{"embeddable":true,"href":"https:\/\/antonini.psc.br\/index.php?rest_route=\/wp\/v2\/users\/1"}],"replies":[{"embeddable":true,"href":"https:\/\/antonini.psc.br\/index.php?rest_route=%2Fwp%2Fv2%2Fcomments&post=15906"}],"version-history":[{"count":2,"href":"https:\/\/antonini.psc.br\/index.php?rest_route=\/wp\/v2\/posts\/15906\/revisions"}],"predecessor-version":[{"id":27594,"href":"https:\/\/antonini.psc.br\/index.php?rest_route=\/wp\/v2\/posts\/15906\/revisions\/27594"}],"wp:attachment":[{"href":"https:\/\/antonini.psc.br\/index.php?rest_route=%2Fwp%2Fv2%2Fmedia&parent=15906"}],"wp:term":[{"taxonomy":"category","embeddable":true,"href":"https:\/\/antonini.psc.br\/index.php?rest_route=%2Fwp%2Fv2%2Fcategories&post=15906"},{"taxonomy":"post_tag","embeddable":true,"href":"https:\/\/antonini.psc.br\/index.php?rest_route=%2Fwp%2Fv2%2Ftags&post=15906"}],"curies":[{"name":"wp","href":"https:\/\/api.w.org\/{rel}","templated":true}]}}