{"id":16068,"date":"2013-05-30T18:47:15","date_gmt":"2013-05-30T18:47:15","guid":{"rendered":"http:\/\/antonini.med.br\/blog\/?p=16068"},"modified":"2022-02-15T02:40:50","modified_gmt":"2022-02-15T02:40:50","slug":"novas-atribuicoes-dos-profissionais-farmaceuticos","status":"publish","type":"post","link":"https:\/\/antonini.psc.br\/?p=16068","title":{"rendered":"Novas atribui\u00e7\u00f5es dos profissionais Farmac\u00eauticos"},"content":{"rendered":"<p style=\"text-align: justify;\">Farmac\u00eauticos est\u00e3o habilitados a atuar na Est\u00e9tica e na Aplica\u00e7\u00e3o de Vacinas.<!--more--><\/p>\n<p style=\"text-align: justify;\"><em><strong>Farmac\u00eauticos est\u00e3o habilitados a atuar na Est\u00e9tica<\/strong><\/em><\/p>\n<p style=\"text-align: justify;\">28 de maio de 2013<\/p>\n<p style=\"text-align: justify;\">A partir de agora os Farmac\u00eauticos est\u00e3o habilitados a atuar na \u00e1rea de Est\u00e9tica\u00a0 e na Dispensa\u00e7\u00e3o e aplica\u00e7\u00e3o de Vacinas em Farm\u00e1cias e Drogarias.<\/p>\n<p style=\"text-align: justify;\">Foi publicada no Di\u00e1rio Oficial da Uni\u00e3o dia 24 de maio de 2013 a <strong>Resolu\u00e7\u00e3o do Conselho Federal de Farm\u00e1cia n\u00ba 573<\/strong> que disp\u00f5e sobre as atribui\u00e7\u00f5es do farmac\u00eautico no exerc\u00edcio da sa\u00fade est\u00e9tica e da responsabilidade t\u00e9cnica por estabelecimentos que executam atividades afins.<\/p>\n<p style=\"text-align: justify;\">A publica\u00e7\u00e3o da resolu\u00e7\u00e3o representa um passo importante \u00e0 regulamenta\u00e7\u00e3o dessa \u00e1rea de atua\u00e7\u00e3o que at\u00e9 ent\u00e3o necessitava de legisla\u00e7\u00f5es espec\u00edficas, e \u00e9 fruto do trabalho e comprometimento do CRF-PR, que sempre pensando em promover o aperfei\u00e7oamento, a capacita\u00e7\u00e3o e atualiza\u00e7\u00e3o ao profissional farmac\u00eautico, vem desenvolvendo atividades, criando e apoiando propostas e trazendo novidades ao setor.<\/p>\n<p style=\"text-align: justify;\"><em><strong>Farmac\u00eauticos est\u00e3o habilitados a aplicar vacinas em farm\u00e1cias e drogarias<\/strong><\/em><\/p>\n<p style=\"text-align: justify;\">Na mesma data, cabe ressaltar a aprova\u00e7\u00e3o da <strong>Resolu\u00e7\u00e3o n\u00ba 574<\/strong> publicada no Di\u00e1rio Oficial da Uni\u00e3o que define, regulamenta e estabelece atribui\u00e7\u00f5es e compet\u00eancias do farmac\u00eautico na dispensa\u00e7\u00e3o e aplica\u00e7\u00e3o de vacinas em farm\u00e1cias e drogarias.<\/p>\n<p style=\"text-align: justify;\">A solicita\u00e7\u00e3o surgiu atrav\u00e9s de reivindica\u00e7\u00f5es dos Profissionais do Estado do Paran\u00e1, levando em conta que o Farmac\u00eautico \u00e9 o profissional envolvido em toda a cadeia de desenvolvimento relacionada ao f\u00e1rmaco, respons\u00e1vel pela dispensa\u00e7\u00e3o, produ\u00e7\u00e3o e farmacovigil\u00e2ncia de medicamentos.<\/p>\n<p style=\"text-align: justify;\">Fonte: Assessoria de Comunica\u00e7\u00e3o \u2013 CRF-PR<\/p>\n<p style=\"text-align: justify;\">Abaixo confira na \u00edntegra a publica\u00e7\u00e3o das resolu\u00e7\u00f5es no Di\u00e1rio Oficial da Uni\u00e3o<\/p>\n<ul>\n<li><a href=\"http:\/\/sintse.tse.jus.br\/documentos\/2013\/Mai\/24\/resolucao-no-573-de-22-de-maio-de-2013-dispoe\" target=\"_blank\" rel=\"noopener noreferrer\">Clique aqui e confira a\u00a0<strong>RESOLU\u00c7\u00c3O N\u00ba 573, DE 22 de maio 2013<\/strong><\/a><\/li>\n<li><a href=\"http:\/\/sintse.tse.jus.br\/documentos\/2013\/Mai\/24\/resolucao-no-574-de-22-de-maio-de-2013-define\" target=\"_blank\" rel=\"noopener noreferrer\">Clique aqui e confira a\u00a0<strong>RESOLU\u00c7\u00c3O n\u00ba 574 de 22 de maio de 2013<\/strong><\/a><\/li>\n<\/ul>\n<p style=\"text-align: center;\">[<a href=\"javascript:history.go(-1)\">Voltar<\/a>]<\/p>\n","protected":false},"excerpt":{"rendered":"<p>Farmac\u00eauticos est\u00e3o habilitados a atuar na Est\u00e9tica e na Aplica\u00e7\u00e3o de Vacinas.<\/p>\n","protected":false},"author":1,"featured_media":0,"comment_status":"open","ping_status":"open","sticky":false,"template":"","format":"standard","meta":{"footnotes":""},"categories":[27],"tags":[],"class_list":["post-16068","post","type-post","status-publish","format-standard","hentry","category-noticias"],"_links":{"self":[{"href":"https:\/\/antonini.psc.br\/index.php?rest_route=\/wp\/v2\/posts\/16068","targetHints":{"allow":["GET"]}}],"collection":[{"href":"https:\/\/antonini.psc.br\/index.php?rest_route=\/wp\/v2\/posts"}],"about":[{"href":"https:\/\/antonini.psc.br\/index.php?rest_route=\/wp\/v2\/types\/post"}],"author":[{"embeddable":true,"href":"https:\/\/antonini.psc.br\/index.php?rest_route=\/wp\/v2\/users\/1"}],"replies":[{"embeddable":true,"href":"https:\/\/antonini.psc.br\/index.php?rest_route=%2Fwp%2Fv2%2Fcomments&post=16068"}],"version-history":[{"count":2,"href":"https:\/\/antonini.psc.br\/index.php?rest_route=\/wp\/v2\/posts\/16068\/revisions"}],"predecessor-version":[{"id":27584,"href":"https:\/\/antonini.psc.br\/index.php?rest_route=\/wp\/v2\/posts\/16068\/revisions\/27584"}],"wp:attachment":[{"href":"https:\/\/antonini.psc.br\/index.php?rest_route=%2Fwp%2Fv2%2Fmedia&parent=16068"}],"wp:term":[{"taxonomy":"category","embeddable":true,"href":"https:\/\/antonini.psc.br\/index.php?rest_route=%2Fwp%2Fv2%2Fcategories&post=16068"},{"taxonomy":"post_tag","embeddable":true,"href":"https:\/\/antonini.psc.br\/index.php?rest_route=%2Fwp%2Fv2%2Ftags&post=16068"}],"curies":[{"name":"wp","href":"https:\/\/api.w.org\/{rel}","templated":true}]}}