{"id":16094,"date":"2013-07-06T11:10:38","date_gmt":"2013-07-06T11:10:38","guid":{"rendered":"http:\/\/opatriota.org\/portal\/?p=16094"},"modified":"2022-02-15T02:40:50","modified_gmt":"2022-02-15T02:40:50","slug":"desordem-psiquica-e-outras-querelas","status":"publish","type":"post","link":"https:\/\/antonini.psc.br\/?p=16094","title":{"rendered":"Desordem ps\u00edquica e outras querelas"},"content":{"rendered":"<p style=\"text-align: justify;\">A Resolu\u00e7\u00e3o do Conselho Federal de Psicologia n\u00ba 1\/99 de 23 de mar\u00e7o de 1999 que estabelece normas de atua\u00e7\u00e3o para os psic\u00f3logos em rela\u00e7\u00e3o \u00e0 quest\u00e3o da orienta\u00e7\u00e3o sexual em seu Art. 3\u00b0 estabelece que \u201c- os psic\u00f3logos n\u00e3o exercer\u00e3o qualquer a\u00e7\u00e3o que favore\u00e7a a patologiza\u00e7\u00e3o de comportamentos ou pr\u00e1ticas homoer\u00f3ticas, nem adotar\u00e3o a\u00e7\u00e3o coercitiva tendente a orientar homossexuais para tratamentos n\u00e3o solicitados.\u201d<\/p>\n<p style=\"text-align: justify;\">Completa no Par\u00e1grafo \u00fanico: \u201c- Os psic\u00f3logos n\u00e3o colaborar\u00e3o com eventos e servi\u00e7os que proponham tratamento e cura das homossexualidades.\u201d e no\u00a0 Art. 4\u00b0: &#8211; \u201cOs psic\u00f3logos n\u00e3o se pronunciar\u00e3o, nem participar\u00e3o de pronunciamentos p\u00fablicos, nos meios de comunica\u00e7\u00e3o de massa, de modo a refor\u00e7ar os preconceitos sociais existentes em rela\u00e7\u00e3o aos homossexuais como portadores de qualquer desordem ps\u00edquica.\u201d<\/p>\n<p style=\"text-align: justify;\">O assunto se misturou ou foi misturado intencionalmente aos protestos contra o governo central no que lhe cabe no grau maior de responsabilidade nos aspectos de sa\u00fade (SUS) e de seguran\u00e7a, em especial pelo n\u00edvel elevado de influ\u00eancia no Congresso Nacional e a sua radical posi\u00e7\u00e3o contra altera\u00e7\u00f5es na lei penal referente a redu\u00e7\u00e3o da maioridade para coibir os crimes b\u00e1rbaros dos menores infratores e a tal progress\u00e3o da pena que coloca de volta \u00e0 rua o homicida cruel com as v\u00edtimas no ato criminoso, mas com \u201cbom comportamento\u201d na pris\u00e3o. Mais acomoda\u00e7\u00e3o com a corrup\u00e7\u00e3o dos correligion\u00e1rios condenados pelo STF.\u00a0 Foi uma das cortinas de fuma\u00e7a, j\u00e1 superada pela proposta de constituinte e retumb\u00e2ncias que tais, substitu\u00edda pela do confuso \u2014 quanto mais melhor \u2014 plebiscito.<\/p>\n<p style=\"text-align: justify;\">Cada um tire as pr\u00f3prias conclus\u00f5es, mas os verbos, termos e as inten\u00e7\u00f5es est\u00e3o expostos na Resolu\u00e7\u00e3o do CFP.<\/p>\n<p style=\"text-align: justify;\">Quando se imp\u00f5em que \u201cos psic\u00f3logos n\u00e3o exercer\u00e3o qualquer a\u00e7\u00e3o que favore\u00e7a a patologiza\u00e7\u00e3o\u201d,\u00a0 ser\u00e1 que o profissional vai dizer\/comentar durante a consulta que\u00a0 a\u00a0 orienta\u00e7\u00e3o de vida do paciente \u00e9 uma doen\u00e7a? D\u00e1 uma canelada antes do cumprimento?<\/p>\n<p style=\"text-align: justify;\">O texto \u201cnem adotar\u00e3o a\u00e7\u00e3o coercitiva\u201d\u00a0 \u00e9 pesado demais impressiona como meio de orienta\u00e7\u00e3o a profissionais que lidam com os mist\u00e9rios da mente e as posturas no relacionamento com os seus pacientes. N\u00e3o s\u00e3o os fatos\/costumes exercendo press\u00e3o sobre a pessoa e sim uma advert\u00eancia ao profissional\u00a0 para n\u00e3o adotar a tal a\u00e7\u00e3o coercitiva contra o paciente.<\/p>\n<p style=\"text-align: justify;\">O psic\u00f3logo de in\u00edcio h\u00e1 de perguntar ao consulente qual o mal que lhe aflige, sendo ofensivo e descort\u00eas pretender\/insinuar \u201ctratamentos n\u00e3o solicitados.\u201d<\/p>\n<p style=\"text-align: justify;\">O Art. 4\u00ba\u00a0 gera uma d\u00favida na forma\u00e7\u00e3o universit\u00e1ria dos psic\u00f3logos, n\u00e3o parecendo justo que os mestres os orientassem a \u201crefor\u00e7ar preconceitos sociais\u201d, al\u00e9m de n\u00e3o \u00e9tico, afronta qualquer m\u00e9todo de tratamento. E com \u00eanfase: \u201c&#8230; n\u00e3o se pronunciar\u00e3o, nem participar\u00e3o de pronunciamentos p\u00fablicos&#8230;\u201c.<\/p>\n<p style=\"text-align: justify;\">O\u00a0 \u201crefor\u00e7ar preconceitos\u201d \u00e9 uma atitude conden\u00e1vel por si e uma vertente da norma que por outro lado afirma que determinado grupo n\u00e3o \u00e9 portador\u00a0 \u201cde qualquer desordem ps\u00edquica\u201d, dif\u00edcil de considerar no g\u00eanero humano. Pelo contr\u00e1rio, o preconceito exerce a a\u00e7\u00e3o coercitiva que pode provocar a desordem ps\u00edquica e necessidade de atendimento pelo psic\u00f3logo e at\u00e9 pelo psiquiatra.<\/p>\n<p style=\"text-align: justify;\">H\u00e1 que se entender que a\u00a0 realidade n\u00e3o\u00a0 pode ser\u00a0 vista como dogma, quest\u00e3o fechada, indiscut\u00edvel. \u00c9 uma quest\u00e3o. Merece aten\u00e7\u00e3o como outras tantas necessidades na vida terrena.<\/p>\n<p style=\"text-align: justify;\">N\u00e3o se pode esquecer que Galileu\u00a0 Galilei\u00a0 discordou e foi condenado. A medicina evoluiu porque ousaram estudar o corpo humano roubando cad\u00e1veres. A cada dia se descortina um pouco mais adiante. Direito de viver e conviver. Respeitar e ser respeitado.<\/p>\n<p style=\"text-align: justify;\">Ernesto Caruso, 06\/07\/2013<\/p>\n","protected":false},"excerpt":{"rendered":"<p>A Resolu\u00e7\u00e3o do Conselho Federal de Psicologia n\u00ba 1\/99 de 23 de mar\u00e7o de 1999 que estabelece normas de atua\u00e7\u00e3o para os psic\u00f3logos em rela\u00e7\u00e3o \u00e0 quest\u00e3o da orienta\u00e7\u00e3o sexual em seu Art. 3\u00b0 estabelece que \u201c- os psic\u00f3logos n\u00e3o exercer\u00e3o qualquer a\u00e7\u00e3o que favore\u00e7a a patologiza\u00e7\u00e3o de comportamentos ou pr\u00e1ticas homoer\u00f3ticas, nem adotar\u00e3o a\u00e7\u00e3o [&hellip;]<\/p>\n","protected":false},"author":1,"featured_media":0,"comment_status":"open","ping_status":"open","sticky":false,"template":"","format":"standard","meta":{"footnotes":""},"categories":[27],"tags":[],"class_list":["post-16094","post","type-post","status-publish","format-standard","hentry","category-noticias"],"_links":{"self":[{"href":"https:\/\/antonini.psc.br\/index.php?rest_route=\/wp\/v2\/posts\/16094","targetHints":{"allow":["GET"]}}],"collection":[{"href":"https:\/\/antonini.psc.br\/index.php?rest_route=\/wp\/v2\/posts"}],"about":[{"href":"https:\/\/antonini.psc.br\/index.php?rest_route=\/wp\/v2\/types\/post"}],"author":[{"embeddable":true,"href":"https:\/\/antonini.psc.br\/index.php?rest_route=\/wp\/v2\/users\/1"}],"replies":[{"embeddable":true,"href":"https:\/\/antonini.psc.br\/index.php?rest_route=%2Fwp%2Fv2%2Fcomments&post=16094"}],"version-history":[{"count":1,"href":"https:\/\/antonini.psc.br\/index.php?rest_route=\/wp\/v2\/posts\/16094\/revisions"}],"predecessor-version":[{"id":24377,"href":"https:\/\/antonini.psc.br\/index.php?rest_route=\/wp\/v2\/posts\/16094\/revisions\/24377"}],"wp:attachment":[{"href":"https:\/\/antonini.psc.br\/index.php?rest_route=%2Fwp%2Fv2%2Fmedia&parent=16094"}],"wp:term":[{"taxonomy":"category","embeddable":true,"href":"https:\/\/antonini.psc.br\/index.php?rest_route=%2Fwp%2Fv2%2Fcategories&post=16094"},{"taxonomy":"post_tag","embeddable":true,"href":"https:\/\/antonini.psc.br\/index.php?rest_route=%2Fwp%2Fv2%2Ftags&post=16094"}],"curies":[{"name":"wp","href":"https:\/\/api.w.org\/{rel}","templated":true}]}}