{"id":1854,"date":"2009-02-19T15:17:23","date_gmt":"2009-02-19T17:17:23","guid":{"rendered":"http:\/\/antonini.med.br\/blog\/?p=1854"},"modified":"2022-02-15T03:29:23","modified_gmt":"2022-02-15T03:29:23","slug":"primeira-faculdade-do-brasil-completa-200-anos","status":"publish","type":"post","link":"https:\/\/antonini.psc.br\/?p=1854","title":{"rendered":"Primeira faculdade do Brasil completa 200 anos"},"content":{"rendered":"<p style=\"text-align: justify;\"><span class=\"content\">WANDERLEY PREITE SOBRINHO<br \/>\nColabora\u00e7\u00e3o para a Folha Online<img decoding=\"async\" src=\"..\/..\/imagens\/gerais\/fmufba-1.jpg\" border=\"0\" alt=\"\" align=\"left\" \/><\/span>\n<\/p>\n<p style=\"text-align: justify;\"><span class=\"content\">A primeira faculdade do Brasil comemora 200 anos nesta segunda-feira. Fundada por dom Jo\u00e3o 6\u00ba logo depois da fam\u00edlia real portuguesa desembarcar em Salvador (BA), a Fameb (Faculdade de Medicina da Bahia) simboliza o in\u00edcio da independ\u00eancia cultural do Brasil.<\/span><\/p>\n<p style=\"text-align: justify;\">A chegada da fam\u00edlia real portuguesa no Brasil foi fundamental para a cria\u00e7\u00e3o da faculdade. Antes disso, Portugal n\u00e3o permitia a cria\u00e7\u00e3o de nenhuma faculdade em suas col\u00f4nias. Nas possess\u00f5es espanholas, existiam universidades desde o s\u00e9culo 16.<\/p>\n<p style=\"text-align: justify;\">A primeira escola de ensino superior do pa\u00eds foi inaugurada no dia 18 de fevereiro de 1808, oito dias antes da partida da fam\u00edlia real para o Rio de Janeiro. Ela foi instalada no Hospital Real Militar, que ocupava as depend\u00eancias do Col\u00e9gio dos Jesu\u00edtas, no Largo do Terreno de Jesus.<span class=\"content\"><!--more--><\/span><\/p>\n<p style=\"text-align: justify;\">&#8220;Os primeiros professores da faculdade foram m\u00e9dicos militares. S\u00f3 depois vieram os m\u00e9dicos civis&#8221;, diz o m\u00e9dico Lamartine Lima, professor honor\u00e1rio da Faculdade de Medicina da Bahia, que hoje pertence \u00e0 UFBA (Universidade Federal da Bahia).<\/p>\n<p style=\"text-align: justify;\">Naquela \u00e9poca, a cidade contava cerca de 50 mil habitantes e havia deixado de ser a capital da col\u00f4nia h\u00e1 45 anos.<\/p>\n<p style=\"text-align: justify;\"><img decoding=\"async\" src=\"..\/..\/imagens\/gerais\/fmufba-2.jpg\" border=\"0\" alt=\"\" align=\"right\" \/>Depois de fundar a Fameb, dom Jo\u00e3o fez o mesmo no Rio de Janeiro no dia 5 de novembro daquele mesmo ano. Nascia a Escola de Anatomia, Cirurgia e Medicina, a atual UFRJ (Faculdade de Medicina da Universidade Federal do Rio de Janeiro).<\/p>\n<p style=\"text-align: justify;\">&#8220;O que se ensinava na faculdade era uma medicina menos cient\u00edfica e mais de observa\u00e7\u00e3o&#8221;, diz o historiador Francisco Assis de Queiroz, professor da USP (Universidade de S\u00e3o Paulo). &#8220;Como a causa das doen\u00e7as n\u00e3o era conhecida, buscava-se eliminar os sintomas&#8221;.<\/p>\n<p style=\"text-align: justify;\">Para comemorar seus 200 anos, haver\u00e1 uma festa amanh\u00e3 de manh\u00e3 no Largo do Terreiro de Jesus, em Salvador.<\/p>\n<p style=\"text-align: justify;\">Uma das atra\u00e7\u00f5es ser\u00e1 um show com m\u00e9dicos artistas. A hist\u00f3ria da Fameb ser\u00e1 contada por meio de cantos e solos instrumentais executados por ex-alunos da faculdade.<\/p>\n<p style=\"text-align: justify;\"><img decoding=\"async\" src=\"..\/..\/imagens\/gerais\/fmufba-3.jpg\" border=\"0\" alt=\"\" align=\"left\" \/>A Faculdade de Medicina da Universidade Federal da Bahia, como hoje \u00e9 conhecida, passou por dois inc\u00eandios. O primeiro, de 1905, acabou com o pr\u00e9dio. Mas ele foi reconstru\u00eddo em estilo ecl\u00e9tico com predomin\u00e2ncia de linhas neocl\u00e1ssicas.<\/p>\n<p style=\"text-align: justify;\">O segundo inc\u00eandio aconteceu em 1952. &#8220;Com a Reforma do Ensino, de 1968, a faculdade de medicina deixou o pr\u00e9dio do Terreiro de Jesus em 1974&#8221;, diz o professor Lima.<\/p>\n<p style=\"text-align: justify;\">Mas o curso voltou para l\u00e1 em 2004. O edif\u00edcio, no entanto, est\u00e1 abandonado. &#8220;As obras de restaura\u00e7\u00e3o est\u00e3o praticamente paradas&#8221;, afirma o professor.<\/p>\n<p style=\"text-align: justify;\"><strong>\u00c0 frente do tempo<\/strong><\/p>\n<p style=\"text-align: justify;\">A Faculdade de Medicina da Bahia sempre saiu na frente. Al\u00e9m de ser a primeira faculdade do pa\u00eds, foi em sua sacada que foi acesa a primeira luz el\u00e9trica em Salvador, no dia 2 de julho de 1844.<\/p>\n<p style=\"text-align: justify;\">A primeira m\u00e9dica brasileira diplomada em territ\u00f3rio nacional, Rita Lobato Velho Lopes, se formou na Fameb em dezembro de 1887.<\/p>\n<p style=\"text-align: justify;\">O primeiro Museu M\u00e9dico-Legal e Antropol\u00f3gico do Brasil foi criado no t\u00e9rreo daquela escola em abril de 1900.<br \/>\n<strong><br \/>\nA medicina no come\u00e7o do s\u00e9culo 19<\/strong>\n<\/p>\n<p style=\"text-align: justify;\">Antes da instala\u00e7\u00e3o da Fameb, a medicina era exercida por pessoas com pouco conhecimento em anatomia e fisiologia. Era a chamada medicina pr\u00e1tica.<\/p>\n<p style=\"text-align: justify;\">&#8220;A maioria das cirurgias eram feitas nas casas dos pacientes. Quando as interven\u00e7\u00f5es eram no hospital, morria um em cada quatro pacientes&#8221;, afirma Lima.<\/p>\n<p style=\"text-align: justify;\">O cirurgi\u00e3o tratava de feridas e amputava, enquanto os algebristas cuidavam de membros deslocados. Mas parteiras e barbeiros tamb\u00e9m exerciam a chamada medicina pr\u00e1tica. &#8220;Era comum que o especialista abrisse uma veia do paciente para que atrav\u00e9s da incis\u00e3o se extra\u00edsse a doen\u00e7a do corpo&#8221;, diz Queiroz. &#8220;O m\u00e9todo era mais debilitante do que recuperador.&#8221;<\/p>\n<p style=\"text-align: justify;\">Com o cirurgi\u00e3o, trabalhava um auxiliar adolescente que aprendia tudo com seu mestre para se tornar seu substituto. Os poucos formados na col\u00f4nia tinham cursado medicina na Europa. &#8220;Em muitos casos, as pessoas confiavam muito mais nos curandeiros&#8221;, diz o historiador.<\/p>\n<p style=\"text-align: justify;\">Ele lembra que no per\u00edodo colonial era muito comum a utiliza\u00e7\u00e3o de plantas e simpatias para tratar dos doentes.<\/p>\n<p style=\"text-align: justify;\">Leia mais<\/p>\n<p style=\"text-align: justify;\">\n<ul style=\"text-align: justify;\"><span class=\"content\"><\/p>\n<li><a href=\"http:\/\/www1.folha.uol.com.br\/folha\/ilustrada\/ult90u370351.shtml\">Eventos marcam 200 anos da imprensa no Brasil<\/a><\/li>\n<li><a href=\"http:\/\/www1.folha.uol.com.br\/folha\/cotidiano\/ult95u369449.shtml\">S\u00e3o Clemente homenageia bicenten\u00e1rio da chegada da corte portuguesa ao Brasil<\/a><\/li>\n<li><a href=\"http:\/\/www1.folha.uol.com.br\/folha\/brasil\/ult96u367794.shtml\">Mostra em SP re\u00fane documentos, fotos e objetos sobre a abertura dos portos no pa\u00eds<\/a><\/li>\n<li><a href=\"http:\/\/www1.folha.uol.com.br\/folha\/ilustrada\/ult90u353005.shtml\">D. Jo\u00e3o 6\u00ba oficializou biopirataria, diz jornalista em livro<\/a><\/li>\n<li><a href=\"http:\/\/www1.folha.uol.com.br\/folha\/brasil\/ult96u367483.shtml\">Abertura dos portos foi primeiro passo do pa\u00eds rumo \u00e0 globaliza\u00e7\u00e3o, diz Ricupero<\/a><\/li>\n<li><a href=\"http:\/\/www1.folha.uol.com.br\/folha\/publifolha\/ult10037u353751.shtml\">Reportagens investigativas e hist\u00f3ria do jornalismo s\u00e3o temas de livros<\/a><\/li>\n<p><\/span><\/ul>\n<p style=\"text-align: justify;\"><span class=\"content\"><br \/>\n<\/span><\/p>\n<p style=\"text-align: justify;\"><span class=\"content\"><br \/>\n<\/span>\n<\/p>\n<p style=\"text-align: justify;\">\n<p style=\"text-align: justify;\"><span class=\"content\"> <\/span><\/p>\n<p style=\"text-align: justify;\">\n<p style=\"text-align: right;\"><span class=\"content\">Copyright \u00a9 por Vladimir Antonini Todos os direitos reservados.<\/span><\/p>\n<p style=\"text-align: center;\"><a href=\"javascript:history.go(-1)\">[<\/a><a href=\"?page_id=37\">Voltar<\/a><a href=\"javascript:history.go(-1)\">]<\/a><\/p>\n","protected":false},"excerpt":{"rendered":"<p>WANDERLEY PREITE SOBRINHO Colabora\u00e7\u00e3o para a Folha Online A primeira faculdade do Brasil comemora 200 anos nesta segunda-feira. Fundada por dom Jo\u00e3o 6\u00ba logo depois da fam\u00edlia real portuguesa desembarcar em Salvador (BA), a Fameb (Faculdade de Medicina da Bahia) simboliza o in\u00edcio da independ\u00eancia cultural do Brasil. A chegada da fam\u00edlia real portuguesa no [&hellip;]<\/p>\n","protected":false},"author":1,"featured_media":0,"comment_status":"open","ping_status":"open","sticky":false,"template":"","format":"standard","meta":{"footnotes":""},"categories":[21],"tags":[],"class_list":["post-1854","post","type-post","status-publish","format-standard","hentry","category-h-p"],"_links":{"self":[{"href":"https:\/\/antonini.psc.br\/index.php?rest_route=\/wp\/v2\/posts\/1854","targetHints":{"allow":["GET"]}}],"collection":[{"href":"https:\/\/antonini.psc.br\/index.php?rest_route=\/wp\/v2\/posts"}],"about":[{"href":"https:\/\/antonini.psc.br\/index.php?rest_route=\/wp\/v2\/types\/post"}],"author":[{"embeddable":true,"href":"https:\/\/antonini.psc.br\/index.php?rest_route=\/wp\/v2\/users\/1"}],"replies":[{"embeddable":true,"href":"https:\/\/antonini.psc.br\/index.php?rest_route=%2Fwp%2Fv2%2Fcomments&post=1854"}],"version-history":[{"count":1,"href":"https:\/\/antonini.psc.br\/index.php?rest_route=\/wp\/v2\/posts\/1854\/revisions"}],"predecessor-version":[{"id":29745,"href":"https:\/\/antonini.psc.br\/index.php?rest_route=\/wp\/v2\/posts\/1854\/revisions\/29745"}],"wp:attachment":[{"href":"https:\/\/antonini.psc.br\/index.php?rest_route=%2Fwp%2Fv2%2Fmedia&parent=1854"}],"wp:term":[{"taxonomy":"category","embeddable":true,"href":"https:\/\/antonini.psc.br\/index.php?rest_route=%2Fwp%2Fv2%2Fcategories&post=1854"},{"taxonomy":"post_tag","embeddable":true,"href":"https:\/\/antonini.psc.br\/index.php?rest_route=%2Fwp%2Fv2%2Ftags&post=1854"}],"curies":[{"name":"wp","href":"https:\/\/api.w.org\/{rel}","templated":true}]}}