{"id":18688,"date":"2013-09-22T05:04:37","date_gmt":"2013-09-22T05:04:37","guid":{"rendered":"http:\/\/antonini.med.br\/blog\/?p=18688"},"modified":"2022-02-15T02:40:49","modified_gmt":"2022-02-15T02:40:49","slug":"camara-lanca-frente-parlamentar-e-promove-seminario-sobre-endometriose","status":"publish","type":"post","link":"https:\/\/antonini.psc.br\/?p=18688","title":{"rendered":"C\u00e2mara lan\u00e7a frente parlamentar e promove semin\u00e1rio sobre endometriose"},"content":{"rendered":"<p style=\"text-align: justify;\">O que o Congresso Nacional e os parlamentares tem a ver com isso? Endometriose \u00e9 uma doen\u00e7a do aparelho genital feminino n\u00e3o muito frequente e muito menos um caso de sa\u00fade p\u00fablica ou de calamidade p\u00fablica. Na falta do que ter o que fazer ou de coragem e vontade pol\u00edtica (interesses pessoais em risco), os parlamentares tupiniquins se debru\u00e7am sobre assuntos que n\u00e3o colocam a sobreviv\u00eancia pol\u00edtica e as fontes de capta\u00e7\u00e3o de dinheiro e de corrup\u00e7\u00e3o em risco.<!--more--><\/p>\n<div id=\"conteudoNoticia\">\n<p style=\"text-align: justify;\"><strong>Eis a not\u00edcia abaixo:<\/strong><\/p>\n<p style=\"text-align: justify;\">A C\u00e2mara promove nesta ter\u00e7a-feira (27) semin\u00e1rio sobre o impacto social e econ\u00f4mico da endometriose e tamb\u00e9m lan\u00e7a a Frente Parlamentar da Luta Contra a Endometriose.<\/p>\n<p style=\"text-align: justify;\">Presidida pelo deputado Roberto de Lucena (PV-SP), a frente quer trazer para o Congresso Nacional o debate sobre a falta de pol\u00edticas publicas de sa\u00fade para o tratamento da doen\u00e7a no Brasil. \u201cNosso objetivo ser\u00e1 promover alian\u00e7as estrat\u00e9gicas entre pacientes, m\u00e9dicos, cientistas e legisladores para que, juntos, possamos encontrar uma maneira justa de oferecer um diagn\u00f3stico e um tratamento adequados \u00e0s brasileiras\u201d, explica.<\/p>\n<p style=\"text-align: justify;\">Tamb\u00e9m participam da frente a deputada Sandra Rosado (PSB-RN), como vice-presidente; o deputado Alexandre Roso (PSB-RS), como 2\u00ba vice-presidente; o deputado Antonio Brito (PTB-BA), como 3\u00ba vice-presidente; e a deputada Carmen Zanotto (PPS-SC), que ser\u00e1 a primeira secret\u00e1ria.<\/p>\n<p style=\"text-align: justify;\"><strong>A doen\u00e7a<\/strong><br \/>\nA endometriose \u00e9 a presen\u00e7a, fora do \u00fatero, de tecido semelhante ao endom\u00e9trio, causando uma rea\u00e7\u00e3o cr\u00f4nica e inflamat\u00f3ria, dor e subfertilidade. \u00c9 respons\u00e1vel por 40% dos casos de infertilidade no Brasil, mas apenas 1\/3 das brasileiras associa a doen\u00e7a \u00e0 dificuldade de engravidar, segundo pesquisa da Sociedade Brasileira de Endometriose e Ginecologia Minimamente Invasiva (SBE). O levantamento, feito com cinco mil mulheres com mais de 18 anos, revelou ainda que 88% n\u00e3o sabem como tratar o problema e que 55% n\u00e3o sabem sequer o que \u00e9 a doen\u00e7a.<\/p>\n<p style=\"text-align: justify;\"><strong>O semin\u00e1rio<\/strong><br \/>\nO debate ter\u00e1 in\u00edcio \u00e0s 9h30, no audit\u00f3rio Freitas Nobre, e tratar\u00e1 dos seguintes temas:<\/p>\n<ul style=\"text-align: justify;\">\n<li><strong>Aspectos gerais da endometriose e o desafio de seu diagn\u00f3stico precoce<\/strong>, com o doutor em Medicina pela Faculdade de Medicina da Universidade de S\u00e3o Paulo, Alysson Zanatta, e o presidente da Sociedade Brasileira de Endometriose (SBE), Maur\u00edcio Abr\u00e3o.<\/li>\n<li><strong>Aspectos atuais do tratamento da endometriose em um grande centro de refer\u00eancia do SUS<\/strong>, com o diretor do N\u00facleo de Endoscopia Ginecol\u00f3gica e Endometriose do Centro de Refer\u00eancia da Sa\u00fade da Mulher &#8211; Hospital P\u00e9rola Byington\/SP, Luciano Gibran.<\/li>\n<li><strong>Forma\u00e7\u00e3o do m\u00e9dico cirurgi\u00e3o<\/strong>, com o supervisor do Programa de Resid\u00eancia M\u00e9dica em Reprodu\u00e7\u00e3o Humana do Hospital Regional da Asa Sul do Distrito Federal, Frederico Jos\u00e9 Silva Corr\u00eaa.<\/li>\n<\/ul>\n<\/div>\n<div style=\"text-align: justify;\">\n<div id=\"creditosMateria\">\n<p>Da Reda\u00e7\u00e3o\/PR<\/p>\n<div>A reprodu\u00e7\u00e3o das not\u00edcias \u00e9 autorizada desde que contenha a assinatura &#8216;<a title=\"Ag\u00eancia C\u00e2mara de Not\u00edticas\" href=\"http:\/\/www2.camara.leg.br\/camaranoticias\">Ag\u00eancia C\u00e2mara Not\u00edcias<\/a>&#8216;<\/div>\n<\/div>\n<\/div>\n<p style=\"text-align: center;\">[<a href=\"javascript:history.go(-1)\">Voltar<\/a>]<\/p>\n","protected":false},"excerpt":{"rendered":"<p>O que o Congresso Nacional e os parlamentares tem a ver com isso? Endometriose \u00e9 uma doen\u00e7a do aparelho genital feminino n\u00e3o muito frequente e muito menos um caso de sa\u00fade p\u00fablica ou de calamidade p\u00fablica. Na falta do que ter o que fazer ou de coragem e vontade pol\u00edtica (interesses pessoais em risco), os [&hellip;]<\/p>\n","protected":false},"author":1,"featured_media":0,"comment_status":"open","ping_status":"open","sticky":false,"template":"","format":"standard","meta":{"footnotes":""},"categories":[27],"tags":[],"class_list":["post-18688","post","type-post","status-publish","format-standard","hentry","category-noticias"],"_links":{"self":[{"href":"https:\/\/antonini.psc.br\/index.php?rest_route=\/wp\/v2\/posts\/18688","targetHints":{"allow":["GET"]}}],"collection":[{"href":"https:\/\/antonini.psc.br\/index.php?rest_route=\/wp\/v2\/posts"}],"about":[{"href":"https:\/\/antonini.psc.br\/index.php?rest_route=\/wp\/v2\/types\/post"}],"author":[{"embeddable":true,"href":"https:\/\/antonini.psc.br\/index.php?rest_route=\/wp\/v2\/users\/1"}],"replies":[{"embeddable":true,"href":"https:\/\/antonini.psc.br\/index.php?rest_route=%2Fwp%2Fv2%2Fcomments&post=18688"}],"version-history":[{"count":1,"href":"https:\/\/antonini.psc.br\/index.php?rest_route=\/wp\/v2\/posts\/18688\/revisions"}],"predecessor-version":[{"id":24356,"href":"https:\/\/antonini.psc.br\/index.php?rest_route=\/wp\/v2\/posts\/18688\/revisions\/24356"}],"wp:attachment":[{"href":"https:\/\/antonini.psc.br\/index.php?rest_route=%2Fwp%2Fv2%2Fmedia&parent=18688"}],"wp:term":[{"taxonomy":"category","embeddable":true,"href":"https:\/\/antonini.psc.br\/index.php?rest_route=%2Fwp%2Fv2%2Fcategories&post=18688"},{"taxonomy":"post_tag","embeddable":true,"href":"https:\/\/antonini.psc.br\/index.php?rest_route=%2Fwp%2Fv2%2Ftags&post=18688"}],"curies":[{"name":"wp","href":"https:\/\/api.w.org\/{rel}","templated":true}]}}