{"id":19084,"date":"2013-09-22T12:45:39","date_gmt":"2013-09-22T12:45:39","guid":{"rendered":"http:\/\/antonini.med.br\/blog\/?p=19084"},"modified":"2022-02-15T02:40:48","modified_gmt":"2022-02-15T02:40:48","slug":"farmaceutico-podera-prescrever-remedios-vendidos-sem-receita","status":"publish","type":"post","link":"https:\/\/antonini.psc.br\/?p=19084","title":{"rendered":"Farmac\u00eautico poder\u00e1 prescrever rem\u00e9dios vendidos sem receita"},"content":{"rendered":"<p style=\"text-align: justify;\">Uma nova resolu\u00e7\u00e3o do CFF (Conselho Federal de Farm\u00e1cia) autoriza os farmac\u00eauticos a prescreverem rem\u00e9dios que n\u00e3o exijam prescri\u00e7\u00e3o m\u00e9dica, como analg\u00e9sicos e antit\u00e9rmicos.<\/p>\n<p style=\"text-align: justify;\">A medida ser\u00e1 publicada na pr\u00f3xima quarta no &#8220;Di\u00e1rio Oficial da Uni\u00e3o&#8221; e tem 180 dias para ser implantada.<\/p>\n<p style=\"text-align: justify;\">Com a norma, eles poder\u00e3o tratar o que chamam de &#8220;transtornos menores&#8221;, como uma dor de cabe\u00e7a ou diarreia. O cliente que chegar ao balc\u00e3o da farm\u00e1cia para comprar um analg\u00e9sico poder\u00e1 passar por uma &#8220;consulta&#8221; e receber um receitu\u00e1rio com a assinatura e o carimbo do farmac\u00eautico.<\/p>\n<p style=\"text-align: justify;\">A prescri\u00e7\u00e3o, no entanto, n\u00e3o ser\u00e1 obrigat\u00f3ria.<\/p>\n<p style=\"text-align: justify;\">Outra ideia, mas que ainda depende de acordos para vigorar, \u00e9 que os farmac\u00eauticos possam renovar receitas m\u00e9dicas em casos de algumas doen\u00e7as cr\u00f4nicas, como diabetes e hipertens\u00e3o.<\/p>\n<p style=\"text-align: justify;\">O paciente passaria pelo m\u00e9dico, receberia o diagn\u00f3stico e a primeira receita. A partir da\u00ed, o farmac\u00eautico poderia orientar e assumir os cuidados do doente (medir a glicemia ou a press\u00e3o arterial) e, se tudo estiver bem, repetir a receita do m\u00e9dico.<\/p>\n<p style=\"text-align: justify;\">A medida \u00e9 pol\u00eamica e deve provocar rea\u00e7\u00e3o das entidades m\u00e9dicas. &#8220;A lei do Ato M\u00e9dico abriu brecha para qualquer um prescrever medicamentos. \u00c9 bem complicado&#8221;, reagiu Renato Azevedo J\u00fanior, presidente do Cremesp (Conselho Regional de Medicina de S\u00e3o Paulo).<\/p>\n<p style=\"text-align: justify;\">A lei, aprovada em junho, deixou de prever como exclusivo do m\u00e9dico o ato de prescrever tratamentos ap\u00f3s os vetos feitos pela presidente Dilma Rousseff.<\/p>\n<p style=\"text-align: justify;\">Para Azevedo, o diagn\u00f3stico de &#8220;qualquer doen\u00e7a&#8221; e os respectivos tratamentos s\u00e3o atribui\u00e7\u00f5es exclusivas do m\u00e9dico. &#8220;Uma simples aspirina pode matar. Pode causar rea\u00e7\u00e3o al\u00e9rgica, sangramentos. De quem ser\u00e1 a responsabilidade legal por esse doente?&#8221;<\/p>\n<p style=\"text-align: justify;\">Do farmac\u00eautico, garante o presidente do CFF, Walter Jorge Jo\u00e3o. &#8220;Estamos tendo essa coragem de dar mais responsabilidade ao farmac\u00eautico. Ele n\u00e3o \u00e9 profissional s\u00f3 do medicamento, ele tamb\u00e9m tem que cuidar do paciente.&#8221;<\/p>\n<p style=\"text-align: justify;\">Segundo ele, tendo um papel mais ativo, o farmac\u00eautico poder\u00e1 reverter a cultura da automedica\u00e7\u00e3o do brasileiro. &#8220;O Brasil \u00e9 o quinto pa\u00eds que mais se automedica no mundo. E isso resulta em muitos casos de intoxica\u00e7\u00e3o por medicamentos.&#8221;<\/p>\n<p style=\"text-align: justify;\"><b>REPETIR RECEITA<\/b><\/p>\n<p style=\"text-align: justify;\">Sergio Mena Barreto, presidente-executivo da Abrafarma (Associa\u00e7\u00e3o Brasileira de Rede de Farm\u00e1cias e Drogarias), discorda do argumento. &#8220;Isso \u00e9 bobagem. S\u00f3 3% das intoxica\u00e7\u00f5es s\u00e3o por automedica\u00e7\u00e3o. Prescrever receita para medicamentos isento de prescri\u00e7\u00e3o \u00e9 um paradoxo. S\u00e3o drogas seguras, de baix\u00edssimo risco&#8221;, diz.<\/p>\n<p style=\"text-align: justify;\">Para ele, os farmac\u00eauticos deveriam concentrar esfor\u00e7os para poder renovar o receitu\u00e1rio m\u00e9dico, fun\u00e7\u00e3o que j\u00e1 desempenham nos EUA.<\/p>\n<p style=\"text-align: justify;\">&#8220;L\u00e1 eles podem, inclusive, mudar a dosagem de um rem\u00e9dio prescrito pelo m\u00e9dico. O farmac\u00eautico brasileiro precisa ser mais bem visto. Ele \u00e9 muito desvalorizado, especialmente pelos m\u00e9dicos.&#8221;<\/p>\n<p style=\"text-align: justify;\">Em nota, o CFM (Conselho Federal de Medicina) informa que &#8220;aguardar\u00e1 a publica\u00e7\u00e3o da norma e tomar\u00e1 a provid\u00eancias cab\u00edveis&#8221;.<\/p>\n<ul>\n<li><a title=\"Link permanente para Grupo quer ampliar rem\u00e9dio sem prescri\u00e7\u00e3o\" href=\"?p=19142\" rel=\"bookmark\">Grupo quer ampliar rem\u00e9dio sem prescri\u00e7\u00e3o<\/a><\/li>\n<\/ul>\n<p style=\"text-align: center;\">[<a href=\"javascript:history.go(-1)\">Voltar<\/a>]<\/p>\n","protected":false},"excerpt":{"rendered":"<p>Uma nova resolu\u00e7\u00e3o do CFF (Conselho Federal de Farm\u00e1cia) autoriza os farmac\u00eauticos a prescreverem rem\u00e9dios que n\u00e3o exijam prescri\u00e7\u00e3o m\u00e9dica, como analg\u00e9sicos e antit\u00e9rmicos. A medida ser\u00e1 publicada na pr\u00f3xima quarta no &#8220;Di\u00e1rio Oficial da Uni\u00e3o&#8221; e tem 180 dias para ser implantada. Com a norma, eles poder\u00e3o tratar o que chamam de &#8220;transtornos menores&#8221;, [&hellip;]<\/p>\n","protected":false},"author":1,"featured_media":0,"comment_status":"open","ping_status":"open","sticky":false,"template":"","format":"standard","meta":{"footnotes":""},"categories":[27],"tags":[],"class_list":["post-19084","post","type-post","status-publish","format-standard","hentry","category-noticias"],"_links":{"self":[{"href":"https:\/\/antonini.psc.br\/index.php?rest_route=\/wp\/v2\/posts\/19084","targetHints":{"allow":["GET"]}}],"collection":[{"href":"https:\/\/antonini.psc.br\/index.php?rest_route=\/wp\/v2\/posts"}],"about":[{"href":"https:\/\/antonini.psc.br\/index.php?rest_route=\/wp\/v2\/types\/post"}],"author":[{"embeddable":true,"href":"https:\/\/antonini.psc.br\/index.php?rest_route=\/wp\/v2\/users\/1"}],"replies":[{"embeddable":true,"href":"https:\/\/antonini.psc.br\/index.php?rest_route=%2Fwp%2Fv2%2Fcomments&post=19084"}],"version-history":[{"count":1,"href":"https:\/\/antonini.psc.br\/index.php?rest_route=\/wp\/v2\/posts\/19084\/revisions"}],"predecessor-version":[{"id":30089,"href":"https:\/\/antonini.psc.br\/index.php?rest_route=\/wp\/v2\/posts\/19084\/revisions\/30089"}],"wp:attachment":[{"href":"https:\/\/antonini.psc.br\/index.php?rest_route=%2Fwp%2Fv2%2Fmedia&parent=19084"}],"wp:term":[{"taxonomy":"category","embeddable":true,"href":"https:\/\/antonini.psc.br\/index.php?rest_route=%2Fwp%2Fv2%2Fcategories&post=19084"},{"taxonomy":"post_tag","embeddable":true,"href":"https:\/\/antonini.psc.br\/index.php?rest_route=%2Fwp%2Fv2%2Ftags&post=19084"}],"curies":[{"name":"wp","href":"https:\/\/api.w.org\/{rel}","templated":true}]}}