{"id":194,"date":"2008-10-31T01:51:18","date_gmt":"2008-10-31T04:51:18","guid":{"rendered":"http:\/\/www.antonini.med.br\/blog\/?p=194"},"modified":"2025-02-10T02:34:41","modified_gmt":"2025-02-10T02:34:41","slug":"mulheres-sofrem-mais-de-depressao-que-os-homens","status":"publish","type":"post","link":"https:\/\/antonini.psc.br\/?p=194","title":{"rendered":"Mulheres sofrem mais de depress\u00e3o que os homens"},"content":{"rendered":"<p style=\"text-align: justify;\"><span id=\"ucMateria_lblOlho\" class=\"materias_textos_negrito\">As mulheres t\u00eam o dobro de chance de vir a desenvolver o dist\u00farbio em raz\u00e3o da instabilidade hormonal a que est\u00e3o sujeitas e s\u00e3o respons\u00e1veis pelo consumo de 70% dos antidepressivos.<!--more--><\/span><\/p>\n<div style=\"text-align: justify;\">S\u00f3 os n\u00fameros j\u00e1 s\u00e3o de derrubar qualquer um: segundo a Organiza\u00e7\u00e3o Mundial da Sa\u00fade, a depress\u00e3o acomete 121 milh\u00f5es de pessoas no mundo inteiro 20% dessa fatia s\u00e3o adolescentes. As estat\u00edsticas ainda apontam que 17% dos adultos sofrer\u00e3o de depress\u00e3o em algum momento da vida, em especial o grupo feminino.<\/p>\n<p><strong>Sintomas <\/strong><br \/>\nSofrer \u00e9 uma sensa\u00e7\u00e3o inerente ao ser humano. Perder uma pessoa querida, acabar o relacionamento, travar desentendimentos no trabalho ou lidar com a falta de dinheiro n\u00e3o \u00e9 moleza (controle suas finan\u00e7as). &#8220;O problema \u00e9 se sentir mal quando nada disso acontece&#8221; , explica o psicanalista Hemir Bari\u00e7\u00e3o, da PUC, de S\u00e3o Paulo.<\/p>\n<p><strong>Por que acontece?<\/strong><br \/>\nEstudos demonstram que os baixos n\u00edveis de serotonina, neurotransmissor capaz de estabiliza humor, sono e apetite, em certas \u00e1reas do c\u00e9rebro seriam a principal causa da doen\u00e7a.<\/p>\n<p>Preste aten\u00e7\u00e3o nesses sinais: falta de sono, cansa\u00e7o, tristeza, dificuldade de concentra\u00e7\u00e3o e mem\u00f3ria prejudicada. Esses s\u00e3o os sintomas mais comuns da depress\u00e3o. Quando essas sensa\u00e7\u00f5es persitem por mais de tr\u00eas semanas seguidas, \u00e9 hora de buscar ajuda m\u00e9dica. Sentimento de culpa sem motivo, crises de choro, auto-estima (acabe com a baixa auto-estima) muito baixa, pessimismo, irritabilidade, altera\u00e7\u00f5es na libido e no apetite (encontre uma dieta que combina com o seu perfil) e pensamentos de morte e suic\u00eddio tamb\u00e9m s\u00e3o indicadores t\u00edpicos da doen\u00e7a.<\/p>\n<p>O des\u00e2nimo normalmente chega a impedir a realiza\u00e7\u00e3o de atividades rotineiras, como sair da cama, tomar banho ou ir trabalhar. Mas \u00e9 comum encontrar pacientes que, mesmo doentes, continuam levando uma vida normal, apesar de existirem casos mais graves, que podem culminar no suic\u00eddio. A diferen\u00e7a entre um e outro est\u00e1 no sofrimento imposto a essas pessoas.<\/p>\n<p>Outra hip\u00f3tese tem a ver com a varia\u00e7\u00e3o dos horm\u00f4nios do estresse (CRF e cortisol). Em n\u00edveis elevados eles prejudicariam a sa\u00fade dos neur\u00f4nios, por modificar a composi\u00e7\u00e3o qu\u00edmica do meio em que essas c\u00e9lulas exercem suas fun\u00e7\u00f5es. (reconhe\u00e7a se voc\u00ea est\u00e1 sendo v\u00edtima do estresse)<\/p>\n<p>O que se sabe ao certo \u00e9 que a doen\u00e7a \u00e9 causada por uma combina\u00e7\u00e3o de fatores. A predisposi\u00e7\u00e3o gen\u00e9tica \u00e9 um deles. Filhos de pais depressivos possuem tr\u00eas vezes mais probabilidade de ficarem deprimidos. O uso de drogas, determinados medicamentos para emagrecer e tranq\u00fcilizantes, al\u00e9m das oscila\u00e7\u00f5es dos horm\u00f4nios e doen\u00e7as, em especial as da tire\u00f3ide, contribuem para levar as pessoas para o fundo do po\u00e7o.<\/p><\/div>\n<div style=\"text-align: justify;\"><strong>Combatendo a tristeza<\/strong><br \/>\nSeis em cada dez pacientes v\u00edtimas de depress\u00e3o superam completamente os sintomas. As demais acabam sofrendo da forma cr\u00f4nica da doen\u00e7a, que exige acompanhamento e, em muitos casos, o uso de medicamentos por uso cont\u00ednuo.<\/p>\n<p>Os resultados mais efetivos s\u00e3o alcan\u00e7ados quando a depress\u00e3o \u00e9 tratada como uma doen\u00e7a multifatorial e individualizada, analisada caso a caso. O tratamento pode exigir rem\u00e9dios para tratar o desequil\u00edbrio qu\u00edmico cerebral e, ao mesmo tempo, psicoterapia para atender os dramas psicol\u00f3gicos do paciente. Quando usados isoladamente, os medicamentos trazem resultados em cerca de 80% dos casos, quando s\u00e3o corretamente empregados.<\/p>\n<p>No c\u00e9rebro, a a\u00e7\u00e3o dos rem\u00e9dios consiste em regular a libera\u00e7\u00e3o de subst\u00e2ncias, os chamados neurotransmissores. S\u00e3o eles os respons\u00e1veis pela sensa\u00e7\u00e3o de bem-estar. A maioria dos medicamentos demora pelo menos 15 dias para fazer efeito.<\/p>\n<p>Isso acaba provocando a desist\u00eancia de muitos pacientes logo no in\u00edcio do tratamento. Ao contr\u00e1rio do que muita gente pensa esses medicamentos n\u00e3o viciam. Muitos pacientes tomam antidepressivos por meses ou anos e depois deixam de utiliz\u00e1-los sem problemas , explica a neurologista. Mas s\u00f3 um m\u00e9dico \u00e9 capaz de definir o momento certo para encerrar o tratamento.<\/p>\n<p>O acompanhamento m\u00e9dico tamb\u00e9m \u00e9 fundamental para controlar os efeitos colaterais desse tipo de rem\u00e9dio. Altera\u00e7\u00f5es no apetite sexual e no peso (conhe\u00e7a o ranking dos exerc\u00edcios que mais queimas calorias) s\u00e3o os mais comuns. O ideal \u00e9 discutir os efeitos do rem\u00e9dio com o m\u00e9dico, para o tratamento ser adaptado at\u00e9 encontrar o produto ideal para o paciente.<\/p>\n<p>Por mais dif\u00edcil que seja, tamb\u00e9m vale a pena fazer um esfor\u00e7o para praticar atividades f\u00edsicas (conhe\u00e7a tudo o que um bom exerc\u00edcio pode fazer por voc\u00ea). Isso fornece um g\u00e1s extra na recupera\u00e7\u00e3o. Os exerc\u00edcios potencializam a resposta ao medicamento, pois elevam a concentra\u00e7\u00e3o de serotonina no c\u00e9rebro.<\/p>\n<p><strong>Sua fam\u00edlia j\u00e1 viveu algum caso de depress\u00e3o?<\/strong><br \/>\nIsso acaba provocando a desist\u00eancia de muitos pacientes logo no in\u00edcio do tratamento. Ao contr\u00e1rio do que muita gente pensa esses medicamentos n\u00e3o viciam. Muitos pacientes tomam antidepressivos por meses ou anos e depois deixam de utiliz\u00e1-los sem problemas , explica a neurologista. Mas s\u00f3 um m\u00e9dico \u00e9 capaz de definir o momento certo para encerrar o tratamento.<\/p>\n<p>O acompanhamento m\u00e9dico tamb\u00e9m \u00e9 fundamental para controlar os efeitos colaterais desse tipo de rem\u00e9dio. Altera\u00e7\u00f5es no apetite sexual e no peso (conhe\u00e7a o ranking dos exerc\u00edcios que mais queimas calorias) s\u00e3o os mais comuns. O ideal \u00e9 discutir os efeitos do rem\u00e9dio com o m\u00e9dico, para o tratamento ser adaptado at\u00e9 encontrar o produto ideal para o paciente.<\/p>\n<p>Por mais dif\u00edcil que seja, tamb\u00e9m vale a pena fazer um esfor\u00e7o para praticar atividades f\u00edsicas (conhe\u00e7a tudo o que um bom exerc\u00edcio pode fazer por voc\u00ea). Isso fornece um g\u00e1s extra na recupera\u00e7\u00e3o. Os exerc\u00edcios potencializam a resposta ao medicamento, pois elevam a concentra\u00e7\u00e3o de serotonina no c\u00e9rebro.<\/p>\n<div><em>Foto: Stockbyte\/ Getty Images<\/em><\/div>\n<div><span style=\"color: #0000ff;\"><strong>Veja mais:<\/strong><\/span><\/div>\n<div><span style=\"color: #0000ff;\"><a href=\"http:\/\/publicador.itodas.com.br\/portal\/materia.itd.aspx?cod=3654&amp;canal=12\"><span style=\"color: #0000ff;\">&gt;&gt; Nova alternativa para curar doen\u00e7as da vida moderna<\/span><\/a><\/span><\/div>\n<div><span style=\"color: #0000ff;\"><a href=\"http:\/\/publicador.itodas.com.br\/portal\/materia.itd.aspx?cod=5790&amp;canal=12\">&gt;&gt; Depress\u00e3o \u00e9 transmitida de pais para filhos<\/a><\/span><\/div>\n<div><span style=\"color: #0000ff;\"><a href=\"http:\/\/publicador.itodas.com.br\/portal\/materia.itd.aspx?cod=5492&amp;canal=12\"><span style=\"color: #0000ff;\">&gt;&gt; Sa\u00fade dos que se doam \u00e9 melhor<\/span><\/a><\/span><\/div>\n<div style=\"text-align: center;\">[<a href=\"javascript:history.go(-1)\">Voltar<\/a>]<\/div>\n<\/div>\n","protected":false},"excerpt":{"rendered":"<p>As mulheres t\u00eam o dobro de chance de vir a desenvolver o dist\u00farbio em raz\u00e3o da instabilidade hormonal a que est\u00e3o sujeitas e s\u00e3o respons\u00e1veis pelo consumo de 70% dos antidepressivos.<\/p>\n","protected":false},"author":1,"featured_media":0,"comment_status":"open","ping_status":"open","sticky":false,"template":"","format":"standard","meta":{"footnotes":""},"categories":[18],"tags":[],"class_list":["post-194","post","type-post","status-publish","format-standard","hentry","category-ginecologia"],"_links":{"self":[{"href":"https:\/\/antonini.psc.br\/index.php?rest_route=\/wp\/v2\/posts\/194","targetHints":{"allow":["GET"]}}],"collection":[{"href":"https:\/\/antonini.psc.br\/index.php?rest_route=\/wp\/v2\/posts"}],"about":[{"href":"https:\/\/antonini.psc.br\/index.php?rest_route=\/wp\/v2\/types\/post"}],"author":[{"embeddable":true,"href":"https:\/\/antonini.psc.br\/index.php?rest_route=\/wp\/v2\/users\/1"}],"replies":[{"embeddable":true,"href":"https:\/\/antonini.psc.br\/index.php?rest_route=%2Fwp%2Fv2%2Fcomments&post=194"}],"version-history":[{"count":1,"href":"https:\/\/antonini.psc.br\/index.php?rest_route=\/wp\/v2\/posts\/194\/revisions"}],"predecessor-version":[{"id":28163,"href":"https:\/\/antonini.psc.br\/index.php?rest_route=\/wp\/v2\/posts\/194\/revisions\/28163"}],"wp:attachment":[{"href":"https:\/\/antonini.psc.br\/index.php?rest_route=%2Fwp%2Fv2%2Fmedia&parent=194"}],"wp:term":[{"taxonomy":"category","embeddable":true,"href":"https:\/\/antonini.psc.br\/index.php?rest_route=%2Fwp%2Fv2%2Fcategories&post=194"},{"taxonomy":"post_tag","embeddable":true,"href":"https:\/\/antonini.psc.br\/index.php?rest_route=%2Fwp%2Fv2%2Ftags&post=194"}],"curies":[{"name":"wp","href":"https:\/\/api.w.org\/{rel}","templated":true}]}}