{"id":19443,"date":"2013-10-12T19:52:24","date_gmt":"2013-10-12T19:52:24","guid":{"rendered":"http:\/\/antonini.med.br\/blog\/?p=19443"},"modified":"2022-02-15T02:40:47","modified_gmt":"2022-02-15T02:40:47","slug":"para-o-mundo-sempre-terei-18-16-anos-diz-christiane-f","status":"publish","type":"post","link":"https:\/\/antonini.psc.br\/?p=19443","title":{"rendered":"&#8220;Para o mundo, sempre terei 18, 16 anos&#8221;, diz Christiane F."},"content":{"rendered":"<p style=\"text-align: justify;\"><img decoding=\"async\" style=\"margin: 0px 20px 20px 0px; float: left; cursor: pointer;\" title=\"Clique para ampliar\" onclick=\"window.open('http:\/\/antonini.med.br\/blog\/wp-content\/uploads\/2013\/10\/cristiane_f-atual.jpg', 'pop', 'toolbar=0, location=0, directories=0, status=0, menubar=0, scrollbars=0, copyhistory=0, resizable=1, width=822, height=524, left=0, top=0'); if((navigator.appName=='Microsoft Internet Explorer' &amp;&amp; navigator.appVersion.substring(0,3)=='4.0')==false) pop.focus();\" alt=\"Clique para ampliar\" src=\"http:\/\/antonini.med.br\/blog\/wp-content\/uploads\/2013\/10\/cristiane_f-atual.jpg\" width=\"300\" \/>Tr\u00eas d\u00e9cadas ap\u00f3s seu best-seller &#8220;Eu, Christiane F., 13 anos, Drogada, Prostitu\u00edda&#8221;, Christiane Felscherinow apresentou nesta sexta-feira (11), em Frankfurt, sua segunda autobiografia, revelando os anos que se seguiram \u00e0 vida errante na Berlim dos anos 1970.<\/p>\n<p style=\"text-align: justify;\">&#8220;Sempre me remetem a Christiane F.. Para todo o mundo, eu continuo com 18, ou 16 anos. E \u00e9 muito dif\u00edcil, para mim, dizer: &#8216;eu posso dirigir um carr\u00e3o, eu posso fazer isso'&#8221;, disse ela em uma entrevista coletiva na Feira do Livro em Frankfurt, o mais importante evento mundial do mercado editorial.<\/p>\n<p style=\"text-align: justify;\">&#8220;Eu sou sempre uma garota de 15 anos. \u00c9 por isso que esse livro \u00e9 necess\u00e1rio para mim&#8221;, explicou.<\/p>\n<p style=\"text-align: justify;\">Christiane, hoje com 51, apresentou &#8220;Eu, Christiane F., a vida apesar de tudo&#8221; (em tradu\u00e7\u00e3o livre), sua nova autobiografia escrita em colabora\u00e7\u00e3o com a jornalista alem\u00e3 Sonia Vukovic, em que conta sua vida adulta, entre drogas, tentativas de desintoxica\u00e7\u00e3o, aventuras com estrelas e at\u00e9 uma passagem pela pris\u00e3o.<\/p>\n<p style=\"text-align: justify;\">Essa segunda obra aparece 35 anos depois do depoimento da adolescente alem\u00e3 que se prostitu\u00eda para garantir sua dose de hero\u00edna. Virou livro, vendeu milh\u00f5es de exemplares, chegou \u00e0s telas do cinema, ganhou o mundo. E chocou a Alemanha, ao mostrar o retrato de uma juventude \u00e0 deriva no submundo da ent\u00e3o Berlim Ocidental.<\/p>\n<p style=\"text-align: justify;\">&#8220;N\u00f3s n\u00e3o douramos a p\u00edlula em nada&#8221;, garantiu Sonia Vukovic, nesta sexta-feira, sobre o novo livro. &#8220;Afirmamos de maneira bem clara que Christiane n\u00e3o se sente bem fisicamente&#8221;, completou.<\/p>\n<p style=\"text-align: justify;\">No livro, ela tamb\u00e9m fala do nascimento de seu filho, Philipp, em 1996, e de seus esfor\u00e7os para ser uma boa m\u00e3e. Em 2008, por\u00e9m, ela decide partir para Amsterd\u00e3, e as autoridades retiram-lhe a guarda do filho, que \u00e9 entregue a uma fam\u00edlia de acolhimento.<\/p>\n<p style=\"text-align: justify;\">&#8220;A fam\u00edlia \u00e9 muito gentil. (&#8230;) Meu filho vai entrar no col\u00e9gio, e eu me pergunto se \u00e9 razo\u00e1vel, hoje, dizer de maneira ego\u00edsta: &#8216;agora, eu posso t\u00ea-lo novamente, quero que ele volte imediatamente para casa&#8221;, acrescenta.<\/p>\n<p style=\"text-align: justify;\">&#8220;N\u00f3s nos vemos nos finais de semana e durante as f\u00e9rias. Sempre foi assim. (&#8230;) \u00c9 melhor que ele termine o col\u00e9gio. A evolu\u00e7\u00e3o atual me agrada, e eu estou orgulhosa&#8221;, afirmou.<\/p>\n<p>&nbsp;<\/p>\n<p style=\"text-align: center;\">[<a href=\"javascript:history.go(-1)\">Voltar<\/a>]<\/p>\n","protected":false},"excerpt":{"rendered":"<p>Tr\u00eas d\u00e9cadas ap\u00f3s seu best-seller &#8220;Eu, Christiane F., 13 anos, Drogada, Prostitu\u00edda&#8221;, Christiane Felscherinow apresentou nesta sexta-feira (11), em Frankfurt, sua segunda autobiografia, revelando os anos que se seguiram \u00e0 vida errante na Berlim dos anos 1970. &#8220;Sempre me remetem a Christiane F.. Para todo o mundo, eu continuo com 18, ou 16 anos. E [&hellip;]<\/p>\n","protected":false},"author":1,"featured_media":0,"comment_status":"open","ping_status":"open","sticky":false,"template":"","format":"standard","meta":{"footnotes":""},"categories":[27],"tags":[],"class_list":["post-19443","post","type-post","status-publish","format-standard","hentry","category-noticias"],"_links":{"self":[{"href":"https:\/\/antonini.psc.br\/index.php?rest_route=\/wp\/v2\/posts\/19443","targetHints":{"allow":["GET"]}}],"collection":[{"href":"https:\/\/antonini.psc.br\/index.php?rest_route=\/wp\/v2\/posts"}],"about":[{"href":"https:\/\/antonini.psc.br\/index.php?rest_route=\/wp\/v2\/types\/post"}],"author":[{"embeddable":true,"href":"https:\/\/antonini.psc.br\/index.php?rest_route=\/wp\/v2\/users\/1"}],"replies":[{"embeddable":true,"href":"https:\/\/antonini.psc.br\/index.php?rest_route=%2Fwp%2Fv2%2Fcomments&post=19443"}],"version-history":[{"count":1,"href":"https:\/\/antonini.psc.br\/index.php?rest_route=\/wp\/v2\/posts\/19443\/revisions"}],"predecessor-version":[{"id":30074,"href":"https:\/\/antonini.psc.br\/index.php?rest_route=\/wp\/v2\/posts\/19443\/revisions\/30074"}],"wp:attachment":[{"href":"https:\/\/antonini.psc.br\/index.php?rest_route=%2Fwp%2Fv2%2Fmedia&parent=19443"}],"wp:term":[{"taxonomy":"category","embeddable":true,"href":"https:\/\/antonini.psc.br\/index.php?rest_route=%2Fwp%2Fv2%2Fcategories&post=19443"},{"taxonomy":"post_tag","embeddable":true,"href":"https:\/\/antonini.psc.br\/index.php?rest_route=%2Fwp%2Fv2%2Ftags&post=19443"}],"curies":[{"name":"wp","href":"https:\/\/api.w.org\/{rel}","templated":true}]}}