{"id":19469,"date":"2013-10-15T14:38:56","date_gmt":"2013-10-15T14:38:56","guid":{"rendered":"http:\/\/antonini.med.br\/blog\/?p=19469"},"modified":"2022-02-15T02:40:47","modified_gmt":"2022-02-15T02:40:47","slug":"condenados-renovam-pressao-sobre-stf-2","status":"publish","type":"post","link":"https:\/\/antonini.psc.br\/?p=19469","title":{"rendered":"Condenados renovam press\u00e3o sobre STF"},"content":{"rendered":"<p style=\"text-align: justify;\"><b>SEVERINO MOTTA<\/b><br \/>\nDE BRAS\u00cdLIA<\/p>\n<p style=\"text-align: justify;\">Advogados que defendem os condenados no julgamento do mensal\u00e3o est\u00e3o buscando argumentos para tentar convencer o Supremo Tribunal Federal a aceitar examinar os recursos que pedem a realiza\u00e7\u00e3o de um novo julgamento para 12 dos 25 condenados no processo, entre eles o ex-ministro Jos\u00e9 Dirceu.<\/p>\n<p style=\"text-align: justify;\">Nos memoriais que ser\u00e3o apresentados at\u00e9 ter\u00e7a-feira haver\u00e1 compara\u00e7\u00f5es com leis da \u00e9poca da ditadura militar, pareceres de professores e uma especial \u00eanfase no voto do ministro mais antigo na atual composi\u00e7\u00e3o do tribunal, Celso de Mello, que se mostrou favor\u00e1vel \u00e0 validade desse recurso recentemente.<\/p>\n<ul style=\"text-align: justify;\">\n<li><a href=\"http:\/\/www1.folha.uol.com.br\/poder\/2013\/09\/1337407-stf-adia-analise-de-recurso-que-pode-levar-a-novo-julgamento-para-12-reus.shtml\" target=\"_blank\" rel=\"noopener\">STF adia an\u00e1lise de recurso que pode levar a novo julgamento para 12 condenados<\/a><\/li>\n<li><a href=\"http:\/\/www1.folha.uol.com.br\/poder\/2013\/09\/1337262-genoino-pede-aposentadoria-por-invalidez-na-camara-dos-deputados.shtml\" target=\"_blank\" rel=\"noopener\">Genoino pede aposentadoria por invalidez na C\u00e2mara dos Deputados<\/a><\/li>\n<\/ul>\n<p style=\"text-align: justify;\">O STF deve decidir quarta-feira se \u00e9 cab\u00edvel esse \u00faltimo lote de recursos dos r\u00e9us, chamados de embargos infringentes, que pedem novo julgamento para condena\u00e7\u00f5es ocorridas com placar apertado, com pelo menos quatro votos pela absolvi\u00e7\u00e3o. Caso o tribunal considere incab\u00edvel esse tipo de recurso, a Procuradoria-Geral da Rep\u00fablica afirma que pedir\u00e1 a pris\u00e3o imediata dos condenados a regime fechado de pris\u00e3o.<\/p>\n<p style=\"text-align: justify;\">Na busca por argumentos favor\u00e1veis, a defesa do publicit\u00e1rio Ramon Hollerbach, ex-s\u00f3cio do empres\u00e1rio Marcos Val\u00e9rio Fernandes de Souza, o operador do mensal\u00e3o, estuda resgatar at\u00e9 mesmo uma entrevista do criminalista Heleno Fragoso (1926-1985) \u00e0 revista &#8220;Veja&#8221; de dezembro de 1980, cuja capa trazia reportagem sobre a morte do Beatle John Lennon.<\/p>\n<p style=\"text-align: justify;\">Nela, Fragoso, que ganhou notoriedade defendendo presos pol\u00edticos na ditadura, diz que decis\u00f5es apertadas em tribunais s\u00f3 exprimem d\u00favidas. &#8220;N\u00e3o \u00e9 poss\u00edvel mandar algu\u00e9m para a cadeia sem a possibilidade de reavaliar a situa\u00e7\u00e3o ap\u00f3s um placar de 6 a 4&#8221;, diz o advogado de Hollerbach, Hermes Guerrero.<\/p>\n<p style=\"text-align: justify;\">Advogados ouvidos pela <b>Folha<\/b> disseram que um dos pontos principais que tratar\u00e3o nos memoriais diz respeito ao voto de Celso de Mello, que no ano passado defendeu a viabilidade dos embargos infringentes no mensal\u00e3o.<\/p>\n<p style=\"text-align: justify;\">Com isso, as defesas tentar\u00e3o impedir que Mello mude sua posi\u00e7\u00e3o sobre os recursos. Nos bastidores circula a informa\u00e7\u00e3o de que ele estaria reavaliando o voto dado na primeira fase do julgamento.<\/p>\n<p style=\"text-align: justify;\">Entre os novos argumentos, um dos advogados dos r\u00e9us planeja dizer que at\u00e9 o C\u00f3digo de Processo Penal Militar, produzido no auge da ditadura militar, prev\u00ea embargos infringentes. Por esse motivo, n\u00e3o seria poss\u00edvel que na democracia as garantias dos r\u00e9us fossem menores que as do per\u00edodo autorit\u00e1rio.<\/p>\n<p style=\"text-align: justify;\">Outros juristas que ganhar\u00e3o destaque nos memorais s\u00e3o o ex-presidente do STF Carlos Velloso e o professor Tourinho Filho, que manifestaram-se a favor da aceita\u00e7\u00e3o dos embargos infringentes.<\/p>\n<p style=\"text-align: justify;\">Previstos no regimento interno do STF, esses recursos n\u00e3o constam de uma lei de 1990 que regulou os processos no Supremo e no STJ (Superior Tribunal de Justi\u00e7a). \u00c9 por isso que os ministros ter\u00e3o de avaliar se s\u00e3o ou n\u00e3o cab\u00edveis no julgamento do mensal\u00e3o.<\/p>\n<p style=\"text-align: center;\">[<a href=\"javascript:history.go(-1)\">Voltar<\/a>]<\/p>\n","protected":false},"excerpt":{"rendered":"<p>SEVERINO MOTTA DE BRAS\u00cdLIA Advogados que defendem os condenados no julgamento do mensal\u00e3o est\u00e3o buscando argumentos para tentar convencer o Supremo Tribunal Federal a aceitar examinar os recursos que pedem a realiza\u00e7\u00e3o de um novo julgamento para 12 dos 25 condenados no processo, entre eles o ex-ministro Jos\u00e9 Dirceu. Nos memoriais que ser\u00e3o apresentados at\u00e9 [&hellip;]<\/p>\n","protected":false},"author":1,"featured_media":0,"comment_status":"open","ping_status":"open","sticky":false,"template":"","format":"standard","meta":{"footnotes":""},"categories":[27],"tags":[],"class_list":["post-19469","post","type-post","status-publish","format-standard","hentry","category-noticias"],"_links":{"self":[{"href":"https:\/\/antonini.psc.br\/index.php?rest_route=\/wp\/v2\/posts\/19469","targetHints":{"allow":["GET"]}}],"collection":[{"href":"https:\/\/antonini.psc.br\/index.php?rest_route=\/wp\/v2\/posts"}],"about":[{"href":"https:\/\/antonini.psc.br\/index.php?rest_route=\/wp\/v2\/types\/post"}],"author":[{"embeddable":true,"href":"https:\/\/antonini.psc.br\/index.php?rest_route=\/wp\/v2\/users\/1"}],"replies":[{"embeddable":true,"href":"https:\/\/antonini.psc.br\/index.php?rest_route=%2Fwp%2Fv2%2Fcomments&post=19469"}],"version-history":[{"count":1,"href":"https:\/\/antonini.psc.br\/index.php?rest_route=\/wp\/v2\/posts\/19469\/revisions"}],"predecessor-version":[{"id":30071,"href":"https:\/\/antonini.psc.br\/index.php?rest_route=\/wp\/v2\/posts\/19469\/revisions\/30071"}],"wp:attachment":[{"href":"https:\/\/antonini.psc.br\/index.php?rest_route=%2Fwp%2Fv2%2Fmedia&parent=19469"}],"wp:term":[{"taxonomy":"category","embeddable":true,"href":"https:\/\/antonini.psc.br\/index.php?rest_route=%2Fwp%2Fv2%2Fcategories&post=19469"},{"taxonomy":"post_tag","embeddable":true,"href":"https:\/\/antonini.psc.br\/index.php?rest_route=%2Fwp%2Fv2%2Ftags&post=19469"}],"curies":[{"name":"wp","href":"https:\/\/api.w.org\/{rel}","templated":true}]}}