{"id":19525,"date":"2013-10-15T16:36:15","date_gmt":"2013-10-15T16:36:15","guid":{"rendered":"http:\/\/antonini.med.br\/blog\/?p=19525"},"modified":"2022-02-15T02:40:13","modified_gmt":"2022-02-15T02:40:13","slug":"paciente-com-plano-de-saude-e-vip-no-hospital-das-clinicas-2","status":"publish","type":"post","link":"https:\/\/antonini.psc.br\/?p=19525","title":{"rendered":"Paciente com plano de sa\u00fade \u00e9 VIP no Hospital das Cl\u00ednicas"},"content":{"rendered":"<p style=\"text-align: justify;\">Enquanto os clientes com conv\u00eanios m\u00e9dicos s\u00e3o rapidamente atendidos, os pacientes do SUS enfrentam filas<\/p>\n<p style=\"text-align: justify;\">An\u00fancio de que hospital quadruplicar\u00e1 servi\u00e7os prestados a conv\u00eanios preocupa pessoas que n\u00e3o t\u00eam plano de sa\u00fade<\/p>\n<p style=\"text-align: justify;\">Voc\u00ea chega por uma alameda arborizada, entra em um pr\u00e9dio limpo, bem iluminado, com funcion\u00e1rias gentis em uniformes impec\u00e1veis.<\/p>\n<p style=\"text-align: justify;\">\nSentado em confort\u00e1vel cadeira anat\u00f4mica, voc\u00ea olha para a figueira secular em um jardim interno decorado em estilo oriental. Com atraso de 25 minutos, o m\u00e9dico, um professor da prestigiosa Faculdade de Medicina da Universidade de S\u00e3o Paulo, chama-o para a consulta.<\/p>\n<p style=\"text-align: justify;\">N\u00e3o, n\u00e3o se trata do hospital S\u00edrio-Liban\u00eas, do Albert Einstein ou cong\u00eanere. O hospital top de linha descrito \u00e9 o s\u00edmbolo da medicina p\u00fablica paulista, o Hospital das Cl\u00ednicas, na zona oeste de SP.<\/p>\n<p style=\"text-align: justify;\">Esse peda\u00e7o do HC, na rua Doutor Ovidio Pires de Campos, atende a doentes com planos de sa\u00fade. Na fachada do pr\u00e9dio, l\u00ea-se: &#8220;Central de Conv\u00eanios&#8221;. Ali n\u00e3o \u00e9 lugar para gratuidades.<\/p>\n<p style=\"text-align: justify;\">Na porta do Instituto de Ortopedia e Traumatologia, que fica na mesma rua da Central de Conv\u00eanios, acontece o seguinte di\u00e1logo:<\/p>\n<p style=\"text-align: justify;\">&#8220;Eu gostaria de passar por uma consulta. Dor na coluna.&#8221;<\/p>\n<p style=\"text-align: justify;\">A mo\u00e7a na portaria indaga: &#8220;Onde a senhora mora?&#8221;.<br \/>\n&#8220;Pinheiros.&#8221;<\/p>\n<p style=\"text-align: justify;\">&#8220;Tem encaminhamento? Passou pela UBS [posto de sa\u00fade] antes? N\u00e3o?<\/p>\n<p style=\"text-align: justify;\">Ent\u00e3o n\u00e3o tem jeito. Sem encaminhamento, n\u00e3o tem como ser atendido.&#8221;<\/p>\n<p style=\"text-align: justify;\">&#8220;Mas n\u00e3o tem atendimento para plano de sa\u00fade?&#8221;<\/p>\n<p style=\"text-align: justify;\">&#8220;A senhora tem plano? Por que n\u00e3o disse antes? \u00c9 s\u00f3 subir ao primeiro andar.&#8221;<\/p>\n<p style=\"text-align: justify;\">Dez minutos depois, a paciente sai do pr\u00e9dio com a consulta marcada para o dia 1\u00ba de junho, \u00e0s 14h30, em um ambulat\u00f3rio que serve exclusivamente aos conv\u00eanios.<\/p>\n<p style=\"text-align: justify;\">No setor destinado ao SUS (t\u00e9rreo do mesmo pr\u00e9dio), lotado na quinta-feira, a paciente I., desempregada, 60 anos, portadora de m\u00faltiplos tumores \u00f3sseos, \u00e9 uma entre mais de cem pessoas a esperar sua consulta. I. conta que j\u00e1 teve de aguardar um ano por uma resson\u00e2ncia magn\u00e9tica. Resultado do exame nas m\u00e3os, esperou mais seis meses pela consulta.<\/p>\n<p style=\"text-align: justify;\">No setor de conv\u00eanios, tudo voa. A paciente pergunta ao atendente quanto tempo teria de esperar entre uma indica\u00e7\u00e3o de cirurgia e a opera\u00e7\u00e3o propriamente dita. Resposta: &#8220;No m\u00e1ximo, 15 dias.&#8221;<\/p>\n<p style=\"text-align: justify;\">Os pacientes SUS est\u00e3o apreensivos com o an\u00fancio feito pelo superintendente do HC, Marcos Fumio Koyama, de que quadruplicar\u00e1 nos pr\u00f3ximos quatro anos o n\u00famero de servi\u00e7os prestados a conv\u00eanios. Hoje, 3% dos atendimentos s\u00e3o vendidos aos planos. A previs\u00e3o \u00e9 atingir 12%.<\/p>\n<p style=\"text-align: justify;\">Para a enfermeira aposentada M., 60, com diverticulite (inflama\u00e7\u00e3o na al\u00e7a do intestino), &#8220;os planos de sa\u00fade j\u00e1 disp\u00f5em de mordomias demais no HC. N\u00e3o \u00e9 justo pacientes que s\u00f3 contam com o SUS terem de esperar enquanto doentes com conv\u00eanios, com todas as op\u00e7\u00f5es que t\u00eam, passam na frente&#8221;.<\/p>\n<p style=\"text-align: justify;\">A Folha testou, na \u00faltima ter\u00e7a-feira, os prazos para marca\u00e7\u00e3o de consultas no setor de conv\u00eanios.<\/p>\n<p style=\"text-align: justify;\">Dor no joelho? Consulta dali a tr\u00eas dias. Ansiedade? Consulta com psiquiatra geral seis dias depois. Uma tomografia de t\u00f3rax? O Instituto de Radiologia providencia em tr\u00eas dias.<\/p>\n<p style=\"text-align: justify;\">LAURA CAPRIGLIONE<br \/>\nDE S\u00c3O PAULO<\/p>\n<p style=\"text-align: justify;\">LUCCA ROSSI<br \/>\nCOLABORA\u00c7\u00c3O PARA A FOLHA<br \/>\n<a href=\"http:\/\/www1.folha.uol.com.br\/fsp\/cotidian\/ff0705201106.htm\" target=\"_blank\" rel=\"noopener\">http:\/\/www1.folha.uol.com.br\/fsp\/cotidian\/ff0705201106.htm<\/a><\/p>\n<p style=\"text-align: center;\">[<a href=\"javascript:history.go(-1)\">Voltar<\/a>]<\/p>\n","protected":false},"excerpt":{"rendered":"<p>Enquanto os clientes com conv\u00eanios m\u00e9dicos s\u00e3o rapidamente atendidos, os pacientes do SUS enfrentam filas An\u00fancio de que hospital quadruplicar\u00e1 servi\u00e7os prestados a conv\u00eanios preocupa pessoas que n\u00e3o t\u00eam plano de sa\u00fade Voc\u00ea chega por uma alameda arborizada, entra em um pr\u00e9dio limpo, bem iluminado, com funcion\u00e1rias gentis em uniformes impec\u00e1veis. Sentado em confort\u00e1vel cadeira [&hellip;]<\/p>\n","protected":false},"author":1,"featured_media":0,"comment_status":"open","ping_status":"open","sticky":false,"template":"","format":"standard","meta":{"footnotes":""},"categories":[27],"tags":[],"class_list":["post-19525","post","type-post","status-publish","format-standard","hentry","category-noticias"],"_links":{"self":[{"href":"https:\/\/antonini.psc.br\/index.php?rest_route=\/wp\/v2\/posts\/19525","targetHints":{"allow":["GET"]}}],"collection":[{"href":"https:\/\/antonini.psc.br\/index.php?rest_route=\/wp\/v2\/posts"}],"about":[{"href":"https:\/\/antonini.psc.br\/index.php?rest_route=\/wp\/v2\/types\/post"}],"author":[{"embeddable":true,"href":"https:\/\/antonini.psc.br\/index.php?rest_route=\/wp\/v2\/users\/1"}],"replies":[{"embeddable":true,"href":"https:\/\/antonini.psc.br\/index.php?rest_route=%2Fwp%2Fv2%2Fcomments&post=19525"}],"version-history":[{"count":1,"href":"https:\/\/antonini.psc.br\/index.php?rest_route=\/wp\/v2\/posts\/19525\/revisions"}],"predecessor-version":[{"id":30066,"href":"https:\/\/antonini.psc.br\/index.php?rest_route=\/wp\/v2\/posts\/19525\/revisions\/30066"}],"wp:attachment":[{"href":"https:\/\/antonini.psc.br\/index.php?rest_route=%2Fwp%2Fv2%2Fmedia&parent=19525"}],"wp:term":[{"taxonomy":"category","embeddable":true,"href":"https:\/\/antonini.psc.br\/index.php?rest_route=%2Fwp%2Fv2%2Fcategories&post=19525"},{"taxonomy":"post_tag","embeddable":true,"href":"https:\/\/antonini.psc.br\/index.php?rest_route=%2Fwp%2Fv2%2Ftags&post=19525"}],"curies":[{"name":"wp","href":"https:\/\/api.w.org\/{rel}","templated":true}]}}