{"id":19659,"date":"2013-10-15T22:56:21","date_gmt":"2013-10-15T22:56:21","guid":{"rendered":"http:\/\/antonini.med.br\/blog\/?p=19659"},"modified":"2022-02-15T02:40:12","modified_gmt":"2022-02-15T02:40:12","slug":"governo-quer-dobrar-numero-de-municipios-com-curso-de-medicina","status":"publish","type":"post","link":"https:\/\/antonini.psc.br\/?p=19659","title":{"rendered":"Governo quer dobrar n\u00famero de munic\u00edpios com curso de medicina"},"content":{"rendered":"<p style=\"text-align: justify;\">A pol\u00edtica de expans\u00e3o do n\u00famero de vagas de medicina no pa\u00eds vai dobrar o n\u00famero de munic\u00edpios que hoje abrigam a gradua\u00e7\u00e3o.<\/p>\n<p style=\"text-align: justify;\">Segundo o ministro Aloizio Mercadante (Educa\u00e7\u00e3o), hoje todos os cursos de medicina no Brasil est\u00e3o concentrados em 57 cidades. A inten\u00e7\u00e3o \u00e9 que novos cursos sejam abertos em 60 novos munic\u00edpios, chegando a um total de 117 at\u00e9 2017.<\/p>\n<p style=\"text-align: justify;\">&#8220;O nosso modelo de expans\u00e3o s\u00e3o faculdades com poucos m\u00e9dicos. Somos o segundo pa\u00eds com maior n\u00famero de faculdades, mas quando olhamos o n\u00famero de matr\u00edculas e concluintes, \u00e9 muito aqu\u00e9m do que a popula\u00e7\u00e3o brasileira precisa hoje e precisar\u00e1 no futuro&#8221;, disse Mercadante em cerim\u00f4nia no Pal\u00e1cio do Planalto.<\/p>\n<p style=\"text-align: justify;\">O governo anuncia na tarde desta segunda-feira (8) uma s\u00e9rie de medidas para a \u00e1rea de sa\u00fade, como as regras para &#8220;importa\u00e7\u00e3o&#8221; de m\u00e9dicos estrangeiros e amplia\u00e7\u00e3o da gradua\u00e7\u00e3o de medicina. Segundo o ministro, hoje o Brasil tem uma propor\u00e7\u00e3o de 0,84 ingressantes para cada 10 mil habitantes, &#8220;patamar muito pequeno&#8221; para a necessidade nacional, argumentou.<\/p>\n<p style=\"text-align: justify;\"><b>CONCURSO<\/b><\/p>\n<p style=\"text-align: justify;\">O ministro afirmou que como parte das novas vagas, estimadas em cerca de 12 mil, estar\u00e3o nas federais, haver\u00e1 concurso para contrata\u00e7\u00e3o de 3.154 novos professores e 1.881 t\u00e9cnicos administrativos.<\/p>\n<p style=\"text-align: justify;\">A maior parte das novas vagas estar\u00e1 nas regi\u00f5es nordeste e sudeste e ser\u00e3o abertas a partir de uma nova l\u00f3gica: o governo vai passar a indicar onde elas ser\u00e3o criadas. Assim, crit\u00e9rios como relev\u00e2ncia do curso para a popula\u00e7\u00e3o e necessidades do SUS (Sistema \u00danico de Sa\u00fade) ser\u00e3o considerados.(FL\u00c1VIA FOREQUE, JOHANNA NUBLAT, TAI NALON E BRENO COSTA)<\/p>\n<p><a href=\"http:\/\/www1.folha.uol.com.br\/cotidiano\/2013\/07\/1308043-governo-quer-dobrar-numero-de-municipios-com-curso-de-medicina.shtml\" target=\"_blank\" rel=\"noopener\">http:\/\/www1.folha.uol.com.br\/cotidiano\/2013\/07\/1308043-governo-quer-dobrar-numero-de-municipios-com-curso-de-medicina.shtml<\/a><\/p>\n<p style=\"text-align: center;\">[<a href=\"javascript:history.go(-1)\">Voltar<\/a>]<\/p>\n","protected":false},"excerpt":{"rendered":"<p>A pol\u00edtica de expans\u00e3o do n\u00famero de vagas de medicina no pa\u00eds vai dobrar o n\u00famero de munic\u00edpios que hoje abrigam a gradua\u00e7\u00e3o. Segundo o ministro Aloizio Mercadante (Educa\u00e7\u00e3o), hoje todos os cursos de medicina no Brasil est\u00e3o concentrados em 57 cidades. A inten\u00e7\u00e3o \u00e9 que novos cursos sejam abertos em 60 novos munic\u00edpios, chegando [&hellip;]<\/p>\n","protected":false},"author":1,"featured_media":0,"comment_status":"open","ping_status":"open","sticky":false,"template":"","format":"standard","meta":{"footnotes":""},"categories":[27],"tags":[],"class_list":["post-19659","post","type-post","status-publish","format-standard","hentry","category-noticias"],"_links":{"self":[{"href":"https:\/\/antonini.psc.br\/index.php?rest_route=\/wp\/v2\/posts\/19659","targetHints":{"allow":["GET"]}}],"collection":[{"href":"https:\/\/antonini.psc.br\/index.php?rest_route=\/wp\/v2\/posts"}],"about":[{"href":"https:\/\/antonini.psc.br\/index.php?rest_route=\/wp\/v2\/types\/post"}],"author":[{"embeddable":true,"href":"https:\/\/antonini.psc.br\/index.php?rest_route=\/wp\/v2\/users\/1"}],"replies":[{"embeddable":true,"href":"https:\/\/antonini.psc.br\/index.php?rest_route=%2Fwp%2Fv2%2Fcomments&post=19659"}],"version-history":[{"count":1,"href":"https:\/\/antonini.psc.br\/index.php?rest_route=\/wp\/v2\/posts\/19659\/revisions"}],"predecessor-version":[{"id":30045,"href":"https:\/\/antonini.psc.br\/index.php?rest_route=\/wp\/v2\/posts\/19659\/revisions\/30045"}],"wp:attachment":[{"href":"https:\/\/antonini.psc.br\/index.php?rest_route=%2Fwp%2Fv2%2Fmedia&parent=19659"}],"wp:term":[{"taxonomy":"category","embeddable":true,"href":"https:\/\/antonini.psc.br\/index.php?rest_route=%2Fwp%2Fv2%2Fcategories&post=19659"},{"taxonomy":"post_tag","embeddable":true,"href":"https:\/\/antonini.psc.br\/index.php?rest_route=%2Fwp%2Fv2%2Ftags&post=19659"}],"curies":[{"name":"wp","href":"https:\/\/api.w.org\/{rel}","templated":true}]}}