{"id":19672,"date":"2013-10-15T23:07:06","date_gmt":"2013-10-15T23:07:06","guid":{"rendered":"http:\/\/antonini.med.br\/blog\/?p=19672"},"modified":"2022-02-15T02:40:12","modified_gmt":"2022-02-15T02:40:12","slug":"o-silencio-dos-culpados-e-o-barulho-dos-inocentes","status":"publish","type":"post","link":"https:\/\/antonini.psc.br\/?p=19672","title":{"rendered":"O sil\u00eancio dos culpados e o barulho dos inocentes"},"content":{"rendered":"<p style=\"text-align: justify;\">Na edi\u00e7\u00e3o deste s\u00e1bado, dia 15, da folha de s\u00e3o paulo, o comandante-geral da pol\u00edcia militar, coronel benedito roberto meira disse que os rep\u00f3rteres deveriam saber se posicionar na cobertura de confrontos.<\/p>\n<p style=\"text-align: justify;\">Disse ele que, se n\u00e3o quiserem se machucar, ficassem atr\u00e1s da linha dos policiais.<br \/>\npura verdade.<\/p>\n<p style=\"text-align: justify;\">Em dire\u00e7\u00e3o aos policiais, as armas eram os gritos de \u201cfora a repress\u00e3o\u201d, \u201csem viol\u00eancia\u201d, \u201cabaixo a tarifa\u201d e outras palavras de ordem que poderiam machucar somente ouvidinhos muito sens\u00edveis, n\u00e3o os de profissionais t\u00e3o acostumados aos estampidos de tiros e bombas.<br \/>\nna linha de frente dos manifestantes, ningu\u00e9m com pau, pedras ou qualquer outro instrumento de guerra, como demonstram as centenas de fotos espalhadas pela web, jornais e revistas.<\/p>\n<p style=\"text-align: justify;\">Tiros de borracha podem matar. e se n\u00e3o matam, podem causar s\u00e9rios danos. machucam, mutilam e se a inten\u00e7\u00e3o \u00e9 dispersar, s\u00e3o totalmente dispens\u00e1veis.<br \/>\nv\u00edtimas desses tiros, jornalistas acabaram n\u00e3o s\u00f3 por cobrir o evento, mas por abrir os olhos intactos de seus patr\u00f5es e editores.<\/p>\n<p style=\"text-align: justify;\">A partir de quinta o tom da cobertura mudou radicalmente. finalmente percebeu-se que essa movimenta\u00e7\u00e3o toda n\u00e3o trata dos R$0,20 da passagem mas \u00e9 muito mais o reflexo do descontentamento generalizado. tarifas, educa\u00e7\u00e3o, sa\u00fade, caos urbano, viol\u00eancia, infla\u00e7\u00e3o, corrup\u00e7\u00e3o, descaso.<\/p>\n<p style=\"text-align: justify;\">Prova disso, a sonora vaia que a presidente dilma levou ontem na abertura da copa das confedera\u00e7\u00f5es, em bras\u00edlia.<\/p>\n<p style=\"text-align: justify;\">Enquanto o pau comia fora do est\u00e1dio entre pol\u00edcia e manifestantes, os 70 mil pagantes mostraram todo o seu descontentamento a uma presidente que se portou como uma colegial tomando um pito do diretor da escola na frente dos pais.<\/p>\n<p style=\"text-align: justify;\">O constrangimento era vis\u00edvel e ela se limitou a recitar a frase decorada e dar como aberto o campeonato.<\/p>\n<p style=\"text-align: justify;\">As c\u00e2meras focalizavam Joseph Blatter e Dilma. Jos\u00e9 Maria Marin, desafeto da presidente, foi cortado fora.<\/p>\n<p style=\"text-align: justify;\"><strong>\u00ea, edi\u00e7\u00e3o! <\/strong><br \/>\nmas o que tem me chamado a aten\u00e7\u00e3o nos \u00faltimos dias, \u00e9 o estrondoso sil\u00eancio da classe pol\u00edtica, a verdadeira culpada por tudo isso.<\/p>\n<p style=\"text-align: justify;\">Nenhum representante do povo nas ruas, nenhum dando declara\u00e7\u00f5es, nenhum se posicionando contra ou a favor.<\/p>\n<p style=\"text-align: justify;\">Nem mesmo o arroz de festa das causas perdidas, o senador eduardo suplicy, deu as caras.<br \/>\ncertamente est\u00e3o muito ocupados nos bastidores tentando achar uma solu\u00e7\u00e3o para o impasse que as manifesta\u00e7\u00f5es t\u00eam causado ao destino de seus partidos.<\/p>\n<p style=\"text-align: justify;\">Declara\u00e7\u00f5es ou posicionamento desastrados podem melar algumas inten\u00e7\u00f5es para as elei\u00e7\u00f5es do ano que vem.<\/p>\n<p style=\"text-align: justify;\">A imobilidade do prefeito haddad, pol\u00edtico que respeita as decis\u00f5es do partido, pode ser o resultado desse imbr\u00f3glio em que o pt se meteu.<\/p>\n<p style=\"text-align: justify;\">A governador alckmin, por sua vez, tem menos a perder. endurecendo, ele pode tentar agradar a ala da chamada \u201conda conservadora\u201d, especialmente de s\u00e3o paulo.<\/p>\n<p style=\"text-align: justify;\">Dilma parece cada vez mais se isolar no poder. se isolar e ser isolada.<\/p>\n<p style=\"text-align: justify;\">As balas de borracha do fracasso nas urnas d\u00f3em para esse povo. melhor n\u00e3o botar o nariz na rua.<\/p>\n<p style=\"text-align: justify;\">N\u00e3o sou dado a teorias da conspira\u00e7\u00e3o mas n\u00e3o posso deixar de imaginar uma situa\u00e7\u00e3o de fritura da atual presidente e uma elei\u00e7\u00e3o disputada com a volta de um lula salvador da p\u00e1tria.<\/p>\n<p style=\"text-align: justify;\">N\u00e3o sei.<\/p>\n<p style=\"text-align: justify;\">Fica registrado aqui e s\u00f3 o tempo dir\u00e1.<\/p>\n<p style=\"text-align: justify;\">Blog do Orlando<\/p>\n<p><a href=\"http:\/\/blogdoorlando.blogosfera.uol.com.br\/2013\/06\/16\/o-silencio-dos-culpados-e-o-barulho-dos-inocentes\/\" target=\"_blank\" rel=\"noopener\">http:\/\/blogdoorlando.blogosfera.uol.com.br\/2013\/06\/16\/o-silencio-dos-culpados-e-o-barulho-dos-inocentes\/<\/a><\/p>\n<p style=\"text-align: center;\">[<a href=\"javascript:history.go(-1)\">Voltar<\/a>]<\/p>\n","protected":false},"excerpt":{"rendered":"<p>Na edi\u00e7\u00e3o deste s\u00e1bado, dia 15, da folha de s\u00e3o paulo, o comandante-geral da pol\u00edcia militar, coronel benedito roberto meira disse que os rep\u00f3rteres deveriam saber se posicionar na cobertura de confrontos. Disse ele que, se n\u00e3o quiserem se machucar, ficassem atr\u00e1s da linha dos policiais. pura verdade. Em dire\u00e7\u00e3o aos policiais, as armas eram [&hellip;]<\/p>\n","protected":false},"author":1,"featured_media":0,"comment_status":"open","ping_status":"open","sticky":false,"template":"","format":"standard","meta":{"footnotes":""},"categories":[27],"tags":[],"class_list":["post-19672","post","type-post","status-publish","format-standard","hentry","category-noticias"],"_links":{"self":[{"href":"https:\/\/antonini.psc.br\/index.php?rest_route=\/wp\/v2\/posts\/19672","targetHints":{"allow":["GET"]}}],"collection":[{"href":"https:\/\/antonini.psc.br\/index.php?rest_route=\/wp\/v2\/posts"}],"about":[{"href":"https:\/\/antonini.psc.br\/index.php?rest_route=\/wp\/v2\/types\/post"}],"author":[{"embeddable":true,"href":"https:\/\/antonini.psc.br\/index.php?rest_route=\/wp\/v2\/users\/1"}],"replies":[{"embeddable":true,"href":"https:\/\/antonini.psc.br\/index.php?rest_route=%2Fwp%2Fv2%2Fcomments&post=19672"}],"version-history":[{"count":1,"href":"https:\/\/antonini.psc.br\/index.php?rest_route=\/wp\/v2\/posts\/19672\/revisions"}],"predecessor-version":[{"id":30043,"href":"https:\/\/antonini.psc.br\/index.php?rest_route=\/wp\/v2\/posts\/19672\/revisions\/30043"}],"wp:attachment":[{"href":"https:\/\/antonini.psc.br\/index.php?rest_route=%2Fwp%2Fv2%2Fmedia&parent=19672"}],"wp:term":[{"taxonomy":"category","embeddable":true,"href":"https:\/\/antonini.psc.br\/index.php?rest_route=%2Fwp%2Fv2%2Fcategories&post=19672"},{"taxonomy":"post_tag","embeddable":true,"href":"https:\/\/antonini.psc.br\/index.php?rest_route=%2Fwp%2Fv2%2Ftags&post=19672"}],"curies":[{"name":"wp","href":"https:\/\/api.w.org\/{rel}","templated":true}]}}