{"id":19681,"date":"2013-10-15T23:12:57","date_gmt":"2013-10-15T23:12:57","guid":{"rendered":"http:\/\/antonini.med.br\/blog\/?p=19681"},"modified":"2022-02-15T02:40:12","modified_gmt":"2022-02-15T02:40:12","slug":"stf-declara-inconstitucional-contratacao-de-115-mil-servidores-no-acre","status":"publish","type":"post","link":"https:\/\/antonini.psc.br\/?p=19681","title":{"rendered":"STF declara inconstitucional contrata\u00e7\u00e3o de 11,5 mil servidores no Acre"},"content":{"rendered":"<p style=\"text-align: justify;\">O Supremo Tribunal Federal declarou inconstitucional o artigo 37 da Constitui\u00e7\u00e3o do Acre que permitiu a efetiva\u00e7\u00e3o de 11.554 servidores p\u00fablicos estaduais em quadros considerados tempor\u00e1rios. Este contingente n\u00e3o prestou concurso p\u00fablico, contrariando o que prev\u00ea a Constitui\u00e7\u00e3o Federal de 1988. As contrata\u00e7\u00f5es irregulares est\u00e3o identificadas at\u00e9 31 de dezembro de 1994.<\/p>\n<p style=\"text-align: justify;\">A efetiva\u00e7\u00e3o \u00e9 nula, entendeu o STF, que acolheu os argumentos de uma Adin (A\u00e7\u00e3o Direta de Inconstitucionalidade) movida pela Procuradoria-Geral da Rep\u00fablica. A PGR tamb\u00e9m questiona uma emenda \u00e0 Constitui\u00e7\u00e3o do Acre que, em 2005, &#8220;legaliza&#8221; as contrata\u00e7\u00f5es.<\/p>\n<p style=\"text-align: justify;\">O voto do relator, ministro Dias Toffoli, foi seguido pelos demais membros da corte. Os cargos est\u00e3o distribu\u00eddos em secretarias, autarquias, funda\u00e7\u00f5es p\u00fablicas, empresas de economia mista e, ainda, nos poderes Legislativo e Judici\u00e1rio.<\/p>\n<p style=\"text-align: justify;\">O governo do Acre recebeu prazo de 12 meses para a regulariza\u00e7\u00e3o dos chamados funcion\u00e1rios irregulares, do contr\u00e1rios todos os contratos devem ser cancelados. O prazo come\u00e7a a valer quando a ata sobre a sess\u00e3o de ontem for publicada.<\/p>\n<p style=\"text-align: justify;\">&#8220;Esse tempo de um ano serviria para a Administra\u00e7\u00e3o P\u00fablica do Acre realizar os necess\u00e1rios concursos p\u00fablicos, a nomea\u00e7\u00e3o e posse dos aprovados para esses cargos, a fim de evitar preju\u00edzos aos servi\u00e7os p\u00fablicos essenciais \u00e0 popula\u00e7\u00e3o&#8221;, diz um comunicado do STF.<br \/>\nOutro lado<\/p>\n<p style=\"text-align: justify;\">O procurador-geral do Estado, Rodrigo Neves, disse que as contrata\u00e7\u00f5es est\u00e3o consolidadas ao longo dos anos. &#8220;N\u00f3s temos lutado para manter esses servidores trabalhando, mas neste momento s\u00e3o saberia dizer o que vai ocorrer de fato&#8221;, informou o procurador.<\/p>\n<p style=\"text-align: justify;\">O secret\u00e1rio de Comunica\u00e7\u00e3o do Governo do Acre, Leonildo Rosas, informou que &#8220;a decis\u00e3o do STF ainda n\u00e3o foi oficializada para n\u00f3s&#8221;. Ele n\u00e3o soube informar quais orienta\u00e7\u00f5es jur\u00eddicas o governo vai seguir a partir de agora.<\/p>\n<p style=\"text-align: justify;\">O governo do Acre, segundo Neves, abriu questionamentos que possivelmente ser\u00e3o analisados pelo STF na sess\u00e3o desta quinta-feira. &#8220;Apenas o n\u00facleo da Adin movida pela Procuradoria da Rep\u00fablica foi examinada. Estamos acompanhando o caso em Bras\u00edlia e esperamos novos desdobramentos da decis\u00e3o, pelo pr\u00f3prio STF, para saber como vai ser a repercuss\u00e3o dentro do governo.&#8221;<\/p>\n<p style=\"text-align: justify;\"><a href=\"http:\/\/noticias.uol.com.br\/politica\/ultimas-noticias\/2013\/05\/16\/stf-declara-inconstitucional-contratacao-de-115-mil-servidores-no-acre.htm\" target=\"_blank\" rel=\"noopener\">http:\/\/noticias.uol.com.br\/politica\/ultimas-noticias\/2013\/05\/16\/stf-declara-inconstitucional-contratacao-de-115-mil-servidores-no-acre.htm<\/a><\/p>\n<p style=\"text-align: center;\">[<a href=\"javascript:history.go(-1)\">Voltar<\/a>]<\/p>\n","protected":false},"excerpt":{"rendered":"<p>O Supremo Tribunal Federal declarou inconstitucional o artigo 37 da Constitui\u00e7\u00e3o do Acre que permitiu a efetiva\u00e7\u00e3o de 11.554 servidores p\u00fablicos estaduais em quadros considerados tempor\u00e1rios. Este contingente n\u00e3o prestou concurso p\u00fablico, contrariando o que prev\u00ea a Constitui\u00e7\u00e3o Federal de 1988. As contrata\u00e7\u00f5es irregulares est\u00e3o identificadas at\u00e9 31 de dezembro de 1994. A efetiva\u00e7\u00e3o \u00e9 [&hellip;]<\/p>\n","protected":false},"author":1,"featured_media":0,"comment_status":"open","ping_status":"open","sticky":false,"template":"","format":"standard","meta":{"footnotes":""},"categories":[27],"tags":[],"class_list":["post-19681","post","type-post","status-publish","format-standard","hentry","category-noticias"],"_links":{"self":[{"href":"https:\/\/antonini.psc.br\/index.php?rest_route=\/wp\/v2\/posts\/19681","targetHints":{"allow":["GET"]}}],"collection":[{"href":"https:\/\/antonini.psc.br\/index.php?rest_route=\/wp\/v2\/posts"}],"about":[{"href":"https:\/\/antonini.psc.br\/index.php?rest_route=\/wp\/v2\/types\/post"}],"author":[{"embeddable":true,"href":"https:\/\/antonini.psc.br\/index.php?rest_route=\/wp\/v2\/users\/1"}],"replies":[{"embeddable":true,"href":"https:\/\/antonini.psc.br\/index.php?rest_route=%2Fwp%2Fv2%2Fcomments&post=19681"}],"version-history":[{"count":1,"href":"https:\/\/antonini.psc.br\/index.php?rest_route=\/wp\/v2\/posts\/19681\/revisions"}],"predecessor-version":[{"id":30041,"href":"https:\/\/antonini.psc.br\/index.php?rest_route=\/wp\/v2\/posts\/19681\/revisions\/30041"}],"wp:attachment":[{"href":"https:\/\/antonini.psc.br\/index.php?rest_route=%2Fwp%2Fv2%2Fmedia&parent=19681"}],"wp:term":[{"taxonomy":"category","embeddable":true,"href":"https:\/\/antonini.psc.br\/index.php?rest_route=%2Fwp%2Fv2%2Fcategories&post=19681"},{"taxonomy":"post_tag","embeddable":true,"href":"https:\/\/antonini.psc.br\/index.php?rest_route=%2Fwp%2Fv2%2Ftags&post=19681"}],"curies":[{"name":"wp","href":"https:\/\/api.w.org\/{rel}","templated":true}]}}