{"id":19762,"date":"2013-10-18T03:28:40","date_gmt":"2013-10-18T03:28:40","guid":{"rendered":"http:\/\/antonini.med.br\/blog\/?p=19762"},"modified":"2022-02-15T02:40:12","modified_gmt":"2022-02-15T02:40:12","slug":"governo-estuda-trem-bala-de-sao-paulo-a-bh-curitiba-e-brasilia","status":"publish","type":"post","link":"https:\/\/antonini.psc.br\/?p=19762","title":{"rendered":"Governo estuda trem-bala de S\u00e3o Paulo a BH, Curitiba e Bras\u00edlia"},"content":{"rendered":"<p style=\"text-align: justify;\">O governo brasileiro retomou o estudo de viabilidade para estender o trem de alta velocidade (TAV) para outras cidades do pa\u00eds al\u00e9m do trecho Rio-S\u00e3o Paulo-Campinas, cujo edital com modifica\u00e7\u00f5es deve ser publicado nesta semana.<!--more--><\/p>\n<ul>\n<li><a href=\"http:\/\/www1.folha.uol.com.br\/mercado\/1190455-edital-do-trem-bala-que-seria-publicado-na-segunda-e-adiado-novamente.shtml\" target=\"_blank\" rel=\"noopener\">Edital do trem-bala que seria publicado na segunda \u00e9 adiado novamente<\/a><\/li>\n<li><a href=\"http:\/\/www1.folha.uol.com.br\/mercado\/1188827-leilao-do-trem-bala-deve-ser-no-2-semestre-de-2013-custo-sobe-para-r-356-bi.shtml\" target=\"_blank\" rel=\"noopener\">Leil\u00e3o do trem-bala deve ser no 2\u00ba semestre de 2013; custo sobe<\/a><\/li>\n<li><a href=\"http:\/\/www1.folha.uol.com.br\/mercado\/1188827-leilao-do-trem-bala-deve-ser-no-2-semestre-de-2013-custo-sobe-para-r-356-bi.shtml\" target=\"_blank\" rel=\"noopener\">Atraso em obras \u00e9 &#8220;da regra do jogo&#8221;, diz ministra que gerencia o PAC<\/a><\/li>\n<li><a href=\"http:\/\/www1.folha.uol.com.br\/mercado\/1178088-governo-vai-bancar-ate-vagao-vazio-do-trem-bala-em-novo-edital.shtml\" target=\"_blank\" rel=\"noopener\">Governo vai bancar at\u00e9 vag\u00e3o vazio do trem-bala em novo edital <\/a><\/li>\n<\/ul>\n<p style=\"text-align: justify;\">Segundo o presidente da EPL (Empresa de Planejamento e Log\u00edstica), Bernardo Figueiredo, j\u00e1 se fala em construir trechos ligando S\u00e3o Paulo a Belo Horizonte, Curitiba e Bras\u00edlia. &#8220;Hoje a ferrovia \u00e9 competitiva porque a tecnologia mudou, \u00e9 um servi\u00e7o muito mais adequado [do que rodovia].&#8221;<\/p>\n<p style=\"text-align: justify;\">Figueiredo estima que at\u00e9 a sexta-feira ser\u00e1 publicado o edital para contratar o concession\u00e1rio que vai operar do primeiro trecho de trem de alta velocidade brasileiro, mais conhecido como trem-bala, ligando o Rio de Janeiro a S\u00e3o Paulo e a Campinas.<\/p>\n<p style=\"text-align: justify;\">&#8220;A informa\u00e7\u00e3o que a gente tem \u00e9 que a \u00e1rea t\u00e9cnica do TCU [Tribunal de Contas da Uni\u00e3o] j\u00e1 se pronunciou. \u00c9 poss\u00edvel que a decis\u00e3o [do TCU] seja na quarta, e o edital saia na sexta&#8221;, informou o executivo ap\u00f3s palestra na C\u00e2mara Americana de Com\u00e9rcio.<\/p>\n<p style=\"text-align: justify;\">A expectativa era de que o edital fosse publicado nesta segunda-feira (26), mas as mudan\u00e7as feitas no edital, que precisam ser avaliadas pelo TCU, adiaram a sua publica\u00e7\u00e3o.<\/p>\n<p style=\"text-align: justify;\">MUDAN\u00c7AS NO EDITAL<\/p>\n<p style=\"text-align: justify;\">Segundo Figueiredo, entre as mudan\u00e7as est\u00e1 a queda de exig\u00eancia de prazo de dez anos de experi\u00eancia no setor feita a pedido da Hyundai, que lidera um grupo de empresas coreanas interessadas no projeto. O prazo foi cortado para cinco anos.<\/p>\n<p style=\"text-align: justify;\">Outra modifica\u00e7\u00e3o foi o aumento de prazo de seis para oito meses do tempo entre o lan\u00e7amento do edital e a realiza\u00e7\u00e3o do leil\u00e3o. &#8220;Foi um pedido dos participantes, que precisam de mais tempo para analisar [a participa\u00e7\u00e3o]&#8221;, explicou Figueiredo.<\/p>\n<p style=\"text-align: justify;\">O pre\u00e7o m\u00e1ximo de tarifa que poder\u00e1 ser cobrada ser\u00e1 de R$ 250, mas Figueiredo estima que esse pre\u00e7o caia para entre R$ 180 e R$ 200 com o leil\u00e3o.<\/p>\n<p style=\"text-align: justify;\">OBRA P\u00daBLICA, CONCESS\u00c3O OU PPP?<\/p>\n<p style=\"text-align: justify;\">A constru\u00e7\u00e3o do trem bala Rio-S\u00e3o Paulo ser\u00e1 feita em duas etapas, j\u00e1 que o governo n\u00e3o conseguiu que as empresas operadoras se entendessem com as construtoras da via por onde passar\u00e1 o trem.<\/p>\n<p style=\"text-align: justify;\">Segundo Figueiredo, \u00e9 poss\u00edvel que o governo tenha que construir a linha que ligar\u00e1 as duas cidades, ou fazer uma PPP (Parceria P\u00fablico-Privada). &#8220;Pode ser uma obra p\u00fablica, uma concess\u00e3o ou uma PPP&#8221;, disse.<\/p>\n<p style=\"text-align: justify;\">A EPL vai desenvolver em 2013 um estudo para definir o modelo e reduzir os riscos de quem construir\u00e1 a linha, demonstrando a viabilidade comercial do trecho. A ideia \u00e9 licitar a obra, que poder\u00e1 ser tocada at\u00e9 por dez empresas, em 2014.<\/p>\n<p style=\"text-align: justify;\">&#8220;Em 2013 a gente faz o projeto, porque tem uma discuss\u00e3o sobre o custo e o risco da obra&#8221;, disse o executivo. &#8220;Vamos fazer um projeto detalhado para n\u00e3o restar duvidas de custo e do risco que ela envolve, e a ideia \u00e9 licitar no primeiro semestre de 2014.&#8221;<\/p>\n<p style=\"text-align: justify;\">ENTREGA EM 2018 OU 2020<\/p>\n<p style=\"text-align: justify;\">O prazo para entrega da obra pelo governo para os concession\u00e1rios que ganharem a opera\u00e7\u00e3o ser\u00e1 2020, segundo o edital ainda n\u00e3o publicado. Figueiredo prev\u00ea, no entanto, que \u00e9 poss\u00edvel antecipar o fim da obra para 2018 &#8211;quando come\u00e7aria a opera\u00e7\u00e3o do trem-bala.<\/p>\n<p style=\"text-align: justify;\">A obra da via que ligar\u00e1 Rio a S\u00e3o Paulo custar\u00e1 cerca de R$ 27 bilh\u00f5es e a previs\u00e3o \u00e9 de que dure cinco anos.<\/p>\n<p style=\"text-align: justify;\">Figueiredo disse, sem dar detalhes, que j\u00e1 se pensa em voltar a construir trilhos no pa\u00eds. Dia 8 ser\u00e1 inaugurada em Sete Lagoas (MG) uma f\u00e1brica de locomotivas. &#8220;Se voc\u00ea criar escala, h\u00e1 condi\u00e7\u00f5es delas [f\u00e1bricas para o setor] surgirem. Vai acontecer o mesmo com vag\u00f5es&#8221;, disse.<\/p>\n<p style=\"text-align: justify;\">=&gt; <a href=\"http:\/\/www1.folha.uol.com.br\/mercado\/1191445-governo-estuda-trem-bala-de-sao-paulo-a-bh-curitiba-e-brasilia.shtml\" target=\"_blank\" rel=\"noopener\">http:\/\/www1.folha.uol.com.br\/mercado\/1191445-governo-estuda-trem-bala-de-sao-paulo-a-bh-curitiba-e-brasilia.shtml<\/a><\/p>\n<p style=\"text-align: center;\">[<a href=\"javascript:history.go(-1)\">Voltar<\/a>]<\/p>\n","protected":false},"excerpt":{"rendered":"<p>O governo brasileiro retomou o estudo de viabilidade para estender o trem de alta velocidade (TAV) para outras cidades do pa\u00eds al\u00e9m do trecho Rio-S\u00e3o Paulo-Campinas, cujo edital com modifica\u00e7\u00f5es deve ser publicado nesta semana.<\/p>\n","protected":false},"author":1,"featured_media":0,"comment_status":"open","ping_status":"open","sticky":false,"template":"","format":"standard","meta":{"footnotes":""},"categories":[27],"tags":[],"class_list":["post-19762","post","type-post","status-publish","format-standard","hentry","category-noticias"],"_links":{"self":[{"href":"https:\/\/antonini.psc.br\/index.php?rest_route=\/wp\/v2\/posts\/19762","targetHints":{"allow":["GET"]}}],"collection":[{"href":"https:\/\/antonini.psc.br\/index.php?rest_route=\/wp\/v2\/posts"}],"about":[{"href":"https:\/\/antonini.psc.br\/index.php?rest_route=\/wp\/v2\/types\/post"}],"author":[{"embeddable":true,"href":"https:\/\/antonini.psc.br\/index.php?rest_route=\/wp\/v2\/users\/1"}],"replies":[{"embeddable":true,"href":"https:\/\/antonini.psc.br\/index.php?rest_route=%2Fwp%2Fv2%2Fcomments&post=19762"}],"version-history":[{"count":1,"href":"https:\/\/antonini.psc.br\/index.php?rest_route=\/wp\/v2\/posts\/19762\/revisions"}],"predecessor-version":[{"id":30183,"href":"https:\/\/antonini.psc.br\/index.php?rest_route=\/wp\/v2\/posts\/19762\/revisions\/30183"}],"wp:attachment":[{"href":"https:\/\/antonini.psc.br\/index.php?rest_route=%2Fwp%2Fv2%2Fmedia&parent=19762"}],"wp:term":[{"taxonomy":"category","embeddable":true,"href":"https:\/\/antonini.psc.br\/index.php?rest_route=%2Fwp%2Fv2%2Fcategories&post=19762"},{"taxonomy":"post_tag","embeddable":true,"href":"https:\/\/antonini.psc.br\/index.php?rest_route=%2Fwp%2Fv2%2Ftags&post=19762"}],"curies":[{"name":"wp","href":"https:\/\/api.w.org\/{rel}","templated":true}]}}