{"id":19765,"date":"2013-10-18T03:29:58","date_gmt":"2013-10-18T03:29:58","guid":{"rendered":"http:\/\/antonini.med.br\/blog\/?p=19765"},"modified":"2022-02-15T02:40:11","modified_gmt":"2022-02-15T02:40:11","slug":"governo-federal-tem-200-mil-vagas-desocupadas","status":"publish","type":"post","link":"https:\/\/antonini.psc.br\/?p=19765","title":{"rendered":"Governo federal tem 200 mil vagas desocupadas"},"content":{"rendered":"<p style=\"text-align: justify;\">Projetos de lei em tramita\u00e7\u00e3o no Congresso projetam a cria\u00e7\u00e3o de 7.836 cargos em diferentes esferas, al\u00e9m de reajustar sal\u00e1rios. Judici\u00e1rio e Minist\u00e9rio P\u00fablico tamb\u00e9m s\u00e3o contemplados.<!--more--><\/p>\n<p style=\"text-align: justify;\">O Executivo Federal fez as pazes com os servidores p\u00fablicos e com os concurseiros. O clima de romance \u00e9 resultado do avan\u00e7o de nove projetos de lei que tramitam na C\u00e2mara dos Deputados que garantem reajustes para o governo federal, Minist\u00e9rio P\u00fablico e Judici\u00e1rio e que criam vagas em diversos \u00f3rg\u00e3os e entidades. Dilu\u00eddas pelos pr\u00f3ximos anos, as vagas somam 7.836 oportunidades nas mais diversas \u00e1reas (confira lista completa aqui) que se somam aos mais de 187 mil postos desocupados, rec\u00e9m-divulgados pelo Minist\u00e9rio do Planejamento.<\/p>\n<p style=\"text-align: justify;\">As articula\u00e7\u00f5es pol\u00edticas do governo de Dilma Rousseff no Congresso evitaram a edi\u00e7\u00e3o de medida provis\u00f3ria pelo Pal\u00e1cio do Planalto para o surgimento de cargos efetivos e acalmaram os \u00e2nimos dos demais poderes (veja todas as propostas aprovadas). Como os cargos n\u00e3o ser\u00e3o ocupados todos de uma s\u00f3 vez \u2013 depender\u00e3o de autoriza\u00e7\u00e3o do Planejamento -, o impacto or\u00e7ament\u00e1rio ser\u00e1 progressivo. Segundo o governo, em 2014, as despesas com os provimentos dos cargos aprovados ser\u00e3o de R$ 484 milh\u00f5es.<\/p>\n<p style=\"text-align: justify;\">Parte dos novos cargos, que ainda v\u00e3o passar pelo Senado para irem \u00e0 san\u00e7\u00e3o de Dilma, tem o preenchimento previsto no Or\u00e7amento da Uni\u00e3o para o refor\u00e7o das \u00e1reas da educa\u00e7\u00e3o, sa\u00fade, seguran\u00e7a p\u00fablica e infraestrutura, al\u00e9m da substitui\u00e7\u00e3o de terceirizados irregulares. \u00c9 o caso das 400 vagas para analista ambiental do Ibama, as 260 para agente administrativo da Pol\u00edcia Rodovi\u00e1ria Federal, os 93 t\u00e9cnicos administrativos da Anvisa e as 89 vagas de analistas t\u00e9cnico-administrativo da Suframa. S\u00f3 para a troca de terceirizados por concursados, o planejamento de gastos prev\u00ea 5.946 nomea\u00e7\u00f5es nos pr\u00f3ximos 12 meses. A substitui\u00e7\u00e3o deve custar ao governo R$ 110,6 milh\u00f5es.<\/p>\n<p style=\"text-align: justify;\">Os setores-foco da presid\u00eancia incluem tamb\u00e9m o acesso da popula\u00e7\u00e3o \u00e0 Justi\u00e7a, com amplia\u00e7\u00e3o das defensorias p\u00fablicas estaduais e da Uni\u00e3o, que foi contemplada com a aprova\u00e7\u00e3o de 789 novos cargos de defensores. Tamb\u00e9m incluem o desenvolvimento tecnol\u00f3gico, com o surgimento de 4.230 vagas para pesquisadores, tecnologistas, especialistas e outros profissionais com forma\u00e7\u00e3o superior.<\/p>\n<p style=\"text-align: justify;\">A proposta or\u00e7ament\u00e1ria que est\u00e1 em an\u00e1lise no Congresso Nacional programa para 2013 a ocupa\u00e7\u00e3o de 62.682 cargos efetivos, comissionados e fun\u00e7\u00f5es de confian\u00e7a. Exclu\u00eddos aqueles que n\u00e3o s\u00e3o preenchidas por concursos, restam 50.905 postos que ser\u00e3o preenchidos motivados por aposentadorias, exonera\u00e7\u00f5es, sendo 20.796 de concursos anteriores e 30.109 de novos processos de sele\u00e7\u00e3o. S\u00e3o n\u00fameros que aquecem o mercado de concursos p\u00fablicos, que sofreu com as medidas de conten\u00e7\u00e3o do ano passado. \u201cOs agentes do mercado est\u00e3o mais otimistas com a retomada das sele\u00e7\u00f5es de novos servidores. \u00c9 um caminho inevit\u00e1vel para a manuten\u00e7\u00e3o do Pa\u00eds\u201d, comenta Stemberg Lima, especialista e colaborador do curso online Eu Vou Passar.<\/p>\n<p style=\"text-align: justify;\">A\u00e7\u00f5es de valoriza\u00e7\u00e3o dos servidores p\u00fablicos s\u00e3o uma marca registrada do governo petista desde os mandatos de Lula. De 2003 a agosto deste ano, os quadros de pessoal tiveram acr\u00e9scimo de 168.824 profissionais. Ainda assim, conforme dados publicados esta semana pelo Minist\u00e9rio do Planejamento, existem mais de 187 mil cargos desocupados na administra\u00e7\u00e3o p\u00fablica direta (confira lista completa).<\/p>\n<p style=\"text-align: justify;\">As vac\u00e2ncias s\u00e3o motivadas pelo fim de fun\u00e7\u00f5es que exigiam n\u00edvel fundamental, aposentadorias, mortes e outros tipos de desist\u00eancias e exonera\u00e7\u00f5es. \u201cSem a realiza\u00e7\u00e3o de concursos p\u00fablicos, o cen\u00e1rio tende a piorar mais, afetando diretamente os servi\u00e7os \u00e0 popula\u00e7\u00e3o\u201d, comenta Ernani Pimentel, presidente da Vestcon. Ele lembra que, at\u00e9 2015, 40% dos servidores lotados em minist\u00e9rios e demais \u00f3rg\u00e3os da administra\u00e7\u00e3o direta estar\u00e3o aptos a deixar suas fun\u00e7\u00f5es e solicitar aposentadoria.<\/p>\n<div id=\"attachment_783\" style=\"width: 310px\" class=\"wp-caption aligncenter\"><a href=\"..\/paginas\/grafico_nomeacoes.html\"><img loading=\"lazy\" decoding=\"async\" aria-describedby=\"caption-attachment-783\" class=\"size-medium wp-image-783 \" title=\"Clique para ampliar\" alt=\"Gr\u00e1fico de Nomea\u00e7\u00f5es\" src=\"http:\/\/antonini.med.br\/arquivos\/wp-content\/uploads\/2013\/08\/grafico_nomeacoes-300x135.jpg\" width=\"300\" height=\"135\" \/><\/a><p id=\"caption-attachment-783\" class=\"wp-caption-text\">Gr\u00e1fico de Nomea\u00e7\u00f5es<\/p><\/div>\n<p style=\"text-align: justify;\"><strong>Sal\u00e1rios ajustados<\/strong><br \/>\nO teto do funcionalismo pode chegar a R$ 30.935 em 2015. Este \u00e9 o resultado da aprova\u00e7\u00e3o do reajuste de 5% da remunera\u00e7\u00e3o do procurador-geral da Rep\u00fablica e dos ministros do Supremo Tribunal Federal, que tamb\u00e9m foi aprovada na C\u00e2mara dos Deputados nesta semana e segue ao Senado, antes de ir para avalia\u00e7\u00e3o da Presid\u00eancia. O percentual \u00e9 inferior aos 7,12% solicitados pelo STF e pode entrar em vigor em 1\u00ba de janeiro de 2013.<\/p>\n<p>O subs\u00eddio limite criar\u00e1 efeito cascata na magistratura e nas procuradorias estaduais e federais, que s\u00e3o vinculados aos sal\u00e1rios dos ministros do Supremo. Na mesma leva de vota\u00e7\u00f5es, os servidores do Judici\u00e1rio e do Minist\u00e9rio P\u00fablico tamb\u00e9m foram beneficiados com aumento de 26,6%, que ser\u00e3o divididos ao longo de tr\u00eas anos.<\/p>\n<p>Os professores de institui\u00e7\u00f5es federais de ensino est\u00e3o sendo beneficiados com a reestrutura\u00e7\u00e3o da carreira. Os aumentos variam conforme o n\u00edvel da carreira, chegando a 45% nos pr\u00f3ximos tr\u00eas anos, com ganhos retroativos a mar\u00e7o de 2012.<\/p>\n<p>Para garantir os acordos firmados com 937 mil servidores ativos, inativos e pensionistas de diversas categorias, a Presid\u00eancia editou a medida provis\u00f3ria, em substitui\u00e7\u00e3o ao projeto de lei que tratava do assunto e aguardava parecer desde agosto. O maior montante atende aos 420 mil profissionais vinculados ao Plano Geral de Cargos do Poder Executivo, que vai gerar o custo de R$ 1,5 bilh\u00e3o anuais.<\/p>\n<p><a href=\"http:\/\/congressoemfoco.uol.com.br\/noticias\/governo-federal-tem-200-mil-vagas-desocupadas\/\" target=\"_blank\" rel=\"noopener\">http:\/\/congressoemfoco.uol.com.br\/noticias\/governo-federal-tem-200-mil-vagas-desocupadas\/<\/a><\/p>\n<p style=\"text-align: center;\">[<a href=\"javascript:history.go(-1)\">Voltar<\/a>]<\/p>\n","protected":false},"excerpt":{"rendered":"<p>Projetos de lei em tramita\u00e7\u00e3o no Congresso projetam a cria\u00e7\u00e3o de 7.836 cargos em diferentes esferas, al\u00e9m de reajustar sal\u00e1rios. Judici\u00e1rio e Minist\u00e9rio P\u00fablico tamb\u00e9m s\u00e3o contemplados.<\/p>\n","protected":false},"author":1,"featured_media":0,"comment_status":"open","ping_status":"open","sticky":false,"template":"","format":"standard","meta":{"footnotes":""},"categories":[27],"tags":[],"class_list":["post-19765","post","type-post","status-publish","format-standard","hentry","category-noticias"],"_links":{"self":[{"href":"https:\/\/antonini.psc.br\/index.php?rest_route=\/wp\/v2\/posts\/19765","targetHints":{"allow":["GET"]}}],"collection":[{"href":"https:\/\/antonini.psc.br\/index.php?rest_route=\/wp\/v2\/posts"}],"about":[{"href":"https:\/\/antonini.psc.br\/index.php?rest_route=\/wp\/v2\/types\/post"}],"author":[{"embeddable":true,"href":"https:\/\/antonini.psc.br\/index.php?rest_route=\/wp\/v2\/users\/1"}],"replies":[{"embeddable":true,"href":"https:\/\/antonini.psc.br\/index.php?rest_route=%2Fwp%2Fv2%2Fcomments&post=19765"}],"version-history":[{"count":1,"href":"https:\/\/antonini.psc.br\/index.php?rest_route=\/wp\/v2\/posts\/19765\/revisions"}],"predecessor-version":[{"id":30182,"href":"https:\/\/antonini.psc.br\/index.php?rest_route=\/wp\/v2\/posts\/19765\/revisions\/30182"}],"wp:attachment":[{"href":"https:\/\/antonini.psc.br\/index.php?rest_route=%2Fwp%2Fv2%2Fmedia&parent=19765"}],"wp:term":[{"taxonomy":"category","embeddable":true,"href":"https:\/\/antonini.psc.br\/index.php?rest_route=%2Fwp%2Fv2%2Fcategories&post=19765"},{"taxonomy":"post_tag","embeddable":true,"href":"https:\/\/antonini.psc.br\/index.php?rest_route=%2Fwp%2Fv2%2Ftags&post=19765"}],"curies":[{"name":"wp","href":"https:\/\/api.w.org\/{rel}","templated":true}]}}