{"id":19779,"date":"2013-10-18T03:39:32","date_gmt":"2013-10-18T03:39:32","guid":{"rendered":"http:\/\/antonini.med.br\/blog\/?p=19779"},"modified":"2022-02-15T02:40:11","modified_gmt":"2022-02-15T02:40:11","slug":"igreja-burra-2","status":"publish","type":"post","link":"https:\/\/antonini.psc.br\/?p=19779","title":{"rendered":"Igreja burra"},"content":{"rendered":"<p>Igreja afasta deputado federal da fun\u00e7\u00e3o de padre na PB por defender camisinha. Esse bispo \u00e9 uma besta completa. Com a epidemia de SIDA (AIDS, para quem gosta de esbanjar o ingl\u00eas) e a explos\u00e3o demogr\u00e1fica mundial, s\u00f3 a tapada da Igreja Cat\u00f3lica para ter id\u00e9ias retr\u00f3gradas como estas.<!--more--><\/p>\n<p>6 de maio de 2009 | Autor: heinz | Editar<\/p>\n<p>Leia a reportagem aqui = <a href=\"http:\/\/www1.folha.uol.com.br\/folha\/brasil\/ult96u509366.shtml\" target=\"_blank\" rel=\"noopener\">http:\/\/www1.folha.uol.com.br\/folha\/brasil\/ult96u509366.shtml<\/a><\/p>\n<p>&#8212;&#8212;&#8212;&#8212;&#8212;&#8212;&#8212;&#8212;&#8212;&#8212;&#8212;&#8212;&#8212;&#8212;&#8212;&#8212;&#8212;&#8212;<\/p>\n<p style=\"text-align: justify;\">O Arcebispo da Para\u00edba, Dom Aldo di Cillo Pagotto, proibiu nesta quarta-feira que o deputado federal e padre Luiz Couto (PT-PB) exer\u00e7a a fun\u00e7\u00e3o religiosa. A decis\u00e3o foi tomada ap\u00f3s uma reportagem publicada hoje no jornal &#8220;O Norte&#8221;, da Para\u00edba, em que Couto defende abertamente o uso de camisinha.<\/p>\n<p style=\"text-align: justify;\">Em entrevista ao jornal, Couto disse o uso de preservativos &#8220;\u00e9 uma quest\u00e3o de sa\u00fade p\u00fablica&#8221;. O deputado, que \u00e9 padre desde 1976, tamb\u00e9m tocou em quest\u00f5es delicadas para a Igreja Cat\u00f3lica.<\/p>\n<p style=\"text-align: justify;\">Disse que \u00e9 preciso combater o preconceito e a discrimina\u00e7\u00e3o contra homossexuais, defendeu o fim do celibato e, apesar de ser contr\u00e1rio ao aborto, disse que as mulheres que fazem devem receber o devido tratamento m\u00e9dico.<\/p>\n<p style=\"text-align: justify;\">Em nota, o arcebispo da Para\u00edba disse que as declara\u00e7\u00f5es de Couto &#8220;provocam confus\u00e3o entre os fi\u00e9is crist\u00e3os&#8221;, al\u00e9m de contrariar a doutrina pregada pela Igreja Cat\u00f3lica. Com a decis\u00e3o, o padre fica impedido de celebrar missas no Estado.<\/p>\n<p style=\"text-align: justify;\">A nota diz que Couto poderia voltar a exercer a fun\u00e7\u00e3o de padre caso fa\u00e7a uma retrata\u00e7\u00e3o p\u00fablica. O deputado federal, que est\u00e1 em seu segundo mandato na C\u00e2mara, celebra missas, casamentos e batizados na par\u00f3quia de S\u00e3o Jos\u00e9 Oper\u00e1rio, em Jo\u00e3o Pessoa, nos fins de semana.<\/p>\n<p style=\"text-align: justify;\">Procurado pela reportagem da <b>Folha Online<\/b>, o deputado n\u00e3o foi encontrado para se manifestar.<\/p>\n<p style=\"text-align: center;\">[<a href=\"javascript:history.go(-1)\">Voltar<\/a>]<\/p>\n","protected":false},"excerpt":{"rendered":"<p>Igreja afasta deputado federal da fun\u00e7\u00e3o de padre na PB por defender camisinha. Esse bispo \u00e9 uma besta completa. Com a epidemia de SIDA (AIDS, para quem gosta de esbanjar o ingl\u00eas) e a explos\u00e3o demogr\u00e1fica mundial, s\u00f3 a tapada da Igreja Cat\u00f3lica para ter id\u00e9ias retr\u00f3gradas como estas.<\/p>\n","protected":false},"author":1,"featured_media":0,"comment_status":"open","ping_status":"open","sticky":false,"template":"","format":"standard","meta":{"footnotes":""},"categories":[27],"tags":[],"class_list":["post-19779","post","type-post","status-publish","format-standard","hentry","category-noticias"],"_links":{"self":[{"href":"https:\/\/antonini.psc.br\/index.php?rest_route=\/wp\/v2\/posts\/19779","targetHints":{"allow":["GET"]}}],"collection":[{"href":"https:\/\/antonini.psc.br\/index.php?rest_route=\/wp\/v2\/posts"}],"about":[{"href":"https:\/\/antonini.psc.br\/index.php?rest_route=\/wp\/v2\/types\/post"}],"author":[{"embeddable":true,"href":"https:\/\/antonini.psc.br\/index.php?rest_route=\/wp\/v2\/users\/1"}],"replies":[{"embeddable":true,"href":"https:\/\/antonini.psc.br\/index.php?rest_route=%2Fwp%2Fv2%2Fcomments&post=19779"}],"version-history":[{"count":1,"href":"https:\/\/antonini.psc.br\/index.php?rest_route=\/wp\/v2\/posts\/19779\/revisions"}],"predecessor-version":[{"id":30178,"href":"https:\/\/antonini.psc.br\/index.php?rest_route=\/wp\/v2\/posts\/19779\/revisions\/30178"}],"wp:attachment":[{"href":"https:\/\/antonini.psc.br\/index.php?rest_route=%2Fwp%2Fv2%2Fmedia&parent=19779"}],"wp:term":[{"taxonomy":"category","embeddable":true,"href":"https:\/\/antonini.psc.br\/index.php?rest_route=%2Fwp%2Fv2%2Fcategories&post=19779"},{"taxonomy":"post_tag","embeddable":true,"href":"https:\/\/antonini.psc.br\/index.php?rest_route=%2Fwp%2Fv2%2Ftags&post=19779"}],"curies":[{"name":"wp","href":"https:\/\/api.w.org\/{rel}","templated":true}]}}