{"id":19786,"date":"2013-10-18T03:42:20","date_gmt":"2013-10-18T03:42:20","guid":{"rendered":"http:\/\/antonini.med.br\/blog\/?p=19786"},"modified":"2022-02-15T02:40:11","modified_gmt":"2022-02-15T02:40:11","slug":"lula-confessou-na-tv-que-e-pederasta","status":"publish","type":"post","link":"https:\/\/antonini.psc.br\/?p=19786","title":{"rendered":"Lula confessou na TV que \u00e9 pederasta"},"content":{"rendered":"<p>Carta do Presidente do CREA ao Presidente Lula.<!--more--><\/p>\n<p class=\"imgwrapper\" style=\"width: 500px; margin: 20px auto; text-align: justify;\"><strong>\u00a0<\/strong><\/p>\n<p class=\"imgwrapper\" style=\"width: 500px; margin: 20px auto; text-align: center;\"><img decoding=\"async\" style=\"cursor: pointer; display: block; text-align: center;\" onclick=\"window.open('http:\/\/antonini.med.br\/blog\/wp-content\/uploads\/2013\/08\/kit_temporao.jpg', 'pop', 'toolbar=0, location=0, directories=0, status=0, menubar=0, scrollbars=0, copyhistory=0, resizable=1, width=660, height=482, left=0, top=0'); if((navigator.appName=='Microsoft Internet Explorer' &amp;&amp; navigator.appVersion.substring(0,3)=='4.0')==false) pop.focus();\" alt=\"Kit Tempor\u00e3o - clique para ampliar\" src=\"http:\/\/antonini.med.br\/blog\/wp-content\/uploads\/2013\/08\/kit_temporao.jpg\" width=\"500\" \/>Kit Tempor\u00e3o &#8211; clique para ampliar<\/p>\n<p class=\"imgwrapper\" style=\"text-align: justify;\"><strong>\u00a0<\/strong><\/p>\n<p style=\"text-align: justify;\">NOTA DO AUTOR:<\/p>\n<p style=\"text-align: justify;\">Pode divulgar o que eu escrevi na \u00edntegra, n\u00e3o precisa cortar nada n\u00e3o. Eu nunca falo ou escrevo nada em segredo.<\/p>\n<p style=\"text-align: justify;\">Num pais de covardes como este, o \u00fanico medo que eu tenho \u00e9 de viver muito mais do que j\u00e1 vivi.<\/p>\n<p style=\"text-align: justify;\">Abaixo o e-mail que eu mandei para o \u201cpresidente\u201d Lula, com c\u00f3pia para todos os senadores e deputados federais, revistas, jornais e para todos os da minha lista.<\/p>\n<p style=\"text-align: justify;\">Um abra\u00e7o, Otac\u00edlio M. Guimar\u00e3es<\/p>\n<p style=\"text-align: justify;\">================================<\/p>\n<p style=\"text-align: justify;\">===&gt; A CARTA:<\/p>\n<p style=\"text-align: justify;\">Sr. Luis In\u00e1cio Lula da Silva:<\/p>\n<p style=\"text-align: justify;\">Causa indigna\u00e7\u00e3o a qualquer cidad\u00e3o medianamente esclarecido ouvir ou ler a asneira abaixo, pronunciada por uma pessoa<\/p>\n<p style=\"text-align: justify;\">semianalfabeta, despreparada, em nenhuma \u00e9tica, que 52 milh\u00f5es de abobalhados colocaram na presid\u00eancia da rep\u00fablica do Brasil.<\/p>\n<p style=\"text-align: justify;\">*Esclarecendo: asneira vem de asno ou burro.<\/p>\n<p style=\"text-align: justify;\">*O senhor passou a sua vida toda, juntamente com o seu partido, mentindo para um povo at\u00e9 conseguir conquistar as consci\u00eancias<\/p>\n<p style=\"text-align: justify;\">de 52 milh\u00f5es de incautos que n\u00e3o sabem distinguir \u00f3leo de \u00e1gua e, agora, depois de ter implantado no Brasil o maior esquema de<\/p>\n<p style=\"text-align: justify;\">corrup\u00e7\u00e3o jamais visto no mundo, ainda vem dar uma de o mais honesto do pa\u00eds com essa afirma\u00e7\u00e3o desproposital, descabida e desrespeitosa.<\/p>\n<p style=\"text-align: justify;\">Pois eu lhe digo, senhor Luis In\u00e1cio: eu sou um brasileiro de 62 anos de idade, n\u00e3o sou analfabeto, meus pais n\u00e3o eram analfabetos, eu recebi uma educa\u00e7\u00e3o dom\u00e9stica, moral e formal para dizer ao senhor, o seguinte: me respeite!<\/p>\n<p style=\"text-align: justify;\">Respeite o meu pa\u00eds! Respeite as pessoas que est\u00e3o indignadas com a sua desfa\u00e7atez!<\/p>\n<p style=\"text-align: justify;\">Se o senhor acha que o \u00fanico reposit\u00f3rio da \u00e9tica e da moral deste pa\u00eds \u00e9 o senhor, pois fique sabendo que eu quero discutir com o senhor sobre \u00e9tica e moral, cara a cara, olho no olho.<\/p>\n<p style=\"text-align: justify;\">Eu quero que o senhor me explique como \u00e9 que Del\u00fabio Soares e S\u00edlvio Pereira armaram o esquema criminoso que resultou neste mar de lama que emporcalha a hist\u00f3ria do Brasil sem que o senhor, o Jos\u00e9 Genu\u00edno e o Jos\u00e9 Dirceu soubessem de nada.<\/p>\n<p style=\"text-align: justify;\">Eu quero que o senhor me explique, cara a cara, olho no olho, porque Celso Daniel, prefeito de Santo Andr\u00e9, foi assassinado friamente e o seu governo agiu no sentido de paralisar as investiga\u00e7\u00f5es.<\/p>\n<p style=\"text-align: justify;\">Ser\u00e1 que o senhor sabe o que significa obstru\u00e7\u00e3o da justi\u00e7a? Pois foi isto o que o senhor fez, obstruiu a justi\u00e7a. Se o Brasil fosse um pais s\u00e9rio, o senhor j\u00e1 estaria na cadeia s\u00f3 por isto.<\/p>\n<p style=\"text-align: justify;\">Eu quero que o senhor me explique porque mandou a prefeita de S\u00e3o Jos\u00e9 dos Campos, \u00c2ngela Guadagnin, exonerar o secret\u00e1rio de finan\u00e7as Paulo de Tarso Venceslau s\u00f3 porque este, que tamb\u00e9m fora secret\u00e1rio de finan\u00e7as da Prefeitura de Campinas, descobriu um esquema de desvio de dinheiro p\u00fablico operado pela CPEM, que somente em 1992 desviou 10,5 milh\u00f5es de d\u00f3lares da prefeitura de S\u00e3o Jos\u00e9 dos Campos, sem falar nas outras tr\u00eas onde o esquema funcionava prefeito Ant\u00f4nio Palocci, ex-ministro da fazenda&gt;, dinheiro esse que se destinava a alimentar o caixa 2 do PT.<\/p>\n<p style=\"text-align: justify;\">Nesse esquema o Paulo Okamoto, que n\u00e3o detinha cargo p\u00fablico e era apenas militante do PT, fazia o papel que o S\u00edlvio Pereira fez at\u00e9 ser desmascarado recentemente.<\/p>\n<p style=\"text-align: justify;\">Note-se que estes fatos ocorreram h\u00e1 12\/13 anos atr\u00e1s.<\/p>\n<p style=\"text-align: justify;\">N\u00e3o \u00e9 de hoje, portanto, que o PT se utiliza desses esquemas criminosos para suprir o seu caixa 2 e aumentar o patrim\u00f4nio de seus integrantes.<\/p>\n<p style=\"text-align: justify;\">Inclusive o seu e do seu filho, o Lulinha, que recentemente recebeu da Telemar cinco milh\u00f5es e duzentos mil reais como investimento numa empresa que eu n\u00e3o pagaria um centavo por ela.<\/p>\n<p style=\"text-align: justify;\">A troco de qu\u00ea, senhor Lula, a Telemar deu essa dinheirama toda ao seu filho?<\/p>\n<p style=\"text-align: justify;\">O senhor e seus asseclas vivem dizendo que tudo \u00e9 culpa das elites brasileiras<\/p>\n<p style=\"text-align: justify;\">A troco de qu\u00ea, senhor Lula, a Telemar deu essa dinheirama toda ao seu filho?<\/p>\n<p style=\"text-align: justify;\">O senhor e seus asseclas vivem dizendo que tudo \u00e9 culpa das elites brasileiras. Para mim, as elites que jogaram o PT e o governo Lula na lama t\u00eam nomes: Jos\u00e9 Dirceu, S\u00edlvio Pereira, Del\u00fabio Soares, Marcos Val\u00e9rio e os que est\u00e3o acima destes que o senhor t\u00e3o bem conhece e eu n\u00e3o preciso citar.<\/p>\n<p style=\"text-align: justify;\">Como tem nome a sua Ministra Chefe da Casa Civil Dilma Rousseff \u2013 ex-guerrilheira, ex-terrorista, ex-assaltante de 4 bancos, ex-assaltante de resid\u00eancias, ex-tudo de ruim.<\/p>\n<p style=\"text-align: justify;\">O senhor \u00e9 o chefe de todos eles. \u00c9 o campe\u00e3o mundial da \u201cmaracutaia\u201d advers\u00e1rios pol\u00edticos&gt;. Pois eu lhe digo, senhor Lula: neste pa\u00eds nasceu antes do senhor um homem em condi\u00e7\u00f5es de discutir com o senhor, cara a cara, olho no olho, sobre \u00e9tica e muitos outros atributos que o senhor n\u00e3o possui, como por exemplo, capacidade administrativa, discernimento, iniciativa e coragem de tomar decis\u00f5es.<\/p>\n<p style=\"text-align: justify;\">E digo mais: que eu n\u00e3o estou sozinho, pois o Brasil tem milh\u00f5es de homens e mulheres que t\u00eam condi\u00e7\u00f5es de discutir com o senhor sobre \u00e9tica e moral e dar aulas destas mat\u00e9rias, se \u00e9 que iria entender.<\/p>\n<p style=\"text-align: justify;\">Quer me parecer que o senhor n\u00e3o entende o verdadeiro significado das palavras \u00e9tica e moral, talvez seja este o caso, j\u00e1 que nunca estudou e se gaba de ter nascido de pa\u00eds analfabetos.<\/p>\n<p style=\"text-align: justify;\">Na verdade, quem se gaba de ter nascido de pais analfabetos e de ter pouco estudo n\u00e3o tem o direito de ofender todo um povo arvorando-se no \u00fanico reposit\u00f3rio da \u00e9tica e da moral. Isto j\u00e1 \u00e9 coisa de doente mental como aconteceu com Hitler, Stalin, Lumumba, Pol Pot, Mao, Fidel, Pinochet, Idi Amin, Sadan e tantos outros ditadores, respons\u00e1veis por milh\u00f5es de assassinatos de inocentes.<\/p>\n<p style=\"text-align: justify;\">*Senhor Lula, o senhor foi colocado onde est\u00e1 por pessoas t\u00e3o ignorantes ou mal intencionadas quanto o senhor*. Mas eu devo lhe dizer que os homens e mulheres de bem deste pa\u00eds j\u00e1 est\u00e3o cheios das asneiras que o senhor fala e faz e com suas bravatas, com a sua incapacidade sobejamente demonstrada em governar o pa\u00eds e com o fato de estar se esquivando de suas responsabilidades nos desmandos praticados pela c\u00fapula dirigente do PT querendo nos fazer crer que S\u00edlvio Pereira e Del\u00fabio Soares agiram sozinhos. N\u00e3o creio que S\u00edlvio Pereira e Del\u00fabio Soares sejam t\u00e3o burros assim. S\u00f3 um idiota acreditaria nisso.<\/p>\n<p style=\"text-align: justify;\">E digo-lhe mais uma coisa: pare de subestimar nossa intelig\u00eancia, pare de ofender os brasileiros, principalmente aqueles que acreditaram em suas mentiras e suas fal\u00e1cias e lhe colocaram onde est\u00e1 hoje.<\/p>\n<p style=\"text-align: justify;\">Est\u00e1 na hora do senhor devolver estes votos juntamente com um pedido de desculpas tomando a decis\u00e3o de renunciar ao cargo para o qual o senhor nunca esteve preparado para exercer.<\/p>\n<p style=\"text-align: justify;\">A seguir trecho do discurso proferido ontem pelo senhor, presidente Lula, para uma plateia de petroleiros da REDUC, Duque de Caxias, e que ofende pelo menos aqueles que possuem \u00e9tica e dignidade neste pa\u00eds, o que n\u00e3o \u00e9 o seu caso.<\/p>\n<p style=\"text-align: justify;\">\u201cNeste pa\u00eds est\u00e1 para nascer algu\u00e9m que venha querer discutir \u00e9tica comigo. Eu digo sempre o seguinte: sou filho de pai e m\u00e3e analfabetos.<\/p>\n<p style=\"text-align: justify;\">E o \u00fanico legado que eles deixaram, n\u00e3o apenas para mim, mas para toda a fam\u00edlia, \u00e9 que andar de cabe\u00e7a erguida \u00e9 a coisa mais importante que pode acontecer para um homem ou uma mulher. E eu conquistei o direito de andar de cabe\u00e7a erguida neste pa\u00eds com muito sacrif\u00edcio. E n\u00e3o vai ser a elite brasileira que vai fazer eu baixar a cabe\u00e7a\u201d.<\/p>\n<p style=\"text-align: justify;\">Estou pronto para discutir com o senhor sobre \u00e9tica e outros assuntos a qualquer momento que o senhor escolher. Isto se o senhor tiver coragem, porque sempre foge covardemente do debate com a imprensa e com pessoas inteligentes, pois n\u00e3o tem a hombridade de responder ou enfrentar.*<\/p>\n<p style=\"text-align: justify;\">A maioria do povo brasileiro est\u00e1 de saco cheio com o senhor e com o seu PT \u2013 PARTIDO dos TRAMBIQUEIROS, cambada de assaltantes que ocupam postos chaves de nossa na\u00e7\u00e3o, mas vai chegar a hora de prestarem contas das falcatruas que enche seus bolsos dia e noite*. E n\u00e3o v\u00e3o adiantar opera\u00e7\u00f5es pl\u00e1sticas e outros artif\u00edcios, fugir para outros pa\u00edses, pois o mundo hoje est\u00e1 muito menor do que j\u00e1 foi no passado e sua figura burlesca j\u00e1 \u00e9 bem conhecida l\u00e1 fora.<\/p>\n<p style=\"text-align: justify;\">*Estarei aberto para debater estes e outros assuntos em p\u00fablico, em dia, hora e local que bem lhe aprouver, com a presen\u00e7a da imprensa ainda n\u00e3o comprometida. Considere-se desafiado a partir deste momento.*<\/p>\n<p style=\"text-align: justify;\">Otac\u00edlio M. Guimar\u00e3es \u2013 Presidente do CREA<\/p>\n<p style=\"text-align: justify;\"><a href=\"http:\/\/liciomaciel.wordpress.com\/2012\/11\/07\/lula-confessou-na-tv-que-e-pederasta\/\" target=\"_blank\" rel=\"noopener\">http:\/\/liciomaciel.wordpress.com\/2012\/11\/07\/lula-confessou-na-tv-que-e-pederasta\/<\/a><\/p>\n<p style=\"text-align: center;\">[<a href=\"javascript:history.go(-1)\">Voltar<\/a>]<\/p>\n","protected":false},"excerpt":{"rendered":"<p>Carta do Presidente do CREA ao Presidente Lula.<\/p>\n","protected":false},"author":1,"featured_media":0,"comment_status":"open","ping_status":"open","sticky":false,"template":"","format":"standard","meta":{"footnotes":""},"categories":[27],"tags":[],"class_list":["post-19786","post","type-post","status-publish","format-standard","hentry","category-noticias"],"_links":{"self":[{"href":"https:\/\/antonini.psc.br\/index.php?rest_route=\/wp\/v2\/posts\/19786","targetHints":{"allow":["GET"]}}],"collection":[{"href":"https:\/\/antonini.psc.br\/index.php?rest_route=\/wp\/v2\/posts"}],"about":[{"href":"https:\/\/antonini.psc.br\/index.php?rest_route=\/wp\/v2\/types\/post"}],"author":[{"embeddable":true,"href":"https:\/\/antonini.psc.br\/index.php?rest_route=\/wp\/v2\/users\/1"}],"replies":[{"embeddable":true,"href":"https:\/\/antonini.psc.br\/index.php?rest_route=%2Fwp%2Fv2%2Fcomments&post=19786"}],"version-history":[{"count":1,"href":"https:\/\/antonini.psc.br\/index.php?rest_route=\/wp\/v2\/posts\/19786\/revisions"}],"predecessor-version":[{"id":30176,"href":"https:\/\/antonini.psc.br\/index.php?rest_route=\/wp\/v2\/posts\/19786\/revisions\/30176"}],"wp:attachment":[{"href":"https:\/\/antonini.psc.br\/index.php?rest_route=%2Fwp%2Fv2%2Fmedia&parent=19786"}],"wp:term":[{"taxonomy":"category","embeddable":true,"href":"https:\/\/antonini.psc.br\/index.php?rest_route=%2Fwp%2Fv2%2Fcategories&post=19786"},{"taxonomy":"post_tag","embeddable":true,"href":"https:\/\/antonini.psc.br\/index.php?rest_route=%2Fwp%2Fv2%2Ftags&post=19786"}],"curies":[{"name":"wp","href":"https:\/\/api.w.org\/{rel}","templated":true}]}}