{"id":19817,"date":"2013-10-18T04:03:51","date_gmt":"2013-10-18T04:03:51","guid":{"rendered":"http:\/\/antonini.med.br\/blog\/?p=19817"},"modified":"2022-02-15T02:40:11","modified_gmt":"2022-02-15T02:40:11","slug":"precisa-se-de-materia-prima-para-construir-um-pais-2","status":"publish","type":"post","link":"https:\/\/antonini.psc.br\/?p=19817","title":{"rendered":"Precisa-se de Mat\u00e9ria Prima para construir um Pa\u00eds"},"content":{"rendered":"<p style=\"text-align: justify;\">&#8220;Precisa-se de Mat\u00e9ria Prima para construir um Pa\u00eds&#8221;<!--more--><\/p>\n<p style=\"text-align: justify;\">Jo\u00e3o Ubaldo Ribeiro<\/p>\n<p style=\"text-align: justify;\">A cren\u00e7a geral anterior era que Collor n\u00e3o servia, bem como Itamar e Fernando Henrique.<\/p>\n<p style=\"text-align: justify;\">Agora alguns dizem que Lula n\u00e3o serviu e que Dilma n\u00e3o serve.<\/p>\n<p style=\"text-align: justify;\">E o que vier depois de Lula e Dilma tamb\u00e9m n\u00e3o servir\u00e1 para nada&#8230;<\/p>\n<p style=\"text-align: justify;\">Por isso estou come\u00e7ando a suspeitar que o problema n\u00e3o est\u00e1 no ladr\u00e3o corrupto que foi Collor, ou na farsa que foi o Lula.<\/p>\n<p style=\"text-align: justify;\">O problema est\u00e1 em n\u00f3s. N\u00f3s como POVO. N\u00f3s como mat\u00e9ria prima de um pa\u00eds.<\/p>\n<p style=\"text-align: justify;\">Porque perten\u00e7o a um pa\u00eds onde a &#8220;ESPERTEZA\u201c \u00e9 a moeda que sempre \u00e9 valorizada, tanto ou mais do que o d\u00f3lar.<\/p>\n<p style=\"text-align: justify;\">Um pa\u00eds onde ficar rico da noite para o dia \u00e9 uma virtude mais apreciada do que formar uma fam\u00edlia, baseada em valores e respeito aos demais.<\/p>\n<p style=\"text-align: justify;\">Perten\u00e7o a um pa\u00eds onde, lamentavelmente, os jornais jamais poder\u00e3o ser vendidos como em outros pa\u00edses, isto \u00e9, pondo umas caixas nas cal\u00e7adas onde se paga por um s\u00f3 jornal E SE TIRA UM S\u00d3 JORNAL, DEIXANDO OS DEMAIS ONDE EST\u00c3O.<\/p>\n<p style=\"text-align: justify;\">Perten\u00e7o ao pa\u00eds onde as &#8220;EMPRESAS PRIVADAS&#8221; s\u00e3o papelarias particulares de seus empregados desonestos, que levam para casa, como se n\u00e3o fosse roubo, folhas de papel, l\u00e1pis, canetas, clipes e tudo o que possa ser \u00fatil para o trabalho dos filhos e para eles mesmos.<\/p>\n<p style=\"text-align: justify;\">Perten\u00e7o a um pa\u00eds onde a gente se sente o m\u00e1ximo porque conseguiu &#8220;puxar&#8221; a tev\u00ea a cabo do vizinho, onde a gente frauda a declara\u00e7\u00e3o de imposto de renda para n\u00e3o pagar ou pagar menos impostos.<\/p>\n<p style=\"text-align: justify;\">Perten\u00e7o a um pa\u00eds onde a falta de pontualidade \u00e9 um h\u00e1bito.<\/p>\n<p style=\"text-align: justify;\">Onde os diretores das empresas n\u00e3o valorizam o capital humano.<\/p>\n<p style=\"text-align: justify;\">Onde h\u00e1 pouco interesse pela ecologia, onde as pessoas atiram lixo nas ruas e depois reclamam do governo por n\u00e3o limpar os esgotos.<\/p>\n<p style=\"text-align: justify;\">O povo Saqueia cargas de ve\u00edculos acidentados nas estradas, dirige ap\u00f3s consumir bebida alco\u00f3lica, pega atestado m\u00e9dico sem estar doente, s\u00f3 para faltar ao trabalho, quando viaja a servi\u00e7o pela empresa, se o almo\u00e7o custou 10, pede nota fiscal de 20.<\/p>\n<p style=\"text-align: justify;\">Comercializa objetos doados nessas campanhas de cat\u00e1strofes, compra produtos pirata com a plena consci\u00eancia de que s\u00e3o pirata.<\/p>\n<p style=\"text-align: justify;\">Quando encontra algum objeto perdido, na maioria das vezes n\u00e3o devolve, se falsifica tudo, tudo mesmo&#8230; s\u00f3 n\u00e3o falsifica aquilo que ainda n\u00e3o foi inventado.<\/p>\n<p style=\"text-align: justify;\">E quer que os pol\u00edticos sejam honestos.<\/p>\n<p style=\"text-align: justify;\">O Brasileiro reclama de qu\u00ea, afinal?<\/p>\n<p style=\"text-align: justify;\">Aqui nossos congressistas trabalham dois dias por semana para aprovar projetos e leis que s\u00f3 servem para afundar o que n\u00e3o tem, encher o saco do que tem pouco e beneficiar s\u00f3 a alguns.<\/p>\n<p style=\"text-align: justify;\">Perten\u00e7o a um pa\u00eds onde as carteiras de motorista e os certificados m\u00e9dicos podem ser &#8220;comprados&#8221;, sem fazer nenhum exame.<\/p>\n<p style=\"text-align: justify;\">Um pa\u00eds onde uma pessoa de idade avan\u00e7ada, ou uma mulher com uma crian\u00e7a nos bra\u00e7os, ou um inv\u00e1lido, fica em p\u00e9 no \u00f4nibus, enquanto a pessoa que est\u00e1 sentada finge que dorme para n\u00e3o dar o lugar.<\/p>\n<p style=\"text-align: justify;\">Um pa\u00eds no qual a prioridade de passagem \u00e9 para o carro e n\u00e3o para o pedestre. Um pa\u00eds onde fazemos um monte de coisa errada, mas nos esbaldamos em criticar nossos governantes.<\/p>\n<p style=\"text-align: justify;\">Como &#8220;Mat\u00e9ria Prima&#8221; de um pa\u00eds, temos muitas coisas boas, mas nos falta muito para sermos os homens e mulheres de que nosso Pa\u00eds precisa.<\/p>\n<p style=\"text-align: justify;\">Esses defeitos, essa &#8220;ESPERTEZA BRASILEIRA&#8221; cong\u00eanita, essa desonestidade em pequena escala, que depois cresce e evolui at\u00e9 converter-se em casos de esc\u00e2ndalo, essa falta de qualidade humana, mais do que Collor, Itamar, Fernando Henrique ou Lula, \u00e9 que \u00e9 real e honestamente ruim, porque todos eles s\u00e3o brasileiros como n\u00f3s, ELEITOS POR N\u00d3S.<\/p>\n<p style=\"text-align: justify;\">Nascidos aqui, n\u00e3o em outra parte&#8230;<\/p>\n<p style=\"text-align: justify;\">Entriste\u00e7o-me.<\/p>\n<p style=\"text-align: justify;\">Porque, ainda que Dilma renunciasse hoje mesmo, o pr\u00f3ximo presidente que o suceder ter\u00e1 que continuar trabalhando com a mesma mat\u00e9ria prima defeituosa que, como povo, somos n\u00f3s mesmos.<\/p>\n<p style=\"text-align: justify;\">E n\u00e3o poder\u00e1 fazer nada&#8230;<\/p>\n<p style=\"text-align: justify;\">N\u00e3o tenho nenhuma garantia de que algu\u00e9m o possa fazer melhor. Mas enquanto algu\u00e9m n\u00e3o sinalizar um caminho destinado a erradicar primeiro os v\u00edcios que temos como povo, ningu\u00e9m servir\u00e1.<\/p>\n<p style=\"text-align: justify;\">Nem serviu Collor, nem serviu Itamar, n\u00e3o serviu Fernando Henrique, Lula e nem a Dilma, nem servir\u00e1 o que vier.<\/p>\n<p style=\"text-align: justify;\">Qual \u00e9 a alternativa?<\/p>\n<p style=\"text-align: justify;\">Precisamos de mais um ditador, para que nos fa\u00e7a cumprir a lei com a for\u00e7a e por meio do terror?<\/p>\n<p style=\"text-align: justify;\">Aqui faz falta outra coisa.<\/p>\n<p style=\"text-align: justify;\">E enquanto essa &#8220;outra coisa&#8221; n\u00e3o comece a surgir de baixo para cima, ou de cima para baixo, ou do centro para os lados, ou como queiram, seguiremos igualmente condenados, igualmente estancados&#8230; Igualmente sacaneados!<\/p>\n<p style=\"text-align: justify;\">\u00c9 muito gostoso ser brasileiro.<\/p>\n<p style=\"text-align: justify;\">Mas quando essa brasilinidade aut\u00f3ctone come\u00e7a a ser um empecilho \u00e0s nossas possibilidades de desenvolvimento como Na\u00e7\u00e3o, a\u00ed a coisa muda&#8230;<\/p>\n<p style=\"text-align: justify;\">N\u00e3o esperemos acender uma vela a todos os Santos, a ver se nos mandam um Messias.<\/p>\n<p style=\"text-align: justify;\">N\u00f3s temos que mudar! Um novo governante com os mesmos brasileiros n\u00e3o poder\u00e1 fazer nada..<\/p>\n<p style=\"text-align: justify;\">Est\u00e1 muito claro&#8230;<\/p>\n<p style=\"text-align: justify;\">Somos n\u00f3s os que temos que mudar.<\/p>\n<p style=\"text-align: justify;\">Agora, depois desta mensagem, francamente decidi procurar o respons\u00e1vel, n\u00e3o para castig\u00e1-lo, sen\u00e3o para exigir-lhe (sim, exigir-lhe) que melhore seu comportamento e que n\u00e3o se fa\u00e7a de surdo, de desentendido.<\/p>\n<p style=\"text-align: justify;\">Sim, decidi procurar o respons\u00e1vel e ESTOU SEGURO QUE O ENCONTRAREI QUANDO ME OLHAR NO ESPELHO.<\/p>\n<p style=\"text-align: justify;\">\u00c9 O QUE EU SEMPRE DIGO.\u201cO GOVERNO SOMOS N\u00d3S, OS POL\u00cdTICOS, NEM TANTO ASSIM.\u201d (PAULO BUSKO)<\/p>\n<p style=\"text-align: justify;\">&#8220;MEDITE!!!&#8221;<\/p>\n<p style=\"text-align: justify;\">E eu acrescento: o que nos falta \u00e9 EDUCA\u00c7\u00c3O!<\/p>\n<p style=\"text-align: center;\">[<a href=\"javascript:history.go(-1)\">Voltar<\/a>]<\/p>\n","protected":false},"excerpt":{"rendered":"<p>&#8220;Precisa-se de Mat\u00e9ria Prima para construir um Pa\u00eds&#8221;<\/p>\n","protected":false},"author":1,"featured_media":0,"comment_status":"open","ping_status":"open","sticky":false,"template":"","format":"standard","meta":{"footnotes":""},"categories":[27],"tags":[],"class_list":["post-19817","post","type-post","status-publish","format-standard","hentry","category-noticias"],"_links":{"self":[{"href":"https:\/\/antonini.psc.br\/index.php?rest_route=\/wp\/v2\/posts\/19817","targetHints":{"allow":["GET"]}}],"collection":[{"href":"https:\/\/antonini.psc.br\/index.php?rest_route=\/wp\/v2\/posts"}],"about":[{"href":"https:\/\/antonini.psc.br\/index.php?rest_route=\/wp\/v2\/types\/post"}],"author":[{"embeddable":true,"href":"https:\/\/antonini.psc.br\/index.php?rest_route=\/wp\/v2\/users\/1"}],"replies":[{"embeddable":true,"href":"https:\/\/antonini.psc.br\/index.php?rest_route=%2Fwp%2Fv2%2Fcomments&post=19817"}],"version-history":[{"count":1,"href":"https:\/\/antonini.psc.br\/index.php?rest_route=\/wp\/v2\/posts\/19817\/revisions"}],"predecessor-version":[{"id":30169,"href":"https:\/\/antonini.psc.br\/index.php?rest_route=\/wp\/v2\/posts\/19817\/revisions\/30169"}],"wp:attachment":[{"href":"https:\/\/antonini.psc.br\/index.php?rest_route=%2Fwp%2Fv2%2Fmedia&parent=19817"}],"wp:term":[{"taxonomy":"category","embeddable":true,"href":"https:\/\/antonini.psc.br\/index.php?rest_route=%2Fwp%2Fv2%2Fcategories&post=19817"},{"taxonomy":"post_tag","embeddable":true,"href":"https:\/\/antonini.psc.br\/index.php?rest_route=%2Fwp%2Fv2%2Ftags&post=19817"}],"curies":[{"name":"wp","href":"https:\/\/api.w.org\/{rel}","templated":true}]}}