{"id":19820,"date":"2013-10-18T04:05:42","date_gmt":"2013-10-18T04:05:42","guid":{"rendered":"http:\/\/antonini.med.br\/blog\/?p=19820"},"modified":"2022-02-15T02:40:11","modified_gmt":"2022-02-15T02:40:11","slug":"presidente-orienta-governo-a-defender-lula-apos-novas-denuncias","status":"publish","type":"post","link":"https:\/\/antonini.psc.br\/?p=19820","title":{"rendered":"Presidente orienta governo a defender Lula ap\u00f3s novas den\u00fancias"},"content":{"rendered":"<p style=\"text-align: justify;\">Ap\u00f3s novas den\u00fancias do empres\u00e1rio Marcos Val\u00e9rio sobre o mensal\u00e3o, a orienta\u00e7\u00e3o da presidente Dilma Rousseff \u00e9 para que o governo federal defenda o ex-presidente Luiz In\u00e1cio Lula da Silva com veem\u00eancia.<!--more--><\/p>\n<p style=\"text-align: justify;\">No Pal\u00e1cio do Planalto, Dilma coordenou uma opera\u00e7\u00e3o de defesa que envolve de ministros a governadores aliados. Ela inclusive telefonou para o governador Jaques Wagner (PT-BA) e pediu que ele conversasse com colegas de outros Estados.<\/p>\n<ul>\n<li style=\"text-align: justify;\"><a href=\"http:\/\/www1.folha.uol.com.br\/poder\/1199589-lula-diz-que-depoimento-de-marcos-valerio-e-mentira.shtml\" target=\"_blank\" rel=\"noopener\">Lula diz que depoimento de Marcos Val\u00e9rio \u00e9 &#8216;mentira&#8217;<\/a><\/li>\n<li style=\"text-align: justify;\"><a href=\"http:\/\/www1.folha.uol.com.br\/poder\/1199481-joaquim-barbosa-defende-que-ministerio-publico-investigue-lula.shtm\" target=\"_blank\" rel=\"noopener\">Joaquim Barbosa defende que Minist\u00e9rio P\u00fablico investigue Lula<\/a><\/li>\n<li style=\"text-align: justify;\"><a href=\"http:\/\/www1.folha.uol.com.br\/poder\/1199520-psdb-decide-pedir-convocacao-de-marcos-valerio-em-comissao-no-senado.shtml\" target=\"_blank\" rel=\"noopener\">PSDB decide pedir convoca\u00e7\u00e3o de Marcos Val\u00e9rio em comiss\u00e3o no Senado<\/a><\/li>\n<li style=\"text-align: justify;\"><a href=\"http:\/\/www1.folha.uol.com.br\/poder\/1199349-valerio-diz-que-pagou-despesas-pessoais-de-lula-segundo-jornal.shtml\" target=\"_blank\" rel=\"noopener\">Val\u00e9rio diz que pagou despesas pessoais de Lula, segundo jornal <\/a><\/li>\n<\/ul>\n<div class=\"imgwrapper\" style=\"width: 300px; float: left; margin: 0px 5px 5px 0px; text-align: justify;\"><img decoding=\"async\" class=\" wp-image-814 aligncenter\" style=\"cursor: pointer; float: left;\" onclick=\"window.open('http:\/\/antonini.med.br\/blog\/wp-content\/uploads\/2013\/08\/12346483.jpeg', 'pop', 'toolbar=0, location=0, directories=0, status=0, menubar=0, scrollbars=0, copyhistory=0, resizable=1, width=570, height=465, left=0, top=0'); if((navigator.appName=='Microsoft Internet Explorer' &amp;&amp; navigator.appVersion.substring(0,3)=='4.0')==false) pop.focus();\" alt=\"Dilma e Lula em evento em Paris nesta ter\u00e7a-feira \" src=\"http:\/\/antonini.med.br\/blog\/wp-content\/uploads\/2013\/08\/12346483.jpeg\" width=\"300\" \/>Dilma e Lula em evento em Paris nesta ter\u00e7a-feira<\/div>\n<p style=\"text-align: justify;\">Segundo reportagem de &#8220;O Estado de S. Paulo&#8221;, Val\u00e9rio disse, em depoimento dado em setembro, que foi respons\u00e1vel por pagar despesas pessoais do ex-presidente em 2003, por meio de dep\u00f3sitos na conta de uma empresa de Freud Godoy, ex-assessor particular de Lula. O empres\u00e1rio tamb\u00e9m afirmou que Lula deu aval, pessoalmente, aos empr\u00e9stimos usados para abastecer o esquema do mensal\u00e3o.<\/p>\n<p style=\"text-align: justify;\">Em Paris, a presidente falou sobre o assunto com Lula antes de fazer uma defesa p\u00fablica de seu mentor. O recado presidencial, segundo assessores, foi mostrar que ela n\u00e3o perde a confian\u00e7a em seu antecessor e jamais ir\u00e1 romper com ele.<\/p>\n<p style=\"text-align: justify;\">Al\u00e9m disso, parlamentares da base aliada foram orientados por Dilma a sair a campo.<\/p>\n<p style=\"text-align: justify;\">Jos\u00e9 Sarney (PMDB-AP) defendeu de maneira contundente o ex-presidente: &#8220;\u00c9 uma profunda inverdade. A pessoa que disse n\u00e3o tem autoridade para falar mal do presidente Lula, que \u00e9 um patrim\u00f4nio da hist\u00f3ria deste pa\u00eds&#8221;.<\/p>\n<p style=\"text-align: justify;\">Marco Maia, petista presidente da C\u00e2mara, disse que a fala de Marcos Val\u00e9rio n\u00e3o merece cr\u00e9dito.<\/p>\n<p style=\"text-align: justify;\">\u00c9 essa a orienta\u00e7\u00e3o do PT em rela\u00e7\u00e3o ao publicit\u00e1rio: desqualificar suas declara\u00e7\u00f5es, destacando que fazem parte de um &#8220;ato de desespero&#8221; de algu\u00e9m que acabou de ser condenado a mais de 40 anos de pris\u00e3o.<\/p>\n<p style=\"text-align: justify;\"><strong>LULA<\/strong><\/p>\n<p style=\"text-align: justify;\">Tamb\u00e9m em Paris, onde participa de encontro com o presidente franc\u00eas Fran\u00e7ois Hollande, Lula classificou como mentirosas as afirma\u00e7\u00f5es do empres\u00e1rio Marcos Val\u00e9rio \u00e0 Procuradoria-Geral da Rep\u00fablica.<\/p>\n<p style=\"text-align: justify;\">&#8220;Isso \u00e9 mentira&#8221;, disse Lula na sa\u00edda do primeiro dia de semin\u00e1rio organizado por seu instituto e a Fondation Jean-Jaur\u00e8s, ligada ao Partido Socialista franc\u00eas, em Paris.<\/p>\n<p style=\"text-align: justify;\"><a href=\"http:\/\/www1.folha.uol.com.br\/poder\/1199788-presidente-orienta-governo-a-defender-lula-apos-novas-denuncias.shtml\" target=\"_blank\" rel=\"noopener\">http:\/\/www1.folha.uol.com.br\/poder\/1199788-presidente-orienta-governo-a-defender-lula-apos-novas-denuncias.shtml<\/a><\/p>\n<p style=\"text-align: center;\">[<a href=\"javascript:history.go(-1)\">Voltar<\/a>]<\/p>\n","protected":false},"excerpt":{"rendered":"<p>Ap\u00f3s novas den\u00fancias do empres\u00e1rio Marcos Val\u00e9rio sobre o mensal\u00e3o, a orienta\u00e7\u00e3o da presidente Dilma Rousseff \u00e9 para que o governo federal defenda o ex-presidente Luiz In\u00e1cio Lula da Silva com veem\u00eancia.<\/p>\n","protected":false},"author":1,"featured_media":0,"comment_status":"open","ping_status":"open","sticky":false,"template":"","format":"standard","meta":{"footnotes":""},"categories":[27],"tags":[],"class_list":["post-19820","post","type-post","status-publish","format-standard","hentry","category-noticias"],"_links":{"self":[{"href":"https:\/\/antonini.psc.br\/index.php?rest_route=\/wp\/v2\/posts\/19820","targetHints":{"allow":["GET"]}}],"collection":[{"href":"https:\/\/antonini.psc.br\/index.php?rest_route=\/wp\/v2\/posts"}],"about":[{"href":"https:\/\/antonini.psc.br\/index.php?rest_route=\/wp\/v2\/types\/post"}],"author":[{"embeddable":true,"href":"https:\/\/antonini.psc.br\/index.php?rest_route=\/wp\/v2\/users\/1"}],"replies":[{"embeddable":true,"href":"https:\/\/antonini.psc.br\/index.php?rest_route=%2Fwp%2Fv2%2Fcomments&post=19820"}],"version-history":[{"count":1,"href":"https:\/\/antonini.psc.br\/index.php?rest_route=\/wp\/v2\/posts\/19820\/revisions"}],"predecessor-version":[{"id":30168,"href":"https:\/\/antonini.psc.br\/index.php?rest_route=\/wp\/v2\/posts\/19820\/revisions\/30168"}],"wp:attachment":[{"href":"https:\/\/antonini.psc.br\/index.php?rest_route=%2Fwp%2Fv2%2Fmedia&parent=19820"}],"wp:term":[{"taxonomy":"category","embeddable":true,"href":"https:\/\/antonini.psc.br\/index.php?rest_route=%2Fwp%2Fv2%2Fcategories&post=19820"},{"taxonomy":"post_tag","embeddable":true,"href":"https:\/\/antonini.psc.br\/index.php?rest_route=%2Fwp%2Fv2%2Ftags&post=19820"}],"curies":[{"name":"wp","href":"https:\/\/api.w.org\/{rel}","templated":true}]}}